{"id":41621,"date":"2024-04-24T16:16:47","date_gmt":"2024-04-24T19:16:47","guid":{"rendered":"https:\/\/radiorevelacionfm.cl\/?p=41621"},"modified":"2024-04-24T16:16:47","modified_gmt":"2024-04-24T19:16:47","slug":"36-jovenes-lograron-potenciar-sus-emprendimientos-con-el-apoyo-del-fosis","status":"publish","type":"post","link":"https:\/\/radiorevelacionfm.cl\/?p=41621","title":{"rendered":"36 j\u00f3venes lograron potenciar sus emprendimientos con el apoyo del FOSIS"},"content":{"rendered":"<div class=\"flex_column av_one_full  flex_column_div av-zero-column-padding first  avia-builder-el-0  el_before_av_one_full  avia-builder-el-first  \" style='border-radius:0px; '><div  class='avia-image-container  av-styling-    avia-builder-el-1  avia-builder-el-no-sibling  avia-align-center '  itemprop=\"image\" itemscope=\"itemscope\" itemtype=\"https:\/\/schema.org\/ImageObject\"  ><div class='avia-image-container-inner'><div class='avia-image-overlay-wrap'><img decoding=\"async\" class='wp-image-41622 avia-img-lazy-loading-not-41622 avia_image' src=\"https:\/\/radiorevelacionfm.cl\/wp-content\/uploads\/2024\/04\/Emprendamos-Coyhaique-1-1.jpeg\" alt='' title='Emprendamos Coyhaique (1) (1)' height=\"600\" width=\"1067\"  itemprop=\"thumbnailUrl\" srcset=\"https:\/\/radiorevelacionfm.cl\/wp-content\/uploads\/2024\/04\/Emprendamos-Coyhaique-1-1.jpeg 1067w, https:\/\/radiorevelacionfm.cl\/wp-content\/uploads\/2024\/04\/Emprendamos-Coyhaique-1-1-300x169.jpeg 300w, https:\/\/radiorevelacionfm.cl\/wp-content\/uploads\/2024\/04\/Emprendamos-Coyhaique-1-1-1030x579.jpeg 1030w, https:\/\/radiorevelacionfm.cl\/wp-content\/uploads\/2024\/04\/Emprendamos-Coyhaique-1-1-768x432.jpeg 768w, https:\/\/radiorevelacionfm.cl\/wp-content\/uploads\/2024\/04\/Emprendamos-Coyhaique-1-1-705x396.jpeg 705w, https:\/\/radiorevelacionfm.cl\/wp-content\/uploads\/2024\/04\/Emprendamos-Coyhaique-1-1-450x253.jpeg 450w, https:\/\/radiorevelacionfm.cl\/wp-content\/uploads\/2024\/04\/Emprendamos-Coyhaique-1-1-600x337.jpeg 600w\" sizes=\"(max-width: 1067px) 100vw, 1067px\" \/><\/div><\/div><\/div><\/div><div class=\"flex_column av_one_full  flex_column_div av-zero-column-padding first  avia-builder-el-2  el_after_av_one_full  el_before_av_one_full  column-top-margin\" style='border-radius:0px; '><section class=\"av_textblock_section \"  itemscope=\"itemscope\" itemtype=\"https:\/\/schema.org\/BlogPosting\" itemprop=\"blogPost\" ><div class='avia_textblock  '   itemprop=\"text\" ><p style=\"text-align: center;\"><span style=\"font-size: 18pt;\"><strong>36 j\u00f3venes lograron potenciar sus emprendimientos con el apoyo del FOSIS<\/strong><\/span><\/p>\n<div id=\"gtx-trans\" style=\"position: absolute; left: -50px; top: 4.31534px;\">\n<div class=\"gtx-trans-icon\"><\/div>\n<\/div>\n<\/div><\/section><\/div><div class=\"flex_column av_one_full  flex_column_div av-zero-column-padding first  avia-builder-el-4  el_after_av_one_full  el_before_av_hr  column-top-margin\" style='border-radius:0px; '><section class=\"av_textblock_section \"  itemscope=\"itemscope\" itemtype=\"https:\/\/schema.org\/BlogPosting\" itemprop=\"blogPost\" ><div class='avia_textblock  '   itemprop=\"text\" ><p style=\"text-align: justify;\"><em>Los programas Emprendamos entregaron capacitaci\u00f3n, asesor\u00eda y financiamiento para adquirir insumos, equipamiento y herramientas para iniciar y fortalecer negocios a j\u00f3venes de las comunas de Coyhaique y Ays\u00e9n.<\/em><\/p>\n<p style=\"text-align: justify;\">Los usuarios y usuarias participantes de los programas Emprendamos Semilla y Emprendamos B\u00e1sico, ejecutados en las comunas de Coyhaique y Ays\u00e9n, recibieron sus certificados de mano de autoridades regionales que compartieron en esta instancia de cierre de las distintas etapas comprendidas por el programa financiado por el Fondo de Solidaridad e Inversi\u00f3n Social, FOSIS.<\/p>\n<p style=\"text-align: justify;\">Fueron 16 j\u00f3venes de la comuna de Ays\u00e9n los que participaron del programa Emprendamos Semilla Piloto y 20 j\u00f3venes de la comuna de Coyhaique, quienes recibieron capacitaci\u00f3n, asesor\u00eda y el financiamiento de un plan de negocios para adquirir equipamiento, herramientas o insumos que les permitan fortalecer y optimizar el funcionamiento de sus actividades productivas.<\/p>\n<p style=\"text-align: justify;\">La emprendedora Camila C\u00e1rcamo de <em>Velutti Coyhaique<\/em>, asegur\u00f3 que \u201cel trabajo en equipo me sirvi\u00f3 bastante, empezamos a hacer conexiones entre los mismos emprendedores, aprend\u00ed un poco m\u00e1s de publicidad y ahora hago publicaciones todos los d\u00edas para ir avanzando con las ventas, para contar que entrego en Coyhaique y que env\u00edo a localidades. El financiamiento me ayud\u00f3 un mont\u00f3n porque pude arreglar un espacio que tengo, llenarlo con m\u00e1s productos y poder invitar a la gente que ahora puede ir a verlos de manera presencial a la casa\u201d.<\/p>\n<p style=\"text-align: justify;\">Manuel Campos tiene su emprendimiento <em>El Gato Geoffroy<\/em> de venta e importaci\u00f3n de caf\u00e9 de especialidad en Puerto Ays\u00e9n. \u201cDesde un principio fueron bien integrativos los talleres, las personas a cargo de nuestra ense\u00f1anza de base fueron claras con la informaci\u00f3n a entregar. Nos proporcionaron distintos tipos de herramientas y conocimientos, profundizando m\u00e1s all\u00e1 de los contenidos principales, resolviendo dudas y desarrollando todo tipo de material para la difusi\u00f3n de nuestros negocios\u201d.<\/p>\n<p style=\"text-align: justify;\">La Directora Regional del FOSIS en Ays\u00e9n, Fernanda Leiva destac\u00f3 que \u201cfinalizamos el proceso que estos j\u00f3venes realizaron, durante ocho meses, para poder entregarles su certificado y dar cierre al proceso del programa Emprendamos. Estamos contentos porque vimos que se form\u00f3 un grupo de gran compa\u00f1erismo y solidaridad, se potenciaron y apoyaron entre ellos y ellas para seguir creciendo. Vamos a seguir trabajando y buscando espacios para que nuestras juventudes puedan mostrar sus trabajos y talentos, puedan seguir potenciando sus negocios para mejorar su calidad de vida, seguir creciendo y poder estar mejor ellos, ellas y sus familias\u201d.<\/p>\n<p style=\"text-align: justify;\">Karina Acevedo, Seremi de Desarrollo Social y Familia, recalc\u00f3 que \u201ceste es un programa permiti\u00f3 trabajar con un grupo etario distinto, desde 18 a 29 a\u00f1os. Un grupo de juventudes entusiastas, que han aprovechado este proceso de emprendimiento para captar conocimiento, motivaci\u00f3n en lo que est\u00e1n haciendo y adem\u00e1s de eso, tener un capital inicial para poder emprender. Con este programa damos cumplimiento a lo que el Presidente nos ha pedido, poder apoyar a los diferente grupos etarios con programas, capacitaciones y entregarles las herramientas para que puedan emprender\u201d.<\/p>\n<p style=\"text-align: justify;\">Los programas Emprendamos y Emprendamos Semilla son parte de la l\u00ednea de Generaci\u00f3n de Ingresos de la oferta program\u00e1tica regular del FOSIS y buscan entregar autonom\u00eda econ\u00f3mica a sus usuarios y usuarias, a trav\u00e9s de un negocios o trabajo independiente, para aumentar su generaci\u00f3n de ingresos y hacerla estable en el tiempo.<\/p>\n<\/div><\/section><\/div><div  style='height:50px' class='hr hr-invisible   avia-builder-el-6  el_after_av_one_full  el_before_av_social_share '><span class='hr-inner ' ><span class='hr-inner-style'><\/span><\/span><\/div><\/p>\n<div  class='av-social-sharing-box  avia-builder-el-7  el_after_av_hr  el_before_av_hr  '><div class='av-share-box'><h5 class='av-share-link-description av-no-toc '>Compartir esta noticia<\/h5><ul class='av-share-box-list noLightbox'><li class='av-share-link av-social-link-facebook' ><a target=\"_blank\" aria-label=\"Compartir en Facebook\" href='https:\/\/www.facebook.com\/sharer.php?u=https:\/\/radiorevelacionfm.cl\/?p=41621&#038;t=36%20j%C3%B3venes%20lograron%20potenciar%20sus%20emprendimientos%20con%20el%20apoyo%20del%20FOSIS' aria-hidden='false' data-av_icon='\ue8f3' data-av_iconfont='entypo-fontello' title='' data-avia-related-tooltip='Compartir en Facebook' rel=\"noopener\"><span class='avia_hidden_link_text'>Compartir en Facebook<\/span><\/a><\/li><li class='av-share-link av-social-link-twitter' ><a target=\"_blank\" aria-label=\"Compartir en Twitter\" href='https:\/\/twitter.com\/share?text=36%20j%C3%B3venes%20lograron%20potenciar%20sus%20emprendimientos%20con%20el%20apoyo%20del%20FOSIS&#038;url=https:\/\/radiorevelacionfm.cl\/?p=41621' aria-hidden='false' data-av_icon='\ue8f1' data-av_iconfont='entypo-fontello' title='' data-avia-related-tooltip='Compartir en Twitter' rel=\"noopener\"><span class='avia_hidden_link_text'>Compartir en Twitter<\/span><\/a><\/li><li class='av-share-link av-social-link-whatsapp' ><a target=\"_blank\" aria-label=\"Compartir en Whatsapp\" href='https:\/\/api.whatsapp.com\/send?text=https:\/\/radiorevelacionfm.cl\/?p=41621' aria-hidden='false' data-av_icon='\uf232' data-av_iconfont='entypo-fontello' title='' data-avia-related-tooltip='Compartir en Whatsapp' rel=\"noopener\"><span class='avia_hidden_link_text'>Compartir en Whatsapp<\/span><\/a><\/li><li class='av-share-link av-social-link-linkedin' ><a target=\"_blank\" aria-label=\"Compartir en LinkedIn\" href='https:\/\/linkedin.com\/shareArticle?mini=true&#038;title=36%20j%C3%B3venes%20lograron%20potenciar%20sus%20emprendimientos%20con%20el%20apoyo%20del%20FOSIS&#038;url=https:\/\/radiorevelacionfm.cl\/?p=41621' aria-hidden='false' data-av_icon='\ue8fc' data-av_iconfont='entypo-fontello' title='' data-avia-related-tooltip='Compartir en LinkedIn' rel=\"noopener\"><span class='avia_hidden_link_text'>Compartir en LinkedIn<\/span><\/a><\/li><li class='av-share-link av-social-link-mail' ><a  aria-label=\"Compartir por correo\" href='mailto:?subject=36%20j%C3%B3venes%20lograron%20potenciar%20sus%20emprendimientos%20con%20el%20apoyo%20del%20FOSIS&#038;body=https:\/\/radiorevelacionfm.cl\/?p=41621' aria-hidden='false' data-av_icon='\ue805' data-av_iconfont='entypo-fontello' title='' data-avia-related-tooltip='Compartir por correo'><span class='avia_hidden_link_text'>Compartir por correo<\/span><\/a><\/li><\/ul><\/div><\/div>\n<div  style='height:50px' class='hr hr-invisible   avia-builder-el-8  el_after_av_social_share  el_before_av_comments_list '><span class='hr-inner ' ><span class='hr-inner-style'><\/span><\/span><\/div>\n<div  class='av-buildercomment  av-blog-meta-html-info-disabled av-blog-meta-tag-disabled  '><\/div>\n","protected":false},"excerpt":{"rendered":"","protected":false},"author":1,"featured_media":41622,"comment_status":"open","ping_status":"open","sticky":false,"template":"","format":"standard","meta":{"footnotes":""},"categories":[38],"tags":[],"class_list":["post-41621","post","type-post","status-publish","format-standard","has-post-thumbnail","hentry","category-regional"],"jetpack_featured_media_url":"https:\/\/radiorevelacionfm.cl\/wp-content\/uploads\/2024\/04\/Emprendamos-Coyhaique-1-1.jpeg","_links":{"self":[{"href":"https:\/\/radiorevelacionfm.cl\/index.php?rest_route=\/wp\/v2\/posts\/41621","targetHints":{"allow":["GET"]}}],"collection":[{"href":"https:\/\/radiorevelacionfm.cl\/index.php?rest_route=\/wp\/v2\/posts"}],"about":[{"href":"https:\/\/radiorevelacionfm.cl\/index.php?rest_route=\/wp\/v2\/types\/post"}],"author":[{"embeddable":true,"href":"https:\/\/radiorevelacionfm.cl\/index.php?rest_route=\/wp\/v2\/users\/1"}],"replies":[{"embeddable":true,"href":"https:\/\/radiorevelacionfm.cl\/index.php?rest_route=%2Fwp%2Fv2%2Fcomments&post=41621"}],"version-history":[{"count":1,"href":"https:\/\/radiorevelacionfm.cl\/index.php?rest_route=\/wp\/v2\/posts\/41621\/revisions"}],"predecessor-version":[{"id":41623,"href":"https:\/\/radiorevelacionfm.cl\/index.php?rest_route=\/wp\/v2\/posts\/41621\/revisions\/41623"}],"wp:featuredmedia":[{"embeddable":true,"href":"https:\/\/radiorevelacionfm.cl\/index.php?rest_route=\/wp\/v2\/media\/41622"}],"wp:attachment":[{"href":"https:\/\/radiorevelacionfm.cl\/index.php?rest_route=%2Fwp%2Fv2%2Fmedia&parent=41621"}],"wp:term":[{"taxonomy":"category","embeddable":true,"href":"https:\/\/radiorevelacionfm.cl\/index.php?rest_route=%2Fwp%2Fv2%2Fcategories&post=41621"},{"taxonomy":"post_tag","embeddable":true,"href":"https:\/\/radiorevelacionfm.cl\/index.php?rest_route=%2Fwp%2Fv2%2Ftags&post=41621"}],"curies":[{"name":"wp","href":"https:\/\/api.w.org\/{rel}","templated":true}]}}