{"id":41616,"date":"2024-04-24T15:43:35","date_gmt":"2024-04-24T18:43:35","guid":{"rendered":"https:\/\/radiorevelacionfm.cl\/?p=41616"},"modified":"2024-04-24T15:43:35","modified_gmt":"2024-04-24T18:43:35","slug":"dirigentes-del-complejo-habitacional-amuyen-plantean-a-la-autoridad-comunal-necesidades-del-sector","status":"publish","type":"post","link":"https:\/\/radiorevelacionfm.cl\/?p=41616","title":{"rendered":"Dirigentes del complejo habitacional \u201cAmuyen\u201d plantean a la autoridad comunal necesidades del sector"},"content":{"rendered":"<div class=\"flex_column av_one_full  flex_column_div av-zero-column-padding first  avia-builder-el-0  el_before_av_one_full  avia-builder-el-first  \" style='border-radius:0px; '><div  class='avia-image-container  av-styling-    avia-builder-el-1  avia-builder-el-no-sibling  avia-align-center '  itemprop=\"image\" itemscope=\"itemscope\" itemtype=\"https:\/\/schema.org\/ImageObject\"  ><div class='avia-image-container-inner'><div class='avia-image-overlay-wrap'><img decoding=\"async\" class='wp-image-41619 avia-img-lazy-loading-not-41619 avia_image' src=\"https:\/\/radiorevelacionfm.cl\/wp-content\/uploads\/2024\/04\/AMUYEN3-1-1-1.jpg\" alt='' title='AMUYEN3 (1) (1) (1)' height=\"600\" width=\"1215\"  itemprop=\"thumbnailUrl\" srcset=\"https:\/\/radiorevelacionfm.cl\/wp-content\/uploads\/2024\/04\/AMUYEN3-1-1-1.jpg 1215w, https:\/\/radiorevelacionfm.cl\/wp-content\/uploads\/2024\/04\/AMUYEN3-1-1-1-300x148.jpg 300w, https:\/\/radiorevelacionfm.cl\/wp-content\/uploads\/2024\/04\/AMUYEN3-1-1-1-1030x509.jpg 1030w, https:\/\/radiorevelacionfm.cl\/wp-content\/uploads\/2024\/04\/AMUYEN3-1-1-1-768x379.jpg 768w, https:\/\/radiorevelacionfm.cl\/wp-content\/uploads\/2024\/04\/AMUYEN3-1-1-1-705x348.jpg 705w, https:\/\/radiorevelacionfm.cl\/wp-content\/uploads\/2024\/04\/AMUYEN3-1-1-1-450x222.jpg 450w, https:\/\/radiorevelacionfm.cl\/wp-content\/uploads\/2024\/04\/AMUYEN3-1-1-1-600x296.jpg 600w\" sizes=\"(max-width: 1215px) 100vw, 1215px\" \/><\/div><\/div><\/div><\/div><div class=\"flex_column av_one_full  flex_column_div av-zero-column-padding first  avia-builder-el-2  el_after_av_one_full  el_before_av_one_full  column-top-margin\" style='border-radius:0px; '><section class=\"av_textblock_section \"  itemscope=\"itemscope\" itemtype=\"https:\/\/schema.org\/BlogPosting\" itemprop=\"blogPost\" ><div class='avia_textblock  '   itemprop=\"text\" ><p style=\"text-align: center;\"><strong><span style=\"font-size: 18pt;\">Dirigentes del complejo habitacional \u201cAmuyen\u201d plantean a la autoridad comunal necesidades del sector<\/span><\/strong><\/p>\n<div id=\"gtx-trans\" style=\"position: absolute; left: -50px; top: 4.31534px;\">\n<div class=\"gtx-trans-icon\"><\/div>\n<\/div>\n<\/div><\/section><\/div><div class=\"flex_column av_one_full  flex_column_div av-zero-column-padding first  avia-builder-el-4  el_after_av_one_full  el_before_av_hr  column-top-margin\" style='border-radius:0px; '><section class=\"av_textblock_section \"  itemscope=\"itemscope\" itemtype=\"https:\/\/schema.org\/BlogPosting\" itemprop=\"blogPost\" ><div class='avia_textblock  '   itemprop=\"text\" ><p style=\"text-align: justify;\">En una reuni\u00f3n sostenido en terreno, dirigentes de los comit\u00e9s \u201cAmuyen\u201d 1 y 2, manifestaron al alcalde de la comuna de Ays\u00e9n, Julio Uribe, sus principales necesidades, con el fin de seguir avanzar como nuevo complejo habitacional.<\/p>\n<p style=\"text-align: justify;\">Entre los requerimientos m\u00e1s urgentes est\u00e1 la posibilidad de construir, por ahora, un paradero provisorio, que permita a los estudiantes y trabajadores, poder guarecerse de la lluvia y el viento, mientras esperan locomoci\u00f3n durante las ma\u00f1anas.<\/p>\n<p style=\"text-align: justify;\">\u201cLo m\u00e1s importante ahora es un paradero, es el requerimiento que tenemos para antes del invierno. Tenemos mucha gente adulta mayor, hay muchos ni\u00f1os en la poblaci\u00f3n, entonces, se nos viene el invierno y antes de eso queremos contar con un paradero, ya sea, para los ni\u00f1os que en la ma\u00f1ana esperan el bus, como la misma gente que va a trabajar. Se va a construir un paradero provisorio, pero va a ser bueno, por lo menos para que la gente espere bajo el agua. Una vez que ya estemos conformados de manera definitiva, viene el paradero que tendr\u00eda otras caracter\u00edsticas y de mejor envergadura\u201d, se\u00f1al\u00f3 el vocero del sector \u201cAmuyen\u201d, Roberto Quelin.<\/p>\n<p style=\"text-align: justify;\">En tanto, el alcalde Julio Uribe, valor\u00f3 la instancia de dialogo con los dirigentes e inform\u00f3 que junto al equipo t\u00e9cnico del Municipio se trabajar\u00e1 para abordar los requerimientos.<\/p>\n<p style=\"text-align: justify;\">\u201cAs\u00ed es que, vamos a trabajar con ellos para poder hacer un paradero, para los ni\u00f1os que esperan en bus en la ma\u00f1ana, como tambi\u00e9n, vamos a poder mejorar sus \u00e1reas verdes, queremos poner alguna cancha. Entonces, este es un trabajo que estamos haciendo con ellos, se han preocupado de solicitar progreso para su barrio, por lo tanto, vamos a trabajar con ellos, con nuestra secretaria comunal de planificaci\u00f3n, con nuestra direcci\u00f3n de aseo ornato y medio ambiente, para poder dar mejor infraestructura a este maravilloso conjunto habitacional\u201d.<\/p>\n<p style=\"text-align: justify;\">Proyectos deportivos, paseos p\u00fablicos, paraderos, son iniciativas que la Municipalidad de Ays\u00e9n pretende trabajar de la mano con los dirigentes del sector Amuyen, como as\u00ed tambi\u00e9n, con otros puntos y organizaciones de la comuna.<\/p>\n<\/div><\/section><\/div><div  style='height:50px' class='hr hr-invisible   avia-builder-el-6  el_after_av_one_full  el_before_av_social_share '><span class='hr-inner ' ><span class='hr-inner-style'><\/span><\/span><\/div><\/p>\n<div  class='av-social-sharing-box  avia-builder-el-7  el_after_av_hr  el_before_av_hr  '><div class='av-share-box'><h5 class='av-share-link-description av-no-toc '>Compartir esta noticia<\/h5><ul class='av-share-box-list noLightbox'><li class='av-share-link av-social-link-facebook' ><a target=\"_blank\" aria-label=\"Compartir en Facebook\" href='https:\/\/www.facebook.com\/sharer.php?u=https:\/\/radiorevelacionfm.cl\/?p=41616&#038;t=Dirigentes%20del%20complejo%20habitacional%20%E2%80%9CAmuyen%E2%80%9D%20plantean%20a%20la%20autoridad%20comunal%20necesidades%20del%20sector' aria-hidden='false' data-av_icon='\ue8f3' data-av_iconfont='entypo-fontello' title='' data-avia-related-tooltip='Compartir en Facebook' rel=\"noopener\"><span class='avia_hidden_link_text'>Compartir en Facebook<\/span><\/a><\/li><li class='av-share-link av-social-link-twitter' ><a target=\"_blank\" aria-label=\"Compartir en Twitter\" href='https:\/\/twitter.com\/share?text=Dirigentes%20del%20complejo%20habitacional%20%E2%80%9CAmuyen%E2%80%9D%20plantean%20a%20la%20autoridad%20comunal%20necesidades%20del%20sector&#038;url=https:\/\/radiorevelacionfm.cl\/?p=41616' aria-hidden='false' data-av_icon='\ue8f1' data-av_iconfont='entypo-fontello' title='' data-avia-related-tooltip='Compartir en Twitter' rel=\"noopener\"><span class='avia_hidden_link_text'>Compartir en Twitter<\/span><\/a><\/li><li class='av-share-link av-social-link-whatsapp' ><a target=\"_blank\" aria-label=\"Compartir en Whatsapp\" href='https:\/\/api.whatsapp.com\/send?text=https:\/\/radiorevelacionfm.cl\/?p=41616' aria-hidden='false' data-av_icon='\uf232' data-av_iconfont='entypo-fontello' title='' data-avia-related-tooltip='Compartir en Whatsapp' rel=\"noopener\"><span class='avia_hidden_link_text'>Compartir en Whatsapp<\/span><\/a><\/li><li class='av-share-link av-social-link-linkedin' ><a target=\"_blank\" aria-label=\"Compartir en LinkedIn\" href='https:\/\/linkedin.com\/shareArticle?mini=true&#038;title=Dirigentes%20del%20complejo%20habitacional%20%E2%80%9CAmuyen%E2%80%9D%20plantean%20a%20la%20autoridad%20comunal%20necesidades%20del%20sector&#038;url=https:\/\/radiorevelacionfm.cl\/?p=41616' aria-hidden='false' data-av_icon='\ue8fc' data-av_iconfont='entypo-fontello' title='' data-avia-related-tooltip='Compartir en LinkedIn' rel=\"noopener\"><span class='avia_hidden_link_text'>Compartir en LinkedIn<\/span><\/a><\/li><li class='av-share-link av-social-link-mail' ><a  aria-label=\"Compartir por correo\" href='mailto:?subject=Dirigentes%20del%20complejo%20habitacional%20%E2%80%9CAmuyen%E2%80%9D%20plantean%20a%20la%20autoridad%20comunal%20necesidades%20del%20sector&#038;body=https:\/\/radiorevelacionfm.cl\/?p=41616' aria-hidden='false' data-av_icon='\ue805' data-av_iconfont='entypo-fontello' title='' data-avia-related-tooltip='Compartir por correo'><span class='avia_hidden_link_text'>Compartir por correo<\/span><\/a><\/li><\/ul><\/div><\/div>\n<div  style='height:50px' class='hr hr-invisible   avia-builder-el-8  el_after_av_social_share  el_before_av_comments_list '><span class='hr-inner ' ><span class='hr-inner-style'><\/span><\/span><\/div>\n<div  class='av-buildercomment  av-blog-meta-html-info-disabled av-blog-meta-tag-disabled  '><\/div>\n","protected":false},"excerpt":{"rendered":"","protected":false},"author":1,"featured_media":41619,"comment_status":"open","ping_status":"open","sticky":false,"template":"","format":"standard","meta":{"footnotes":""},"categories":[38],"tags":[],"class_list":["post-41616","post","type-post","status-publish","format-standard","has-post-thumbnail","hentry","category-regional"],"jetpack_featured_media_url":"https:\/\/radiorevelacionfm.cl\/wp-content\/uploads\/2024\/04\/AMUYEN3-1-1-1.jpg","_links":{"self":[{"href":"https:\/\/radiorevelacionfm.cl\/index.php?rest_route=\/wp\/v2\/posts\/41616","targetHints":{"allow":["GET"]}}],"collection":[{"href":"https:\/\/radiorevelacionfm.cl\/index.php?rest_route=\/wp\/v2\/posts"}],"about":[{"href":"https:\/\/radiorevelacionfm.cl\/index.php?rest_route=\/wp\/v2\/types\/post"}],"author":[{"embeddable":true,"href":"https:\/\/radiorevelacionfm.cl\/index.php?rest_route=\/wp\/v2\/users\/1"}],"replies":[{"embeddable":true,"href":"https:\/\/radiorevelacionfm.cl\/index.php?rest_route=%2Fwp%2Fv2%2Fcomments&post=41616"}],"version-history":[{"count":1,"href":"https:\/\/radiorevelacionfm.cl\/index.php?rest_route=\/wp\/v2\/posts\/41616\/revisions"}],"predecessor-version":[{"id":41620,"href":"https:\/\/radiorevelacionfm.cl\/index.php?rest_route=\/wp\/v2\/posts\/41616\/revisions\/41620"}],"wp:featuredmedia":[{"embeddable":true,"href":"https:\/\/radiorevelacionfm.cl\/index.php?rest_route=\/wp\/v2\/media\/41619"}],"wp:attachment":[{"href":"https:\/\/radiorevelacionfm.cl\/index.php?rest_route=%2Fwp%2Fv2%2Fmedia&parent=41616"}],"wp:term":[{"taxonomy":"category","embeddable":true,"href":"https:\/\/radiorevelacionfm.cl\/index.php?rest_route=%2Fwp%2Fv2%2Fcategories&post=41616"},{"taxonomy":"post_tag","embeddable":true,"href":"https:\/\/radiorevelacionfm.cl\/index.php?rest_route=%2Fwp%2Fv2%2Ftags&post=41616"}],"curies":[{"name":"wp","href":"https:\/\/api.w.org\/{rel}","templated":true}]}}