{"id":41613,"date":"2024-04-24T18:18:17","date_gmt":"2024-04-24T21:18:17","guid":{"rendered":"https:\/\/radiorevelacionfm.cl\/?p=41613"},"modified":"2024-04-24T18:18:17","modified_gmt":"2024-04-24T21:18:17","slug":"pobladores-estan-en-tierra-de-nadie-consejero-escobar-pide-mas-preocupacion-de-autoridades-por-condiciones-de-vida-del-sector-rural-en-provincia-capitan-prat","status":"publish","type":"post","link":"https:\/\/radiorevelacionfm.cl\/?p=41613","title":{"rendered":"Pobladores est\u00e1n en \u201ctierra de nadie\u201d: Consejero Escobar pide m\u00e1s preocupaci\u00f3n de autoridades por condiciones de vida del sector rural en Provincia Capit\u00e1n Prat"},"content":{"rendered":"<div class=\"flex_column av_one_full  flex_column_div av-zero-column-padding first  avia-builder-el-0  el_before_av_one_full  avia-builder-el-first  \" style='border-radius:0px; '><div  class='avia-image-container  av-styling-    avia-builder-el-1  avia-builder-el-no-sibling  avia-align-center '  itemprop=\"image\" itemscope=\"itemscope\" itemtype=\"https:\/\/schema.org\/ImageObject\"  ><div class='avia-image-container-inner'><div class='avia-image-overlay-wrap'><img decoding=\"async\" class='wp-image-41614 avia-img-lazy-loading-not-41614 avia_image' src=\"https:\/\/radiorevelacionfm.cl\/wp-content\/uploads\/2024\/04\/Imagen-de-WhatsApp-2024-04-19-a-las-13.48.28_5670ebb9-1-1.jpg\" alt='' title='Imagen de WhatsApp 2024-04-19 a las 13.48.28_5670ebb9 (1) (1)' height=\"600\" width=\"979\"  itemprop=\"thumbnailUrl\" srcset=\"https:\/\/radiorevelacionfm.cl\/wp-content\/uploads\/2024\/04\/Imagen-de-WhatsApp-2024-04-19-a-las-13.48.28_5670ebb9-1-1.jpg 979w, https:\/\/radiorevelacionfm.cl\/wp-content\/uploads\/2024\/04\/Imagen-de-WhatsApp-2024-04-19-a-las-13.48.28_5670ebb9-1-1-300x184.jpg 300w, https:\/\/radiorevelacionfm.cl\/wp-content\/uploads\/2024\/04\/Imagen-de-WhatsApp-2024-04-19-a-las-13.48.28_5670ebb9-1-1-768x471.jpg 768w, https:\/\/radiorevelacionfm.cl\/wp-content\/uploads\/2024\/04\/Imagen-de-WhatsApp-2024-04-19-a-las-13.48.28_5670ebb9-1-1-705x432.jpg 705w, https:\/\/radiorevelacionfm.cl\/wp-content\/uploads\/2024\/04\/Imagen-de-WhatsApp-2024-04-19-a-las-13.48.28_5670ebb9-1-1-450x276.jpg 450w, https:\/\/radiorevelacionfm.cl\/wp-content\/uploads\/2024\/04\/Imagen-de-WhatsApp-2024-04-19-a-las-13.48.28_5670ebb9-1-1-600x368.jpg 600w\" sizes=\"(max-width: 979px) 100vw, 979px\" \/><\/div><\/div><\/div><\/div><div class=\"flex_column av_one_full  flex_column_div av-zero-column-padding first  avia-builder-el-2  el_after_av_one_full  el_before_av_one_full  column-top-margin\" style='border-radius:0px; '><section class=\"av_textblock_section \"  itemscope=\"itemscope\" itemtype=\"https:\/\/schema.org\/BlogPosting\" itemprop=\"blogPost\" ><div class='avia_textblock  '   itemprop=\"text\" ><p style=\"text-align: center;\"><strong><span style=\"font-size: 18pt;\">Pobladores est\u00e1n en \u201ctierra de nadie\u201d: Consejero Escobar pide m\u00e1s preocupaci\u00f3n de autoridades por condiciones de vida del sector rural en Provincia Capit\u00e1n Prat<\/span><\/strong><\/p>\n<div id=\"gtx-trans\" style=\"position: absolute; left: -50px; top: 4.31534px;\">\n<div class=\"gtx-trans-icon\"><\/div>\n<\/div>\n<\/div><\/section><\/div><div class=\"flex_column av_one_full  flex_column_div av-zero-column-padding first  avia-builder-el-4  el_after_av_one_full  el_before_av_hr  column-top-margin\" style='border-radius:0px; '><section class=\"av_textblock_section \"  itemscope=\"itemscope\" itemtype=\"https:\/\/schema.org\/BlogPosting\" itemprop=\"blogPost\" ><div class='avia_textblock  '   itemprop=\"text\" ><p style=\"text-align: justify;\">Un llamado a las autoridades locales y regionales a tener mayor preocupaci\u00f3n por las condiciones de vida de los habitantes de la provincia Capit\u00e1n Prat, realiz\u00f3 en los \u00faltimos d\u00edas, el consejero regional, V\u00edctor Escobar.<\/p>\n<p style=\"text-align: justify;\">Esto, luego de que en las \u00faltimas semanas realizara intensas gestiones en el Ministerio de Bienes Nacionales, tanto en Ays\u00e9n como Santiago, para abordar el caso del poblador Cardenio Alarc\u00f3n Bustos, quien vive en un predio fiscal fronterizo de la comuna de O\u00b4Higgins -sector del Mayer- junto a su familia y que por a\u00f1os ha tratado de regularizar y obtener la propiedad de este. \u201cUna constante preocupaci\u00f3n de los habitantes de mi provincia es el arriendo de terrenos fiscales, los cuales son destinados a la agricultura, ganader\u00eda etc., generando avances significativos en esos lugares, lo cual es muy relevante dada la condici\u00f3n de zonas de rezago de esos sectores, como el propio Gobierno los conoce\u201d, recalc\u00f3.<\/p>\n<p style=\"text-align: justify;\">Escobar destac\u00f3 que, en el predio, el poblador ha realizado por a\u00f1os distintas \u00a0\u00a0obras de adelanto, entre ellas cercos, alambrados de delimitaci\u00f3n fronteriza, galpones y una vivienda rural, lo que sin embargo no ha permitido avanzar hacia la soluci\u00f3n definitiva. \u201cLa gran burocracia del Estado no ha permitido que don Cardenio sea propietario del terreno. Incluso en enero de este a\u00f1o, la oficina regional de Bienes Nacionales remiti\u00f3 una resoluci\u00f3n donde no fue acogida la solicitud de permiso de radicaci\u00f3n, como s\u00ed lo hab\u00eda hecho en 2022, dejando sin soluci\u00f3n a la familia\u201d, puntualiz\u00f3.<\/p>\n<p style=\"text-align: justify;\">En ese contexto es que el consejero viaj\u00f3 hasta Santiago, junto al poblador, hasta las oficinas del ministerio de Bienes Nacionales, donde junto al equipo de la ministra Marcela Sandoval, \u201cse resolvi\u00f3 realizar un trabajo entre las partes para establecer cu\u00e1l es la mejor alternativa para continuar con la ocupaci\u00f3n del predio\u201d.<\/p>\n<p style=\"text-align: justify;\">Escobar inform\u00f3 que a esas gestiones, se sum\u00f3 las realizadas por la propia seremi de Bienes Nacionales, Irina Morend, en su reciente visita a la localidad de Villa O\u00b4Higgins, oportunidad en que se reuni\u00f3 el poblador y su familia, para abordar el caso. \u201cSi bien esto fue una acci\u00f3n necesaria, no es posible tener que llegar a conversar con una ministra para resolver temas locales y que tienen atribuciones de baja soluci\u00f3n y complejidad para quienes tienen temas en materia de predios fiscales\u201d, subray\u00f3 el consejero.<\/p>\n<p style=\"text-align: justify;\">Finalmente, el CORE por la Provincia Capit\u00e1n Prat, espera que \u201cla situaci\u00f3n ocurrida en particular con Cardenio Alarc\u00f3n no se vuelva a presentar para quienes solamente desean hacer soberan\u00eda\u201d.<\/p>\n<\/div><\/section><\/div><div  style='height:50px' class='hr hr-invisible   avia-builder-el-6  el_after_av_one_full  el_before_av_social_share '><span class='hr-inner ' ><span class='hr-inner-style'><\/span><\/span><\/div><\/p>\n<div  class='av-social-sharing-box  avia-builder-el-7  el_after_av_hr  el_before_av_hr  '><div class='av-share-box'><h5 class='av-share-link-description av-no-toc '>Compartir esta noticia<\/h5><ul class='av-share-box-list noLightbox'><li class='av-share-link av-social-link-facebook' ><a target=\"_blank\" aria-label=\"Compartir en Facebook\" href='https:\/\/www.facebook.com\/sharer.php?u=https:\/\/radiorevelacionfm.cl\/?p=41613&#038;t=Pobladores%20est%C3%A1n%20en%20%E2%80%9Ctierra%20de%20nadie%E2%80%9D%3A%20Consejero%20Escobar%20pide%20m%C3%A1s%20preocupaci%C3%B3n%20de%20autoridades%20por%20condiciones%20de%20vida%20del%20sector%20rural%20en%20Provincia%20Capit%C3%A1n%20Prat' aria-hidden='false' data-av_icon='\ue8f3' data-av_iconfont='entypo-fontello' title='' data-avia-related-tooltip='Compartir en Facebook' rel=\"noopener\"><span class='avia_hidden_link_text'>Compartir en Facebook<\/span><\/a><\/li><li class='av-share-link av-social-link-twitter' ><a target=\"_blank\" aria-label=\"Compartir en Twitter\" href='https:\/\/twitter.com\/share?text=Pobladores%20est%C3%A1n%20en%20%E2%80%9Ctierra%20de%20nadie%E2%80%9D%3A%20Consejero%20Escobar%20pide%20m%C3%A1s%20preocupaci%C3%B3n%20de%20autoridades%20por%20condiciones%20de%20vida%20del%20sector%20rural%20en%20Provincia%20Capit%C3%A1n%20Prat&#038;url=https:\/\/radiorevelacionfm.cl\/?p=41613' aria-hidden='false' data-av_icon='\ue8f1' data-av_iconfont='entypo-fontello' title='' data-avia-related-tooltip='Compartir en Twitter' rel=\"noopener\"><span class='avia_hidden_link_text'>Compartir en Twitter<\/span><\/a><\/li><li class='av-share-link av-social-link-whatsapp' ><a target=\"_blank\" aria-label=\"Compartir en Whatsapp\" href='https:\/\/api.whatsapp.com\/send?text=https:\/\/radiorevelacionfm.cl\/?p=41613' aria-hidden='false' data-av_icon='\uf232' data-av_iconfont='entypo-fontello' title='' data-avia-related-tooltip='Compartir en Whatsapp' rel=\"noopener\"><span class='avia_hidden_link_text'>Compartir en Whatsapp<\/span><\/a><\/li><li class='av-share-link av-social-link-linkedin' ><a target=\"_blank\" aria-label=\"Compartir en LinkedIn\" href='https:\/\/linkedin.com\/shareArticle?mini=true&#038;title=Pobladores%20est%C3%A1n%20en%20%E2%80%9Ctierra%20de%20nadie%E2%80%9D%3A%20Consejero%20Escobar%20pide%20m%C3%A1s%20preocupaci%C3%B3n%20de%20autoridades%20por%20condiciones%20de%20vida%20del%20sector%20rural%20en%20Provincia%20Capit%C3%A1n%20Prat&#038;url=https:\/\/radiorevelacionfm.cl\/?p=41613' aria-hidden='false' data-av_icon='\ue8fc' data-av_iconfont='entypo-fontello' title='' data-avia-related-tooltip='Compartir en LinkedIn' rel=\"noopener\"><span class='avia_hidden_link_text'>Compartir en LinkedIn<\/span><\/a><\/li><li class='av-share-link av-social-link-mail' ><a  aria-label=\"Compartir por correo\" href='mailto:?subject=Pobladores%20est%C3%A1n%20en%20%E2%80%9Ctierra%20de%20nadie%E2%80%9D%3A%20Consejero%20Escobar%20pide%20m%C3%A1s%20preocupaci%C3%B3n%20de%20autoridades%20por%20condiciones%20de%20vida%20del%20sector%20rural%20en%20Provincia%20Capit%C3%A1n%20Prat&#038;body=https:\/\/radiorevelacionfm.cl\/?p=41613' aria-hidden='false' data-av_icon='\ue805' data-av_iconfont='entypo-fontello' title='' data-avia-related-tooltip='Compartir por correo'><span class='avia_hidden_link_text'>Compartir por correo<\/span><\/a><\/li><\/ul><\/div><\/div>\n<div  style='height:50px' class='hr hr-invisible   avia-builder-el-8  el_after_av_social_share  el_before_av_comments_list '><span class='hr-inner ' ><span class='hr-inner-style'><\/span><\/span><\/div>\n<div  class='av-buildercomment  av-blog-meta-html-info-disabled av-blog-meta-tag-disabled  '><\/div>\n","protected":false},"excerpt":{"rendered":"","protected":false},"author":1,"featured_media":41614,"comment_status":"open","ping_status":"open","sticky":false,"template":"","format":"standard","meta":{"footnotes":""},"categories":[38],"tags":[],"class_list":["post-41613","post","type-post","status-publish","format-standard","has-post-thumbnail","hentry","category-regional"],"jetpack_featured_media_url":"https:\/\/radiorevelacionfm.cl\/wp-content\/uploads\/2024\/04\/Imagen-de-WhatsApp-2024-04-19-a-las-13.48.28_5670ebb9-1-1.jpg","_links":{"self":[{"href":"https:\/\/radiorevelacionfm.cl\/index.php?rest_route=\/wp\/v2\/posts\/41613","targetHints":{"allow":["GET"]}}],"collection":[{"href":"https:\/\/radiorevelacionfm.cl\/index.php?rest_route=\/wp\/v2\/posts"}],"about":[{"href":"https:\/\/radiorevelacionfm.cl\/index.php?rest_route=\/wp\/v2\/types\/post"}],"author":[{"embeddable":true,"href":"https:\/\/radiorevelacionfm.cl\/index.php?rest_route=\/wp\/v2\/users\/1"}],"replies":[{"embeddable":true,"href":"https:\/\/radiorevelacionfm.cl\/index.php?rest_route=%2Fwp%2Fv2%2Fcomments&post=41613"}],"version-history":[{"count":1,"href":"https:\/\/radiorevelacionfm.cl\/index.php?rest_route=\/wp\/v2\/posts\/41613\/revisions"}],"predecessor-version":[{"id":41615,"href":"https:\/\/radiorevelacionfm.cl\/index.php?rest_route=\/wp\/v2\/posts\/41613\/revisions\/41615"}],"wp:featuredmedia":[{"embeddable":true,"href":"https:\/\/radiorevelacionfm.cl\/index.php?rest_route=\/wp\/v2\/media\/41614"}],"wp:attachment":[{"href":"https:\/\/radiorevelacionfm.cl\/index.php?rest_route=%2Fwp%2Fv2%2Fmedia&parent=41613"}],"wp:term":[{"taxonomy":"category","embeddable":true,"href":"https:\/\/radiorevelacionfm.cl\/index.php?rest_route=%2Fwp%2Fv2%2Fcategories&post=41613"},{"taxonomy":"post_tag","embeddable":true,"href":"https:\/\/radiorevelacionfm.cl\/index.php?rest_route=%2Fwp%2Fv2%2Ftags&post=41613"}],"curies":[{"name":"wp","href":"https:\/\/api.w.org\/{rel}","templated":true}]}}