{"id":41610,"date":"2024-04-24T17:15:48","date_gmt":"2024-04-24T20:15:48","guid":{"rendered":"https:\/\/radiorevelacionfm.cl\/?p=41610"},"modified":"2024-04-24T17:15:48","modified_gmt":"2024-04-24T20:15:48","slug":"llaman-a-postular-al-fondo-para-la-equidad-de-genero-2024","status":"publish","type":"post","link":"https:\/\/radiorevelacionfm.cl\/?p=41610","title":{"rendered":"Llaman a postular al Fondo para la Equidad de G\u00e9nero 2024"},"content":{"rendered":"<div class=\"flex_column av_one_full  flex_column_div av-zero-column-padding first  avia-builder-el-0  el_before_av_one_full  avia-builder-el-first  \" style='border-radius:0px; '><div  class='avia-image-container  av-styling-    avia-builder-el-1  avia-builder-el-no-sibling  avia-align-center '  itemprop=\"image\" itemscope=\"itemscope\" itemtype=\"https:\/\/schema.org\/ImageObject\"  ><div class='avia-image-container-inner'><div class='avia-image-overlay-wrap'><img decoding=\"async\" class='wp-image-41611 avia-img-lazy-loading-not-41611 avia_image' src=\"https:\/\/radiorevelacionfm.cl\/wp-content\/uploads\/2024\/04\/feg-2024-1_optimized-1_optimized-1.jpg\" alt='' title='feg-2024-(1)_optimized-(1)_optimized (1)' height=\"1000\" width=\"800\"  itemprop=\"thumbnailUrl\" srcset=\"https:\/\/radiorevelacionfm.cl\/wp-content\/uploads\/2024\/04\/feg-2024-1_optimized-1_optimized-1.jpg 800w, https:\/\/radiorevelacionfm.cl\/wp-content\/uploads\/2024\/04\/feg-2024-1_optimized-1_optimized-1-240x300.jpg 240w, https:\/\/radiorevelacionfm.cl\/wp-content\/uploads\/2024\/04\/feg-2024-1_optimized-1_optimized-1-768x960.jpg 768w, https:\/\/radiorevelacionfm.cl\/wp-content\/uploads\/2024\/04\/feg-2024-1_optimized-1_optimized-1-564x705.jpg 564w, https:\/\/radiorevelacionfm.cl\/wp-content\/uploads\/2024\/04\/feg-2024-1_optimized-1_optimized-1-450x563.jpg 450w, https:\/\/radiorevelacionfm.cl\/wp-content\/uploads\/2024\/04\/feg-2024-1_optimized-1_optimized-1-600x750.jpg 600w\" sizes=\"(max-width: 800px) 100vw, 800px\" \/><\/div><\/div><\/div><\/div><div class=\"flex_column av_one_full  flex_column_div av-zero-column-padding first  avia-builder-el-2  el_after_av_one_full  el_before_av_one_full  column-top-margin\" style='border-radius:0px; '><section class=\"av_textblock_section \"  itemscope=\"itemscope\" itemtype=\"https:\/\/schema.org\/BlogPosting\" itemprop=\"blogPost\" ><div class='avia_textblock  '   itemprop=\"text\" ><p style=\"text-align: center;\"><strong><span style=\"font-size: 18pt;\">Llaman a postular al Fondo para la Equidad de G\u00e9nero 2024<\/span><\/strong><\/p>\n<div id=\"gtx-trans\" style=\"position: absolute; left: -50px; top: 4.31534px;\">\n<div class=\"gtx-trans-icon\"><\/div>\n<\/div>\n<\/div><\/section><\/div><div class=\"flex_column av_one_full  flex_column_div av-zero-column-padding first  avia-builder-el-4  el_after_av_one_full  el_before_av_hr  column-top-margin\" style='border-radius:0px; '><section class=\"av_textblock_section \"  itemscope=\"itemscope\" itemtype=\"https:\/\/schema.org\/BlogPosting\" itemprop=\"blogPost\" ><div class='avia_textblock  '   itemprop=\"text\" ><p dir=\"ltr\" style=\"text-align: justify;\"><em>Hasta el 06 de mayo estar\u00e1n abiertas las postulaciones para financiar proyectos que fomenten la participaci\u00f3n, asociatividad y liderazgo de las mujeres.\u00a0<\/em><\/p>\n<p dir=\"ltr\" style=\"text-align: justify;\">Con el objetivo de apoyar el desarrollo de organizaciones de mujeres a trav\u00e9s del fortalecimiento de sus habilidades, competencias e incidencia en sus espacios de participaci\u00f3n, el Servicio Nacional de la Mujer y Equidad de G\u00e9nero (SernamEG) abri\u00f3 la postulaci\u00f3n al Fondo para la Equidad de G\u00e9nero (FEG) 2024.<\/p>\n<p dir=\"ltr\" style=\"text-align: justify;\">Hasta el d\u00eda 6 de mayo se encuentra abierta la convocatoria para que personas naturales o jur\u00eddicas \u2013con su clave \u00fanica- puedan presentar y postular los proyectos al FEG 2024.<\/p>\n<p dir=\"ltr\" style=\"text-align: justify;\">Para la Directora Nacional del SernamEG, Priscilla Carrasco, \u00abes prioritario potenciar espacios de participaci\u00f3n en sus organizaciones y autonom\u00eda. Como servicio debemos promover el fortalecimiento del tejido social y las autonom\u00edas f\u00edsica,\u00a0econ\u00f3mica y pol\u00edtica de todas las mujeres en sus diversos contextos y el FEG es un programa que entrega las herramientas para ese objetivo\u00bb.<\/p>\n<p dir=\"ltr\" style=\"text-align: justify;\">Cada proyecto postulado debe enfocarse en una de las dos l\u00edneas de acci\u00f3n del programa: Fortalecimiento interno de la organizaci\u00f3n o Fortalecimiento de las redes de asociatividad, en donde se promocione el desarrollo de organizaciones, la incidencia y participaci\u00f3n ciudadana de las mujeres, a trav\u00e9s de actividades e iniciativas en la que puedan levantar y fundamentar opiniones y propuestas referidas a pol\u00edticas p\u00fablicas para sus territorios y a nivel nacional.<\/p>\n<p dir=\"ltr\" style=\"text-align: justify;\">Las personas u organizaciones interesadas pueden postular directamente en el portal\u00a0<a href=\"http:\/\/fondos.gob.cl\/\" target=\"_blank\" rel=\"noopener noreferrer\">fondos.gob.cl<\/a>\u00a0o ingresando al sitio web\u00a0<a href=\"http:\/\/www.sernameg.gob.cl\/\" target=\"_blank\" rel=\"noopener noreferrer\">www.sernameg.gob.cl<\/a>, que tiene un banner del Fondo de Equidad de G\u00e9nero, donde se encuentran subidas las bases, instrucciones y todos los documentos necesarios para la inscripci\u00f3n de las iniciativas.<\/p>\n<p dir=\"ltr\" style=\"text-align: justify;\">Por \u00faltimo, desde SernamEG informan que el d\u00eda lunes 29 de abril, a las 16.00 horas se llevar\u00e1 a cabo una capacitaci\u00f3n virtual para postular al FEG 2024 a trav\u00e9s de la plataforma Youtube, cuyo enlace ser\u00e1 publicado en las redes sociales de SernamEG Ays\u00e9n, mientras que la transmisi\u00f3n en directo se compartir\u00e1 tambi\u00e9n en la p\u00e1gina de Facebook. Adicionalmente, las y los interesados pueden asistir el d\u00eda y hora se\u00f1alados a la oficina regional del servicio, ubicada en la ciudad de Coyhaique en calle Baquedano #257, donde se proyectar\u00e1 en vivo esta asesor\u00eda.<\/p>\n<\/div><\/section><\/div><div  style='height:50px' class='hr hr-invisible   avia-builder-el-6  el_after_av_one_full  el_before_av_social_share '><span class='hr-inner ' ><span class='hr-inner-style'><\/span><\/span><\/div><\/p>\n<div  class='av-social-sharing-box  avia-builder-el-7  el_after_av_hr  el_before_av_hr  '><div class='av-share-box'><h5 class='av-share-link-description av-no-toc '>Compartir esta noticia<\/h5><ul class='av-share-box-list noLightbox'><li class='av-share-link av-social-link-facebook' ><a target=\"_blank\" aria-label=\"Compartir en Facebook\" href='https:\/\/www.facebook.com\/sharer.php?u=https:\/\/radiorevelacionfm.cl\/?p=41610&#038;t=Llaman%20a%20postular%20al%20Fondo%20para%20la%20Equidad%20de%20G%C3%A9nero%202024' aria-hidden='false' data-av_icon='\ue8f3' data-av_iconfont='entypo-fontello' title='' data-avia-related-tooltip='Compartir en Facebook' rel=\"noopener\"><span class='avia_hidden_link_text'>Compartir en Facebook<\/span><\/a><\/li><li class='av-share-link av-social-link-twitter' ><a target=\"_blank\" aria-label=\"Compartir en Twitter\" href='https:\/\/twitter.com\/share?text=Llaman%20a%20postular%20al%20Fondo%20para%20la%20Equidad%20de%20G%C3%A9nero%202024&#038;url=https:\/\/radiorevelacionfm.cl\/?p=41610' aria-hidden='false' data-av_icon='\ue8f1' data-av_iconfont='entypo-fontello' title='' data-avia-related-tooltip='Compartir en Twitter' rel=\"noopener\"><span class='avia_hidden_link_text'>Compartir en Twitter<\/span><\/a><\/li><li class='av-share-link av-social-link-whatsapp' ><a target=\"_blank\" aria-label=\"Compartir en Whatsapp\" href='https:\/\/api.whatsapp.com\/send?text=https:\/\/radiorevelacionfm.cl\/?p=41610' aria-hidden='false' data-av_icon='\uf232' data-av_iconfont='entypo-fontello' title='' data-avia-related-tooltip='Compartir en Whatsapp' rel=\"noopener\"><span class='avia_hidden_link_text'>Compartir en Whatsapp<\/span><\/a><\/li><li class='av-share-link av-social-link-linkedin' ><a target=\"_blank\" aria-label=\"Compartir en LinkedIn\" href='https:\/\/linkedin.com\/shareArticle?mini=true&#038;title=Llaman%20a%20postular%20al%20Fondo%20para%20la%20Equidad%20de%20G%C3%A9nero%202024&#038;url=https:\/\/radiorevelacionfm.cl\/?p=41610' aria-hidden='false' data-av_icon='\ue8fc' data-av_iconfont='entypo-fontello' title='' data-avia-related-tooltip='Compartir en LinkedIn' rel=\"noopener\"><span class='avia_hidden_link_text'>Compartir en LinkedIn<\/span><\/a><\/li><li class='av-share-link av-social-link-mail' ><a  aria-label=\"Compartir por correo\" href='mailto:?subject=Llaman%20a%20postular%20al%20Fondo%20para%20la%20Equidad%20de%20G%C3%A9nero%202024&#038;body=https:\/\/radiorevelacionfm.cl\/?p=41610' aria-hidden='false' data-av_icon='\ue805' data-av_iconfont='entypo-fontello' title='' data-avia-related-tooltip='Compartir por correo'><span class='avia_hidden_link_text'>Compartir por correo<\/span><\/a><\/li><\/ul><\/div><\/div>\n<div  style='height:50px' class='hr hr-invisible   avia-builder-el-8  el_after_av_social_share  el_before_av_comments_list '><span class='hr-inner ' ><span class='hr-inner-style'><\/span><\/span><\/div>\n<div  class='av-buildercomment  av-blog-meta-html-info-disabled av-blog-meta-tag-disabled  '><\/div>\n","protected":false},"excerpt":{"rendered":"","protected":false},"author":1,"featured_media":41611,"comment_status":"open","ping_status":"open","sticky":false,"template":"","format":"standard","meta":{"footnotes":""},"categories":[61],"tags":[],"class_list":["post-41610","post","type-post","status-publish","format-standard","has-post-thumbnail","hentry","category-nacional"],"jetpack_featured_media_url":"https:\/\/radiorevelacionfm.cl\/wp-content\/uploads\/2024\/04\/feg-2024-1_optimized-1_optimized-1.jpg","_links":{"self":[{"href":"https:\/\/radiorevelacionfm.cl\/index.php?rest_route=\/wp\/v2\/posts\/41610","targetHints":{"allow":["GET"]}}],"collection":[{"href":"https:\/\/radiorevelacionfm.cl\/index.php?rest_route=\/wp\/v2\/posts"}],"about":[{"href":"https:\/\/radiorevelacionfm.cl\/index.php?rest_route=\/wp\/v2\/types\/post"}],"author":[{"embeddable":true,"href":"https:\/\/radiorevelacionfm.cl\/index.php?rest_route=\/wp\/v2\/users\/1"}],"replies":[{"embeddable":true,"href":"https:\/\/radiorevelacionfm.cl\/index.php?rest_route=%2Fwp%2Fv2%2Fcomments&post=41610"}],"version-history":[{"count":1,"href":"https:\/\/radiorevelacionfm.cl\/index.php?rest_route=\/wp\/v2\/posts\/41610\/revisions"}],"predecessor-version":[{"id":41612,"href":"https:\/\/radiorevelacionfm.cl\/index.php?rest_route=\/wp\/v2\/posts\/41610\/revisions\/41612"}],"wp:featuredmedia":[{"embeddable":true,"href":"https:\/\/radiorevelacionfm.cl\/index.php?rest_route=\/wp\/v2\/media\/41611"}],"wp:attachment":[{"href":"https:\/\/radiorevelacionfm.cl\/index.php?rest_route=%2Fwp%2Fv2%2Fmedia&parent=41610"}],"wp:term":[{"taxonomy":"category","embeddable":true,"href":"https:\/\/radiorevelacionfm.cl\/index.php?rest_route=%2Fwp%2Fv2%2Fcategories&post=41610"},{"taxonomy":"post_tag","embeddable":true,"href":"https:\/\/radiorevelacionfm.cl\/index.php?rest_route=%2Fwp%2Fv2%2Ftags&post=41610"}],"curies":[{"name":"wp","href":"https:\/\/api.w.org\/{rel}","templated":true}]}}