{"id":41601,"date":"2024-04-24T13:37:53","date_gmt":"2024-04-24T16:37:53","guid":{"rendered":"https:\/\/radiorevelacionfm.cl\/?p=41601"},"modified":"2024-04-24T13:37:53","modified_gmt":"2024-04-24T16:37:53","slug":"implementacion-ley-40-horas-autoridades-de-aysen-aclaran-dudas-sobre-dictamen-que-fija-criterio-para-la-aplicacion-de-la-proporcionalidad-en-la-reduccion-de-la-jornada-laboral","status":"publish","type":"post","link":"https:\/\/radiorevelacionfm.cl\/?p=41601","title":{"rendered":"Implementaci\u00f3n Ley 40 Horas: Autoridades de Ays\u00e9n aclaran dudas sobre dictamen que fija criterio para la aplicaci\u00f3n de la proporcionalidad en la reducci\u00f3n de la jornada laboral"},"content":{"rendered":"<div class=\"flex_column av_one_full  flex_column_div av-zero-column-padding first  avia-builder-el-0  el_before_av_one_full  avia-builder-el-first  \" style='border-radius:0px; '><div  class='avia-image-container  av-styling-    avia-builder-el-1  avia-builder-el-no-sibling  avia-align-center '  itemprop=\"image\" itemscope=\"itemscope\" itemtype=\"https:\/\/schema.org\/ImageObject\"  ><div class='avia-image-container-inner'><div class='avia-image-overlay-wrap'><img decoding=\"async\" class='wp-image-41602 avia-img-lazy-loading-not-41602 avia_image' src=\"https:\/\/radiorevelacionfm.cl\/wp-content\/uploads\/2024\/04\/ley-40-horas-1_optimized.jpg\" alt='' title='ley-40-horas-(1)_optimized' height=\"600\" width=\"997\"  itemprop=\"thumbnailUrl\" srcset=\"https:\/\/radiorevelacionfm.cl\/wp-content\/uploads\/2024\/04\/ley-40-horas-1_optimized.jpg 997w, https:\/\/radiorevelacionfm.cl\/wp-content\/uploads\/2024\/04\/ley-40-horas-1_optimized-300x181.jpg 300w, https:\/\/radiorevelacionfm.cl\/wp-content\/uploads\/2024\/04\/ley-40-horas-1_optimized-768x462.jpg 768w, https:\/\/radiorevelacionfm.cl\/wp-content\/uploads\/2024\/04\/ley-40-horas-1_optimized-705x424.jpg 705w, https:\/\/radiorevelacionfm.cl\/wp-content\/uploads\/2024\/04\/ley-40-horas-1_optimized-450x271.jpg 450w, https:\/\/radiorevelacionfm.cl\/wp-content\/uploads\/2024\/04\/ley-40-horas-1_optimized-600x361.jpg 600w\" sizes=\"(max-width: 997px) 100vw, 997px\" \/><\/div><\/div><\/div><\/div><div class=\"flex_column av_one_full  flex_column_div av-zero-column-padding first  avia-builder-el-2  el_after_av_one_full  el_before_av_one_full  column-top-margin\" style='border-radius:0px; '><section class=\"av_textblock_section \"  itemscope=\"itemscope\" itemtype=\"https:\/\/schema.org\/BlogPosting\" itemprop=\"blogPost\" ><div class='avia_textblock  '   itemprop=\"text\" ><p style=\"text-align: center;\"><span style=\"font-size: 18pt;\"><b><span lang=\"ES-TRAD\">Implementaci\u00f3n Ley 40 Horas: Autoridades de Ays\u00e9n aclaran dudas sobre dictamen que fija criterio para la aplicaci\u00f3n de la proporcionalidad en la reducci\u00f3n de la jornada laboral<\/span><\/b><\/span><\/p>\n<div id=\"gtx-trans\" style=\"position: absolute; left: -50px; top: 4.31534px;\">\n<div class=\"gtx-trans-icon\"><\/div>\n<\/div>\n<\/div><\/section><\/div><div class=\"flex_column av_one_full  flex_column_div av-zero-column-padding first  avia-builder-el-4  el_after_av_one_full  el_before_av_hr  column-top-margin\" style='border-radius:0px; '><section class=\"av_textblock_section \"  itemscope=\"itemscope\" itemtype=\"https:\/\/schema.org\/BlogPosting\" itemprop=\"blogPost\" ><div class='avia_textblock  '   itemprop=\"text\" ><ul>\n<li class=\"v1MsoNormal\" style=\"text-align: justify;\"><i><span lang=\"ES-TRAD\">La Direcci\u00f3n del Trabajo emiti\u00f3 la semana pasada un dictamen aclaratorio que menciona la f\u00f3rmula espec\u00edfica que debe utilizar el empleador para realizar la adecuaci\u00f3n de la jornada diaria de trabajo, con la finalidad de obtener su reducci\u00f3n semanal en caso de no existir acuerdo entre empleadores y trabajadores.<\/span><\/i><\/li>\n<li class=\"v1MsoNormal\" style=\"text-align: justify;\"><i><span lang=\"ES-TRAD\">En ese sentido, de no haber acuerdo, el dictamen establece que,\u00a0<\/span><\/i><i><span lang=\"ES\">trat\u00e1ndose de una jornada de lunes a viernes, la baja ser\u00e1 de al menos una hora completa en alguno de los 5 d\u00edas<\/span><\/i><i><span lang=\"ES-TRAD\">.<\/span><\/i><b><\/b><\/li>\n<\/ul>\n<p class=\"v1MsoNormal\" style=\"text-align: justify;\"><span lang=\"ES-TRAD\">El Seremi del Trabajo y Previsi\u00f3n Social, Rodrigo D\u00edaz Cordaro junto al Director regional(s) Christian Aros, de la Direcci\u00f3n del Trabajo (DT) se refirieron al Dictamen aclaratorio de 235\/08 de la DT, el cual se refiere a <\/span><span lang=\"ES\">la eventualidad de que empleadores y trabajadores no lleguen a acuerdo respecto a la aplicaci\u00f3n de la disminuci\u00f3n horaria.<\/span><\/p>\n<p class=\"v1MsoNormal\" style=\"text-align: justify;\"><span lang=\"ES\">La Ley contempla una disminuci\u00f3n gradual de las horas de trabajo, por lo que, luego de la primera reducci\u00f3n de este a\u00f1o a 44 horas, en abril de 2026 se alcanzar\u00e1n las 42 horas. El mismo mes de 2028 la ley entrar\u00e1 plenamente en r\u00e9gimen, cuando se implementen las 40 horas de trabajo semanales.<\/span><\/p>\n<p class=\"v1MsoNormal\" style=\"text-align: justify;\"><span lang=\"ES\">En esa situaci\u00f3n, el pronunciamiento se\u00f1ala que, con la ley en pleno r\u00e9gimen, en 2028, el empleador deber\u00e1 reducir la jornada en al menos una hora cada d\u00eda, si sus trabajadores y trabajadoras laboran cinco d\u00edas semanales.\u00a0\u00a0<\/span><\/p>\n<p class=\"v1MsoNormal\" style=\"text-align: justify;\"><span lang=\"ES\">En el caso de lo que ocurrir\u00e1 entre el 26 de abril de 2024 y el 25 de abril de 2026, el dictamen se\u00f1ala que \u00abtrat\u00e1ndose de una jornada de lunes a viernes, el 26 de abril de 2024 el empleador deber\u00e1 reducir al menos una hora la jornada diaria en alguno de los 5 d\u00edas que forman parte de la jornada semanal\u00bb.<\/span><\/p>\n<p class=\"v1MsoNormal\" style=\"text-align: justify;\"><span lang=\"ES\">Asimismo, en el caso de una jornada semanal de 6 d\u00edas, de lunes a s\u00e1bado, el dictamen sostiene que \u00abel empleador deber\u00e1 reducir al menos 50 minutos en una jornada diaria y la fracci\u00f3n de 10 minutos en otra, en alguno de los 6 d\u00edas que forman parte de la jornada semanal\u00bb.<\/span><\/p>\n<p class=\"v1MsoNormal\" style=\"text-align: justify;\"><span lang=\"ES-TRAD\">Ya hace unos d\u00edas, la Ministra del Trabajo y Previsi\u00f3n Social, Jeannette Jara, y el director nacional del Trabajo, Pablo Zenteno, dieron a conocer el dictamen que precisa la proporcionalidad en la reducci\u00f3n de la jornada laboral. El dictamen 235\/08 de la Direcci\u00f3n del Trabajo (DT) complementa el dictamen 213\/07, del 5 de abril pasado, que aborda el contenido del art\u00edculo tercero transitorio de la Ley 21.561, que modifica el C\u00f3digo del Trabajo para reducir la jornada laboral.<\/span><\/p>\n<p class=\"v1MsoNormal\" style=\"text-align: justify;\"><span lang=\"ES\">La\u00a0<b>ministra Jeannette Jara<\/b>\u00a0explic\u00f3 que la Ley de 40 Horas \u00abes muy sentida y demandada por la ciudadan\u00eda. Se logr\u00f3 construir en base a un acuerdo tripartito entre empleadores, trabajadores y gobierno. Antes de que se inicie su implementaci\u00f3n el 26 de abril, hemos detectado consultas, inquietudes y reclamos de c\u00f3mo algunos estar\u00edan pensando en implementarla a trav\u00e9s de minutos diarios. Eso es lo que este dictamen de la Direcci\u00f3n del Trabajo fija y circunscribe\u00bb.<\/span><\/p>\n<p class=\"v1MsoNormal\" style=\"text-align: justify;\"><span lang=\"ES\">En este sentido, el\u00a0<b>Seremi de Trabajo y Previsi\u00f3n Social de Ays\u00e9n, Rodrigo D\u00edaz Cordaro,<\/b>\u00a0se refiri\u00f3 al esp\u00edritu de la Ley 40 Horas, \u00abLes recuerdo que este viernes 26 ya parte la primera etapa de la reducci\u00f3n de la jornada laboral a las 40 horas, las empresas ya tuvieron un a\u00f1o para prepararse y este viernes deben reducir una hora la jornada laboral. Esto debe ser de mutuo acuerdo,\u00a0 como es el esp\u00edritu de la ley, as\u00ed es que esperamos que todas las empresas vayan adaptando sus procesos para las que escogieron la gradualidad para disminuir esta hora,\u00a0 hay muchas otras empresas que ya redujeron de plano las 40 horas y esas empresas por ejemplo ya\u00a0 pueden tomar la jornada 4&#215;3 en ese caso, pero insisto, es importante respetar el esp\u00edritu de la ley, por lo tanto aqu\u00ed se busca reducir una hora completa y eso es importante, y esto en acuerdo con los trabajadores y los empleadores\u00bb, detall\u00f3 la autoridad.<\/span><\/p>\n<p class=\"v1MsoNormal\" style=\"text-align: justify;\"><b><u>Contenido del dictamen<\/u><\/b><\/p>\n<p class=\"v1MsoNormal\" style=\"text-align: justify;\">El dictamen explica que la ley establece, en su art\u00edculo tercero transitorio, la f\u00f3rmula de reducci\u00f3n de la jornada semanal, tanto si hay o no hay acuerdo entre el empleador y sus trabajadores y trabajadoras o sindicatos.<\/p>\n<p class=\"v1MsoNormal\" style=\"text-align: justify;\"><span lang=\"ES-TRAD\">El\u00a0<b>Director Nacional del Trabajo, Pablo Zenteno<\/b>, manifest\u00f3 que el dictamen \u00abaclara la f\u00f3rmula espec\u00edfica que debe utilizar el empleador para realizar la adecuaci\u00f3n de la jornada diaria de trabajo, con la finalidad de obtener su reducci\u00f3n semanal en caso de no existir acuerdo con las y los trabajadores o las organizaciones sindicales en virtud de lo establecido en los art\u00edculos 1\u00ba y 3\u00ba transitorio de la Ley 21.561, los que fijan una regla de gradualidad y proporcionalidad respectivamente en los t\u00e9rminos del presente informe\u00bb.<b><\/b><\/span><\/p>\n<p class=\"v1MsoNormal\" style=\"text-align: justify;\">En el caso de acuerdo previo, el dictamen recuerda que las partes determinar\u00e1n la forma de distribuir la reducci\u00f3n de la jornada seg\u00fan la secuencia de a\u00f1os establecida por la ley en el art\u00edculo primero transitorio, refiri\u00e9ndose a la gradualidad establecida de 5 a\u00f1os. No obstante, sostiene que nada impide que sean las propias partes las que puedan adelantar el momento en que debe ocurrir la reducci\u00f3n; es decir, que pueden acordar, desde ya, la disminuci\u00f3n a 40 horas, de forma voluntaria y sin esperar la gradualidad.<\/p>\n<p class=\"v1MsoNormal\" style=\"text-align: justify;\">Si no hay acuerdo previo, el dictamen recuerda que ser\u00e1 el empleador quien deber\u00e1 aplicar la adecuaci\u00f3n proporcional de la jornada seg\u00fan el criterio fijado en el dictamen 235\/08.<\/p>\n<p class=\"v1MsoNormal\" style=\"text-align: justify;\">Finalmente, entre los fundamentos para precisar la f\u00f3rmula de reducci\u00f3n, el pronunciamiento de la DT se remite al debate parlamentario que culmin\u00f3 con la promulgaci\u00f3n de la Ley 21.561.<\/p>\n<p class=\"v1MsoNormal\" style=\"text-align: justify;\">Al respecto, menciona que \u00abcualquiera sea la distribuci\u00f3n de la jornada laboral en cada semana, el legislador espera que esta rebaja se materialice en descanso efectivo en un d\u00eda por parte de las y los trabajadores, lo que genere mayor tiempo libre para compartir con las familias en cada d\u00eda, aspecto que debe materializarse aun en caso de desacuerdo al tenor del art\u00edculo tercero transitorio de la Ley 21.561, que mandata dar cumplimiento copulativo a los nuevos l\u00edmites legales de 40 horas para efectos de distribuir la rebaja de jornada y considerar en la disminuci\u00f3n de 45 a 40 horas la periodicidad establecida en el art\u00edculo primero transitorio de la ley\u00bb.<\/p>\n<p class=\"v1MsoNormal\" style=\"text-align: justify;\"><span lang=\"ES\">A su vez, el\u00a0<b>Director regional(s) de la DT, Christian Aros<\/b>, coment\u00f3 sobre las orientaciones que est\u00e1 realizando la instituci\u00f3n tanto a empleadores como a las y los trabajadores, \u00abComo Direcci\u00f3n del Trabajo hemos estado realizando capacitaciones y difusiones sobre esta nueva normativa y adem\u00e1s en nuestra p\u00e1gina web\u00a0<\/span><a href=\"http:\/\/www.xn--direccindeltrabajo-w1b.gob.cl\/\" target=\"_blank\" rel=\"noopener noreferrer\">www.direcci\u00f3ndeltrabajo.gob.cl<\/a><span lang=\"ES\">\u00a0podr\u00e1n encontrar un banner donde est\u00e1n incluidos todos nuestros dict\u00e1menes, consultas y respuestas de las preguntas m\u00e1s recurrentes o pueden dirigir sus consultas a\u00a0<a href=\"mailto:upartesaysen@dt.gob.cl\" rel=\"noreferrer\">upartesaysen@dt.gob.cl<\/a>\u00ab.<\/span><\/p>\n<p class=\"v1MsoNormal\" style=\"text-align: justify;\"><b><u>Ley y Sello 40 Horas<\/u><\/b><\/p>\n<p class=\"v1MsoNormal\" style=\"text-align: justify;\">La Ley de 40 Horas establece que las empresas pueden reducir la jornada a 40 horas desde ya, de forma voluntaria y anticipada, sin esperar la gradualidad. En dicho caso, podr\u00e1n acceder a otras regulaciones de la Ley de 40 horas, como lo mencion\u00f3 el Seremi de Trabajo y Previsi\u00f3n, Rodrigo D\u00edaz Cordaro, por ejemplo, acordar con los trabajadores que la jornada se distribuya en cuatro d\u00edas de trabajo por tres de descanso, conocida como 4\u00d73, lo que es una innovaci\u00f3n adoptada tambi\u00e9n en otros pa\u00edses.<\/p>\n<p class=\"v1MsoNormal\" style=\"text-align: justify;\"><span lang=\"ES\">Sobre los beneficios de esta ley, el\u00a0<b>Seremi Rodrigo D\u00edaz<\/b>\u00a0mencion\u00f3, \u00abNosotros como Ministerio del Trabajo y Previsi\u00f3n Social debemos decir que las empresas que ya se hicieron acreedoras del sello 40 horas nos dicen que tienen menos licencias m\u00e9dicas, menos ausentismo laboral, mejor clima laboral y eso aumenta la productividad, entonces nos interesa cuidar el empleo, nos interesa que los trabajadores tengan su descanso efectivo y por eso es importante hacer las cosas con tiempo y que se puedan hacer las cosas bien\u00bb, afirm\u00f3 la autoridad regional, quien tambi\u00e9n se puso a disposici\u00f3n para aclarar dudas, tal como se ha estado haciendo a trav\u00e9s de conversatorios, reuniones, entrevistas y por las redes sociales de MintrabAys\u00e9n.<\/span><\/p>\n<p class=\"v1MsoNormal\" style=\"text-align: justify;\"><span lang=\"ES\">Las empresas que ya aplican 40 horas en sus jornadas laborales semanales pueden postular al Sello 40 horas, que es un reconocimiento del Ministerio del Trabajo y Previsi\u00f3n Social, gracias al cual pueden optar a beneficios, por ejemplo, en fondos concursables de Sercotec y Corfo.<\/span><\/p>\n<p class=\"v1MsoNormal\" style=\"text-align: justify;\"><span lang=\"ES\">Para postular al sello y tener mayor informaci\u00f3n sobre la implementaci\u00f3n de la ley 40 Horas, se puede ingresar al sitio\u00a0<\/span><a href=\"http:\/\/www.mintrab.gob.cl\/40horas\" target=\"_blank\" rel=\"noopener noreferrer\"><span lang=\"ES\">www.mintrab.gob.cl\/40horas<\/span><\/a><span lang=\"ES\">.<\/span><\/p>\n<p class=\"v1MsoNormal\" style=\"text-align: justify;\">La Ley de 40 Horas fue despachada por el Congreso en abril del a\u00f1o pasado y promulgada el mismo mes por el Presidente Gabriel Boric.<\/p>\n<\/div><\/section><\/div><div  style='height:50px' class='hr hr-invisible   avia-builder-el-6  el_after_av_one_full  el_before_av_social_share '><span class='hr-inner ' ><span class='hr-inner-style'><\/span><\/span><\/div><\/p>\n<div  class='av-social-sharing-box  avia-builder-el-7  el_after_av_hr  el_before_av_hr  '><div class='av-share-box'><h5 class='av-share-link-description av-no-toc '>Compartir esta noticia<\/h5><ul class='av-share-box-list noLightbox'><li class='av-share-link av-social-link-facebook' ><a target=\"_blank\" aria-label=\"Compartir en Facebook\" href='https:\/\/www.facebook.com\/sharer.php?u=https:\/\/radiorevelacionfm.cl\/?p=41601&#038;t=Implementaci%C3%B3n%20Ley%2040%20Horas%3A%20Autoridades%20de%20Ays%C3%A9n%20aclaran%20dudas%20sobre%20dictamen%20que%20fija%20criterio%20para%20la%20aplicaci%C3%B3n%20de%20la%20proporcionalidad%20en%20la%20reducci%C3%B3n%20de%20la%20jornada%20laboral' aria-hidden='false' data-av_icon='\ue8f3' data-av_iconfont='entypo-fontello' title='' data-avia-related-tooltip='Compartir en Facebook' rel=\"noopener\"><span class='avia_hidden_link_text'>Compartir en Facebook<\/span><\/a><\/li><li class='av-share-link av-social-link-twitter' ><a target=\"_blank\" aria-label=\"Compartir en Twitter\" href='https:\/\/twitter.com\/share?text=Implementaci%C3%B3n%20Ley%2040%20Horas%3A%20Autoridades%20de%20Ays%C3%A9n%20aclaran%20dudas%20sobre%20dictamen%20que%20fija%20criterio%20para%20la%20aplicaci%C3%B3n%20de%20la%20proporcionalidad%20en%20la%20reducci%C3%B3n%20de%20la%20jornada%20laboral&#038;url=https:\/\/radiorevelacionfm.cl\/?p=41601' aria-hidden='false' data-av_icon='\ue8f1' data-av_iconfont='entypo-fontello' title='' data-avia-related-tooltip='Compartir en Twitter' rel=\"noopener\"><span class='avia_hidden_link_text'>Compartir en Twitter<\/span><\/a><\/li><li class='av-share-link av-social-link-whatsapp' ><a target=\"_blank\" aria-label=\"Compartir en Whatsapp\" href='https:\/\/api.whatsapp.com\/send?text=https:\/\/radiorevelacionfm.cl\/?p=41601' aria-hidden='false' data-av_icon='\uf232' data-av_iconfont='entypo-fontello' title='' data-avia-related-tooltip='Compartir en Whatsapp' rel=\"noopener\"><span class='avia_hidden_link_text'>Compartir en Whatsapp<\/span><\/a><\/li><li class='av-share-link av-social-link-linkedin' ><a target=\"_blank\" aria-label=\"Compartir en LinkedIn\" href='https:\/\/linkedin.com\/shareArticle?mini=true&#038;title=Implementaci%C3%B3n%20Ley%2040%20Horas%3A%20Autoridades%20de%20Ays%C3%A9n%20aclaran%20dudas%20sobre%20dictamen%20que%20fija%20criterio%20para%20la%20aplicaci%C3%B3n%20de%20la%20proporcionalidad%20en%20la%20reducci%C3%B3n%20de%20la%20jornada%20laboral&#038;url=https:\/\/radiorevelacionfm.cl\/?p=41601' aria-hidden='false' data-av_icon='\ue8fc' data-av_iconfont='entypo-fontello' title='' data-avia-related-tooltip='Compartir en LinkedIn' rel=\"noopener\"><span class='avia_hidden_link_text'>Compartir en LinkedIn<\/span><\/a><\/li><li class='av-share-link av-social-link-mail' ><a  aria-label=\"Compartir por correo\" href='mailto:?subject=Implementaci%C3%B3n%20Ley%2040%20Horas%3A%20Autoridades%20de%20Ays%C3%A9n%20aclaran%20dudas%20sobre%20dictamen%20que%20fija%20criterio%20para%20la%20aplicaci%C3%B3n%20de%20la%20proporcionalidad%20en%20la%20reducci%C3%B3n%20de%20la%20jornada%20laboral&#038;body=https:\/\/radiorevelacionfm.cl\/?p=41601' aria-hidden='false' data-av_icon='\ue805' data-av_iconfont='entypo-fontello' title='' data-avia-related-tooltip='Compartir por correo'><span class='avia_hidden_link_text'>Compartir por correo<\/span><\/a><\/li><\/ul><\/div><\/div>\n<div  style='height:50px' class='hr hr-invisible   avia-builder-el-8  el_after_av_social_share  el_before_av_comments_list '><span class='hr-inner ' ><span class='hr-inner-style'><\/span><\/span><\/div>\n<div  class='av-buildercomment  av-blog-meta-html-info-disabled av-blog-meta-tag-disabled  '><\/div>\n","protected":false},"excerpt":{"rendered":"","protected":false},"author":1,"featured_media":41602,"comment_status":"open","ping_status":"open","sticky":false,"template":"","format":"standard","meta":{"footnotes":""},"categories":[56],"tags":[],"class_list":["post-41601","post","type-post","status-publish","format-standard","has-post-thumbnail","hentry","category-trabajo"],"jetpack_featured_media_url":"https:\/\/radiorevelacionfm.cl\/wp-content\/uploads\/2024\/04\/ley-40-horas-1_optimized.jpg","_links":{"self":[{"href":"https:\/\/radiorevelacionfm.cl\/index.php?rest_route=\/wp\/v2\/posts\/41601","targetHints":{"allow":["GET"]}}],"collection":[{"href":"https:\/\/radiorevelacionfm.cl\/index.php?rest_route=\/wp\/v2\/posts"}],"about":[{"href":"https:\/\/radiorevelacionfm.cl\/index.php?rest_route=\/wp\/v2\/types\/post"}],"author":[{"embeddable":true,"href":"https:\/\/radiorevelacionfm.cl\/index.php?rest_route=\/wp\/v2\/users\/1"}],"replies":[{"embeddable":true,"href":"https:\/\/radiorevelacionfm.cl\/index.php?rest_route=%2Fwp%2Fv2%2Fcomments&post=41601"}],"version-history":[{"count":1,"href":"https:\/\/radiorevelacionfm.cl\/index.php?rest_route=\/wp\/v2\/posts\/41601\/revisions"}],"predecessor-version":[{"id":41603,"href":"https:\/\/radiorevelacionfm.cl\/index.php?rest_route=\/wp\/v2\/posts\/41601\/revisions\/41603"}],"wp:featuredmedia":[{"embeddable":true,"href":"https:\/\/radiorevelacionfm.cl\/index.php?rest_route=\/wp\/v2\/media\/41602"}],"wp:attachment":[{"href":"https:\/\/radiorevelacionfm.cl\/index.php?rest_route=%2Fwp%2Fv2%2Fmedia&parent=41601"}],"wp:term":[{"taxonomy":"category","embeddable":true,"href":"https:\/\/radiorevelacionfm.cl\/index.php?rest_route=%2Fwp%2Fv2%2Fcategories&post=41601"},{"taxonomy":"post_tag","embeddable":true,"href":"https:\/\/radiorevelacionfm.cl\/index.php?rest_route=%2Fwp%2Fv2%2Ftags&post=41601"}],"curies":[{"name":"wp","href":"https:\/\/api.w.org\/{rel}","templated":true}]}}