{"id":41595,"date":"2024-04-25T11:38:21","date_gmt":"2024-04-25T14:38:21","guid":{"rendered":"https:\/\/radiorevelacionfm.cl\/?p=41595"},"modified":"2024-04-25T11:38:21","modified_gmt":"2024-04-25T14:38:21","slug":"fundacion-integra-realizo-lanzamiento-carta-de-navegacion-2024-2026","status":"publish","type":"post","link":"https:\/\/radiorevelacionfm.cl\/?p=41595","title":{"rendered":"Fundaci\u00f3n Integra realiz\u00f3 lanzamiento Carta de Navegaci\u00f3n 2024-2026"},"content":{"rendered":"<div class=\"flex_column av_one_full  flex_column_div av-zero-column-padding first  avia-builder-el-0  el_before_av_one_full  avia-builder-el-first  \" style='border-radius:0px; '><div  class='avia-image-container  av-styling-    avia-builder-el-1  avia-builder-el-no-sibling  avia-align-center '  itemprop=\"image\" itemscope=\"itemscope\" itemtype=\"https:\/\/schema.org\/ImageObject\"  ><div class='avia-image-container-inner'><div class='avia-image-overlay-wrap'><img decoding=\"async\" class='wp-image-41596 avia-img-lazy-loading-not-41596 avia_image' src=\"https:\/\/radiorevelacionfm.cl\/wp-content\/uploads\/2024\/04\/IMG_2259-min-1-1.jpg\" alt='' title='IMG_2259-min (1) (1)' height=\"600\" width=\"902\"  itemprop=\"thumbnailUrl\" srcset=\"https:\/\/radiorevelacionfm.cl\/wp-content\/uploads\/2024\/04\/IMG_2259-min-1-1.jpg 902w, https:\/\/radiorevelacionfm.cl\/wp-content\/uploads\/2024\/04\/IMG_2259-min-1-1-300x200.jpg 300w, https:\/\/radiorevelacionfm.cl\/wp-content\/uploads\/2024\/04\/IMG_2259-min-1-1-768x511.jpg 768w, https:\/\/radiorevelacionfm.cl\/wp-content\/uploads\/2024\/04\/IMG_2259-min-1-1-705x469.jpg 705w, https:\/\/radiorevelacionfm.cl\/wp-content\/uploads\/2024\/04\/IMG_2259-min-1-1-450x299.jpg 450w, https:\/\/radiorevelacionfm.cl\/wp-content\/uploads\/2024\/04\/IMG_2259-min-1-1-600x399.jpg 600w\" sizes=\"(max-width: 902px) 100vw, 902px\" \/><\/div><\/div><\/div><\/div><div class=\"flex_column av_one_full  flex_column_div av-zero-column-padding first  avia-builder-el-2  el_after_av_one_full  el_before_av_one_full  column-top-margin\" style='border-radius:0px; '><section class=\"av_textblock_section \"  itemscope=\"itemscope\" itemtype=\"https:\/\/schema.org\/BlogPosting\" itemprop=\"blogPost\" ><div class='avia_textblock  '   itemprop=\"text\" ><p style=\"text-align: center;\"><strong><span style=\"font-size: 18pt;\">Fundaci\u00f3n Integra realiz\u00f3 lanzamiento Carta de Navegaci\u00f3n 2024-2026<\/span><\/strong><\/p>\n<div id=\"gtx-trans\" style=\"position: absolute; left: -50px; top: 4.31534px;\">\n<div class=\"gtx-trans-icon\"><\/div>\n<\/div>\n<\/div><\/section><\/div><div class=\"flex_column av_one_full  flex_column_div av-zero-column-padding first  avia-builder-el-4  el_after_av_one_full  el_before_av_hr  column-top-margin\" style='border-radius:0px; '><section class=\"av_textblock_section \"  itemscope=\"itemscope\" itemtype=\"https:\/\/schema.org\/BlogPosting\" itemprop=\"blogPost\" ><div class='avia_textblock  '   itemprop=\"text\" ><p style=\"text-align: justify;\"><em>\u00a1S\u00fabete a bordo con amor y compromiso por la ni\u00f1ez! es el nombre de este hito institucional que tuvo por objetivo conectar con el rol de agentes de cambio social que tienen aquellos que desempe\u00f1an en Fundaci\u00f3n Integra permitiendo con esto dar inicio a la Planificaci\u00f3n Estrat\u00e9gica Institucional 2024 de la instituci\u00f3n.<\/em><\/p>\n<p style=\"text-align: justify;\">Con una alta convocatoria se desarroll\u00f3 en la regi\u00f3n de Ays\u00e9n el hito \u00a1S\u00fabete a bordo con amor y compromiso por la ni\u00f1ez! que es parte de las acciones desarrolladas para la actualizaci\u00f3n de la Carta de Navegaci\u00f3n que tiene Fundaci\u00f3n Integra para este a\u00f1o. La actividad cont\u00f3 con la participaci\u00f3n de trabajadores de oficina regional, directoras de jardines infantiles, representantes de organizaciones sindicales y autoridades del sector educaci\u00f3n presentes en la regi\u00f3n de Ays\u00e9n.<\/p>\n<p style=\"text-align: justify;\">Leticia Araya Norambuena, directora regional de Fundaci\u00f3n Integra tras la presentaci\u00f3n de la Carta de navegaci\u00f3n destac\u00f3 que es \u201ctodos quienes trabajamos en educaci\u00f3n parvularia somos actores importantes para que entregar una educaci\u00f3n de calidad y donde ni\u00f1os y ni\u00f1as sean felices, aprendan, jueguen y con equipos educativos que puedan desplegar todos su conocimientos y saberes para aportar a la educaci\u00f3n que se merecen\u201d.<\/p>\n<p style=\"text-align: justify;\">Durante la actividad, la directora regional de Fundaci\u00f3n Integra, Leticia Araya Norambuena, present\u00f3 la nueva Carta de Navegaci\u00f3n que muestra la hoja de ruta que estar\u00e1 desarrollando la Fundaci\u00f3n para lograr sus prop\u00f3sitos, y en la que se considera a ni\u00f1as y ni\u00f1os como sujetos de derechos, situ\u00e1ndolos en el centro de la gesti\u00f3n institucional.<\/p>\n<p style=\"text-align: justify;\">Este espacio permiti\u00f3 conocer las redefiniciones de los ejes y objetivos estrat\u00e9gicos de la instituci\u00f3n, la actualizaci\u00f3n de la Carta de Navegaci\u00f3n en la que se busca desarrollar un ejercicio de priorizaci\u00f3n de la gesti\u00f3n institucional, buscando con esto a contribuir a focalizar los esfuerzos institucionales para el logro de metas a mediano y largo plazo y en coherencia con las pol\u00edticas p\u00fablicas del nivel de educaci\u00f3n parvularia.<\/p>\n<p style=\"text-align: justify;\">Una de las asistentes a este hito de lanzamiento fue la seremi de educaci\u00f3n, Isabel Garrido Casassa quien destac\u00f3 que \u201ccon esta Carta de Navegaci\u00f3n, Integra va avanzando con pasos decididos a mejorar la calidad de la educaci\u00f3n parvularia. El derecho a la educaci\u00f3n es esencial, la educaci\u00f3n parvularia es el primer nivel educativo, fundamento de todo el edificio educativo que viene posteriormente, y de la mano con la Reactivaci\u00f3n Educativa\u201d.<\/p>\n<p style=\"text-align: justify;\">Desde la instituci\u00f3n revelan que, para realizar esta actualizaci\u00f3n de los objetivos estrat\u00e9gicos, se consider\u00f3 informaci\u00f3n levantada en diversos procesos participativos de la Carta de Navegaci\u00f3n 2022 \u2013 2026, permitiendo con esto hacer ajustes que permiten tener metas concretas y desafiantes para esta administraci\u00f3n.<\/p>\n<p style=\"text-align: justify;\">Por su parte, Claudia Cantero, jefa de la Divisi\u00f3n de Desarrollo Social y Humano del Gobierno Regional de Ays\u00e9n, agradeci\u00f3 poder ser parte de este espacio destacando que \u201ces fundamental conocer c\u00f3mo se proyecta el trabajo de Fundaci\u00f3n Integra para los pr\u00f3ximos a\u00f1os y saber tambi\u00e9n c\u00f3mo nosotros como Gobierno Regional de Ays\u00e9n podemos seguir colaborando con la gesti\u00f3n, con la proyecci\u00f3n, con la misi\u00f3n y visi\u00f3n para poder seguir avanzando en estas materias. Se nota que hay un trabajo comprometido con los ni\u00f1os y ni\u00f1as de la regi\u00f3n y eso es lo que importa, tener el foco en las infancias\u201d.<\/p>\n<p style=\"text-align: justify;\">La directora regional de Fundaci\u00f3n Integra recalc\u00f3 que \u201ccada uno de los esfuerzos y compromisos que hace la instituci\u00f3n va a permitir que los ni\u00f1os y ni\u00f1as, efectivamente, sean protagonistas de sus aprendizajes\u201d. A su vez reforz\u00f3 que \u201ceste trabajo no se hace en solitario, sino que en compa\u00f1\u00eda con el rol que tienen las familias y c\u00f3mo nosotros vamos construyendo equipo con ellos\u201d.<\/p>\n<p style=\"text-align: justify;\">Finalmente, cabe destacar que con 33 a\u00f1os de experiencia y m\u00e1s de 1.200 salas cuna y jardines infantiles gratuitos en todo el pa\u00eds, Fundaci\u00f3n Integra trabaja para lograr el desarrollo integral, bienestar y aprendizajes significativos de ni\u00f1os y ni\u00f1as, poniendo a su disposici\u00f3n espacios educativos diversos, estimulantes y de calidad.<\/p>\n<\/div><\/section><\/div><div  style='height:50px' class='hr hr-invisible   avia-builder-el-6  el_after_av_one_full  el_before_av_social_share '><span class='hr-inner ' ><span class='hr-inner-style'><\/span><\/span><\/div><\/p>\n<div  class='av-social-sharing-box  avia-builder-el-7  el_after_av_hr  el_before_av_hr  '><div class='av-share-box'><h5 class='av-share-link-description av-no-toc '>Compartir esta noticia<\/h5><ul class='av-share-box-list noLightbox'><li class='av-share-link av-social-link-facebook' ><a target=\"_blank\" aria-label=\"Compartir en Facebook\" href='https:\/\/www.facebook.com\/sharer.php?u=https:\/\/radiorevelacionfm.cl\/?p=41595&#038;t=Fundaci%C3%B3n%20Integra%20realiz%C3%B3%20lanzamiento%20Carta%20de%20Navegaci%C3%B3n%202024-2026' aria-hidden='false' data-av_icon='\ue8f3' data-av_iconfont='entypo-fontello' title='' data-avia-related-tooltip='Compartir en Facebook' rel=\"noopener\"><span class='avia_hidden_link_text'>Compartir en Facebook<\/span><\/a><\/li><li class='av-share-link av-social-link-twitter' ><a target=\"_blank\" aria-label=\"Compartir en Twitter\" href='https:\/\/twitter.com\/share?text=Fundaci%C3%B3n%20Integra%20realiz%C3%B3%20lanzamiento%20Carta%20de%20Navegaci%C3%B3n%202024-2026&#038;url=https:\/\/radiorevelacionfm.cl\/?p=41595' aria-hidden='false' data-av_icon='\ue8f1' data-av_iconfont='entypo-fontello' title='' data-avia-related-tooltip='Compartir en Twitter' rel=\"noopener\"><span class='avia_hidden_link_text'>Compartir en Twitter<\/span><\/a><\/li><li class='av-share-link av-social-link-whatsapp' ><a target=\"_blank\" aria-label=\"Compartir en Whatsapp\" href='https:\/\/api.whatsapp.com\/send?text=https:\/\/radiorevelacionfm.cl\/?p=41595' aria-hidden='false' data-av_icon='\uf232' data-av_iconfont='entypo-fontello' title='' data-avia-related-tooltip='Compartir en Whatsapp' rel=\"noopener\"><span class='avia_hidden_link_text'>Compartir en Whatsapp<\/span><\/a><\/li><li class='av-share-link av-social-link-linkedin' ><a target=\"_blank\" aria-label=\"Compartir en LinkedIn\" href='https:\/\/linkedin.com\/shareArticle?mini=true&#038;title=Fundaci%C3%B3n%20Integra%20realiz%C3%B3%20lanzamiento%20Carta%20de%20Navegaci%C3%B3n%202024-2026&#038;url=https:\/\/radiorevelacionfm.cl\/?p=41595' aria-hidden='false' data-av_icon='\ue8fc' data-av_iconfont='entypo-fontello' title='' data-avia-related-tooltip='Compartir en LinkedIn' rel=\"noopener\"><span class='avia_hidden_link_text'>Compartir en LinkedIn<\/span><\/a><\/li><li class='av-share-link av-social-link-mail' ><a  aria-label=\"Compartir por correo\" href='mailto:?subject=Fundaci%C3%B3n%20Integra%20realiz%C3%B3%20lanzamiento%20Carta%20de%20Navegaci%C3%B3n%202024-2026&#038;body=https:\/\/radiorevelacionfm.cl\/?p=41595' aria-hidden='false' data-av_icon='\ue805' data-av_iconfont='entypo-fontello' title='' data-avia-related-tooltip='Compartir por correo'><span class='avia_hidden_link_text'>Compartir por correo<\/span><\/a><\/li><\/ul><\/div><\/div>\n<div  style='height:50px' class='hr hr-invisible   avia-builder-el-8  el_after_av_social_share  el_before_av_comments_list '><span class='hr-inner ' ><span class='hr-inner-style'><\/span><\/span><\/div>\n<div  class='av-buildercomment  av-blog-meta-html-info-disabled av-blog-meta-tag-disabled  '><\/div>\n","protected":false},"excerpt":{"rendered":"","protected":false},"author":1,"featured_media":41596,"comment_status":"open","ping_status":"open","sticky":false,"template":"","format":"standard","meta":{"footnotes":""},"categories":[49],"tags":[],"class_list":["post-41595","post","type-post","status-publish","format-standard","has-post-thumbnail","hentry","category-educacion"],"jetpack_featured_media_url":"https:\/\/radiorevelacionfm.cl\/wp-content\/uploads\/2024\/04\/IMG_2259-min-1-1.jpg","_links":{"self":[{"href":"https:\/\/radiorevelacionfm.cl\/index.php?rest_route=\/wp\/v2\/posts\/41595","targetHints":{"allow":["GET"]}}],"collection":[{"href":"https:\/\/radiorevelacionfm.cl\/index.php?rest_route=\/wp\/v2\/posts"}],"about":[{"href":"https:\/\/radiorevelacionfm.cl\/index.php?rest_route=\/wp\/v2\/types\/post"}],"author":[{"embeddable":true,"href":"https:\/\/radiorevelacionfm.cl\/index.php?rest_route=\/wp\/v2\/users\/1"}],"replies":[{"embeddable":true,"href":"https:\/\/radiorevelacionfm.cl\/index.php?rest_route=%2Fwp%2Fv2%2Fcomments&post=41595"}],"version-history":[{"count":1,"href":"https:\/\/radiorevelacionfm.cl\/index.php?rest_route=\/wp\/v2\/posts\/41595\/revisions"}],"predecessor-version":[{"id":41597,"href":"https:\/\/radiorevelacionfm.cl\/index.php?rest_route=\/wp\/v2\/posts\/41595\/revisions\/41597"}],"wp:featuredmedia":[{"embeddable":true,"href":"https:\/\/radiorevelacionfm.cl\/index.php?rest_route=\/wp\/v2\/media\/41596"}],"wp:attachment":[{"href":"https:\/\/radiorevelacionfm.cl\/index.php?rest_route=%2Fwp%2Fv2%2Fmedia&parent=41595"}],"wp:term":[{"taxonomy":"category","embeddable":true,"href":"https:\/\/radiorevelacionfm.cl\/index.php?rest_route=%2Fwp%2Fv2%2Fcategories&post=41595"},{"taxonomy":"post_tag","embeddable":true,"href":"https:\/\/radiorevelacionfm.cl\/index.php?rest_route=%2Fwp%2Fv2%2Ftags&post=41595"}],"curies":[{"name":"wp","href":"https:\/\/api.w.org\/{rel}","templated":true}]}}