{"id":41592,"date":"2024-04-23T23:02:04","date_gmt":"2024-04-24T02:02:04","guid":{"rendered":"https:\/\/radiorevelacionfm.cl\/?p=41592"},"modified":"2024-04-23T23:02:04","modified_gmt":"2024-04-24T02:02:04","slug":"trabajo-intersectorial-busca-responder-demandas-sanitarias-en-comuna-de-cisnes","status":"publish","type":"post","link":"https:\/\/radiorevelacionfm.cl\/?p=41592","title":{"rendered":"Trabajo intersectorial busca responder demandas sanitarias en Comuna de Cisnes"},"content":{"rendered":"<div class=\"flex_column av_one_full  flex_column_div av-zero-column-padding first  avia-builder-el-0  el_before_av_one_full  avia-builder-el-first  \" style='border-radius:0px; '><div  class='avia-image-container  av-styling-    avia-builder-el-1  avia-builder-el-no-sibling  avia-align-center '  itemprop=\"image\" itemscope=\"itemscope\" itemtype=\"https:\/\/schema.org\/ImageObject\"  ><div class='avia-image-container-inner'><div class='avia-image-overlay-wrap'><img decoding=\"async\" class='wp-image-41593 avia-img-lazy-loading-not-41593 avia_image' src=\"https:\/\/radiorevelacionfm.cl\/wp-content\/uploads\/2024\/04\/encuentro-comunidad-1_optimized-1.jpeg\" alt='' title='encuentro-comunidad-(1)_optimized (1)' height=\"600\" width=\"1067\"  itemprop=\"thumbnailUrl\" srcset=\"https:\/\/radiorevelacionfm.cl\/wp-content\/uploads\/2024\/04\/encuentro-comunidad-1_optimized-1.jpeg 1067w, https:\/\/radiorevelacionfm.cl\/wp-content\/uploads\/2024\/04\/encuentro-comunidad-1_optimized-1-300x169.jpeg 300w, https:\/\/radiorevelacionfm.cl\/wp-content\/uploads\/2024\/04\/encuentro-comunidad-1_optimized-1-1030x579.jpeg 1030w, https:\/\/radiorevelacionfm.cl\/wp-content\/uploads\/2024\/04\/encuentro-comunidad-1_optimized-1-768x432.jpeg 768w, https:\/\/radiorevelacionfm.cl\/wp-content\/uploads\/2024\/04\/encuentro-comunidad-1_optimized-1-705x396.jpeg 705w, https:\/\/radiorevelacionfm.cl\/wp-content\/uploads\/2024\/04\/encuentro-comunidad-1_optimized-1-450x253.jpeg 450w, https:\/\/radiorevelacionfm.cl\/wp-content\/uploads\/2024\/04\/encuentro-comunidad-1_optimized-1-600x337.jpeg 600w\" sizes=\"(max-width: 1067px) 100vw, 1067px\" \/><\/div><\/div><\/div><\/div><div class=\"flex_column av_one_full  flex_column_div av-zero-column-padding first  avia-builder-el-2  el_after_av_one_full  el_before_av_one_full  column-top-margin\" style='border-radius:0px; '><section class=\"av_textblock_section \"  itemscope=\"itemscope\" itemtype=\"https:\/\/schema.org\/BlogPosting\" itemprop=\"blogPost\" ><div class='avia_textblock  '   itemprop=\"text\" ><p style=\"text-align: center;\"><span style=\"font-size: 18pt;\"><strong>Trabajo intersectorial busca responder demandas sanitarias en Comuna de Cisnes<\/strong><\/span><\/p>\n<div id=\"gtx-trans\" style=\"position: absolute; left: -50px; top: 4.31534px;\">\n<div class=\"gtx-trans-icon\"><\/div>\n<\/div>\n<\/div><\/section><\/div><div class=\"flex_column av_one_full  flex_column_div av-zero-column-padding first  avia-builder-el-4  el_after_av_one_full  el_before_av_hr  column-top-margin\" style='border-radius:0px; '><section class=\"av_textblock_section \"  itemscope=\"itemscope\" itemtype=\"https:\/\/schema.org\/BlogPosting\" itemprop=\"blogPost\" ><div class='avia_textblock  '   itemprop=\"text\" ><p style=\"text-align: justify;\"><em>Autoridad Sanitaria sostuvo jornada de trabajo con comunidades de la zona norte de Ays\u00e9n, donde vecinos plantearon necesidad de coordinar acciones que mejoren calidad de vida de sus comunidades.<\/em><\/p>\n<p style=\"text-align: justify;\">A trav\u00e9s de un trabajo en terreno, que incluy\u00f3 reuniones con dirigentes sociales y municipios de la zona norte de Ays\u00e9n, profesionales de la Secretar\u00eda Regional Ministerial de Salud pudieron establecer un plan de trabajo intersectorial para seguir avanzando en dar respuesta a inquietudes de la comunidad asociadas a mejorar las prestaciones y programas de salud, adem\u00e1s del manejo de los residuos domiciliarios, entre otros.<\/p>\n<p style=\"text-align: justify;\">Encuentros con la comunidad que se desarrollaron tanto en la comuna de Lago Verde, como en Puerto Cisnes, un hecho que fue destacado por la Pdta. JJVV N9 de Cisnes, Gloria Cadag\u00e1n Opazo. \u201cQuiero agradecer la participaci\u00f3n de la seremi en una reuni\u00f3n convocada como vecinos para plantear problem\u00e1ticas de rebalse que se producen en los sectores de ribera sur y norte de la ciudad, donde adem\u00e1s estuvo presente la Superintendencia de Servicios Sanitarios y la empresa Aguas Patagonia.\u00a0 Fue una jornada muy positiva donde los mismos vecinos plantearon sus problemas, quedamos bastante contentos porque se pudo gestionar otro tipo de apoyos para la b\u00fasqueda de soluciones en esta materia. Para nosotros es importante que las autoridades est\u00e9n en los territorios para que conozcan las problem\u00e1ticas por parte de los propios vecinos,\u201d concluy\u00f3 la dirigente social.<\/p>\n<p style=\"text-align: justify;\">Similar opini\u00f3n fue la que manifest\u00f3 el Concejal de Cisnes, Francisco Abarca, quien tambi\u00e9n valor\u00f3 la importancia de di\u00e1logo en terreno de las autoridades y la comunidad.\u00a0 \u201cSe agradece la disposici\u00f3n de la Seremi para estar presente en el territorio, a ra\u00edz de las solicitudes de vecinos, en este caso se trata de una agrupaci\u00f3n y una junta de vecinos que tienen inquietudes desde hace bastante tiempo. As\u00ed, ella pudo venir con su equipo, donde no solo escucharon los problemas, sino que lo importante es que se busquen las soluciones m\u00e1s pr\u00e1cticas para avanzar en los temas planteados, donde no cabe duda que est\u00e1 el compromiso de las autoridades por avanzar a un mejor vivir en nuestra comuna\u201d.<\/p>\n<p style=\"text-align: justify;\">En este contexto, la Seremi de Salud Ays\u00e9n, Carmen Monsalve G\u00f3mez, se refiri\u00f3 a las acciones desarrolladas en la zona norte de la regi\u00f3n.\u00a0 \u201cConstantemente, como equipo de trabajo, estamos en contacto con nuestras comunidades para conocer sus demandas y la forma en que perciben el trabajo que se desarrolla por seguir mejorando las prestaciones y programas de salud en la regi\u00f3n. Es por eso que efectuamos un recorrido por los sectores de Ra\u00fal Mar\u00edn Balmaceda, La Junta, Lago Verde y Cisnes, donde nos reunimos con organizaciones sociales y representantes de los municipios de estas comunas, donde temas asociados al manejo de residuos domiciliarios, prestaciones y promociones de los programas de salud, adem\u00e1s del funcionamiento de servicios sanitarios, marcaron las jornadas de trabajo con autoridades y vecinos de esto sectores. Este trabajo en terreno se enmarca en el compromiso de nuestro Gobierno de poder trabajar muy de cerca de las realidades que afectan a nuestra comunidades, creo que es relevante mantener este tipo de trabajo, as\u00ed lo entienden nuestras comunidades, donde podemos conversar directamente acerca de los temas que preocupan e interesan a las localidades, donde en muchas ocasiones la soluci\u00f3n a sus problem\u00e1ticas, pasa por la coordinaci\u00f3n entre organismos p\u00fablicos y privados para un trabajo intersectorial que d\u00e9 respuesta inmediata a temas comunales y provinciales de cada sector\u201d.<\/p>\n<p style=\"text-align: justify;\">Durante este recorrido a la zona norte de la regi\u00f3n, adem\u00e1s de reforzar los procesos de vacunaci\u00f3n para prevenir enfermedades respiratorias graves durante este invierno, la Autoridad Sanitaria se reuni\u00f3 con los funcionarios de postas rurales y centros de salud familiar, a quienes agradeci\u00f3 el trabajo e importante labor que desarrollan durante los 365 d\u00edas del a\u00f1o en favor de sus respectivas comunidades.<\/p>\n<\/div><\/section><\/div><div  style='height:50px' class='hr hr-invisible   avia-builder-el-6  el_after_av_one_full  el_before_av_social_share '><span class='hr-inner ' ><span class='hr-inner-style'><\/span><\/span><\/div><\/p>\n<div  class='av-social-sharing-box  avia-builder-el-7  el_after_av_hr  el_before_av_hr  '><div class='av-share-box'><h5 class='av-share-link-description av-no-toc '>Compartir esta noticia<\/h5><ul class='av-share-box-list noLightbox'><li class='av-share-link av-social-link-facebook' ><a target=\"_blank\" aria-label=\"Compartir en Facebook\" href='https:\/\/www.facebook.com\/sharer.php?u=https:\/\/radiorevelacionfm.cl\/?p=41592&#038;t=Trabajo%20intersectorial%20busca%20responder%20demandas%20sanitarias%20en%20Comuna%20de%20Cisnes' aria-hidden='false' data-av_icon='\ue8f3' data-av_iconfont='entypo-fontello' title='' data-avia-related-tooltip='Compartir en Facebook' rel=\"noopener\"><span class='avia_hidden_link_text'>Compartir en Facebook<\/span><\/a><\/li><li class='av-share-link av-social-link-twitter' ><a target=\"_blank\" aria-label=\"Compartir en Twitter\" href='https:\/\/twitter.com\/share?text=Trabajo%20intersectorial%20busca%20responder%20demandas%20sanitarias%20en%20Comuna%20de%20Cisnes&#038;url=https:\/\/radiorevelacionfm.cl\/?p=41592' aria-hidden='false' data-av_icon='\ue8f1' data-av_iconfont='entypo-fontello' title='' data-avia-related-tooltip='Compartir en Twitter' rel=\"noopener\"><span class='avia_hidden_link_text'>Compartir en Twitter<\/span><\/a><\/li><li class='av-share-link av-social-link-whatsapp' ><a target=\"_blank\" aria-label=\"Compartir en Whatsapp\" href='https:\/\/api.whatsapp.com\/send?text=https:\/\/radiorevelacionfm.cl\/?p=41592' aria-hidden='false' data-av_icon='\uf232' data-av_iconfont='entypo-fontello' title='' data-avia-related-tooltip='Compartir en Whatsapp' rel=\"noopener\"><span class='avia_hidden_link_text'>Compartir en Whatsapp<\/span><\/a><\/li><li class='av-share-link av-social-link-linkedin' ><a target=\"_blank\" aria-label=\"Compartir en LinkedIn\" href='https:\/\/linkedin.com\/shareArticle?mini=true&#038;title=Trabajo%20intersectorial%20busca%20responder%20demandas%20sanitarias%20en%20Comuna%20de%20Cisnes&#038;url=https:\/\/radiorevelacionfm.cl\/?p=41592' aria-hidden='false' data-av_icon='\ue8fc' data-av_iconfont='entypo-fontello' title='' data-avia-related-tooltip='Compartir en LinkedIn' rel=\"noopener\"><span class='avia_hidden_link_text'>Compartir en LinkedIn<\/span><\/a><\/li><li class='av-share-link av-social-link-mail' ><a  aria-label=\"Compartir por correo\" href='mailto:?subject=Trabajo%20intersectorial%20busca%20responder%20demandas%20sanitarias%20en%20Comuna%20de%20Cisnes&#038;body=https:\/\/radiorevelacionfm.cl\/?p=41592' aria-hidden='false' data-av_icon='\ue805' data-av_iconfont='entypo-fontello' title='' data-avia-related-tooltip='Compartir por correo'><span class='avia_hidden_link_text'>Compartir por correo<\/span><\/a><\/li><\/ul><\/div><\/div>\n<div  style='height:50px' class='hr hr-invisible   avia-builder-el-8  el_after_av_social_share  el_before_av_comments_list '><span class='hr-inner ' ><span class='hr-inner-style'><\/span><\/span><\/div>\n<div  class='av-buildercomment  av-blog-meta-html-info-disabled av-blog-meta-tag-disabled  '><\/div>\n","protected":false},"excerpt":{"rendered":"","protected":false},"author":1,"featured_media":41593,"comment_status":"open","ping_status":"open","sticky":false,"template":"","format":"standard","meta":{"footnotes":""},"categories":[46],"tags":[],"class_list":["post-41592","post","type-post","status-publish","format-standard","has-post-thumbnail","hentry","category-salud"],"jetpack_featured_media_url":"https:\/\/radiorevelacionfm.cl\/wp-content\/uploads\/2024\/04\/encuentro-comunidad-1_optimized-1.jpeg","_links":{"self":[{"href":"https:\/\/radiorevelacionfm.cl\/index.php?rest_route=\/wp\/v2\/posts\/41592","targetHints":{"allow":["GET"]}}],"collection":[{"href":"https:\/\/radiorevelacionfm.cl\/index.php?rest_route=\/wp\/v2\/posts"}],"about":[{"href":"https:\/\/radiorevelacionfm.cl\/index.php?rest_route=\/wp\/v2\/types\/post"}],"author":[{"embeddable":true,"href":"https:\/\/radiorevelacionfm.cl\/index.php?rest_route=\/wp\/v2\/users\/1"}],"replies":[{"embeddable":true,"href":"https:\/\/radiorevelacionfm.cl\/index.php?rest_route=%2Fwp%2Fv2%2Fcomments&post=41592"}],"version-history":[{"count":1,"href":"https:\/\/radiorevelacionfm.cl\/index.php?rest_route=\/wp\/v2\/posts\/41592\/revisions"}],"predecessor-version":[{"id":41594,"href":"https:\/\/radiorevelacionfm.cl\/index.php?rest_route=\/wp\/v2\/posts\/41592\/revisions\/41594"}],"wp:featuredmedia":[{"embeddable":true,"href":"https:\/\/radiorevelacionfm.cl\/index.php?rest_route=\/wp\/v2\/media\/41593"}],"wp:attachment":[{"href":"https:\/\/radiorevelacionfm.cl\/index.php?rest_route=%2Fwp%2Fv2%2Fmedia&parent=41592"}],"wp:term":[{"taxonomy":"category","embeddable":true,"href":"https:\/\/radiorevelacionfm.cl\/index.php?rest_route=%2Fwp%2Fv2%2Fcategories&post=41592"},{"taxonomy":"post_tag","embeddable":true,"href":"https:\/\/radiorevelacionfm.cl\/index.php?rest_route=%2Fwp%2Fv2%2Ftags&post=41592"}],"curies":[{"name":"wp","href":"https:\/\/api.w.org\/{rel}","templated":true}]}}