{"id":41589,"date":"2024-04-24T11:25:36","date_gmt":"2024-04-24T14:25:36","guid":{"rendered":"https:\/\/radiorevelacionfm.cl\/?p=41589"},"modified":"2024-04-24T11:25:36","modified_gmt":"2024-04-24T14:25:36","slug":"culturas-aysen-biblioteca-regional-y-comunidades-escolares-celebran-el-dia-internacional-del-libro","status":"publish","type":"post","link":"https:\/\/radiorevelacionfm.cl\/?p=41589","title":{"rendered":"Culturas Ays\u00e9n, Biblioteca Regional y comunidades escolares celebran el D\u00eda Internacional del Libro"},"content":{"rendered":"<div class=\"flex_column av_one_full  flex_column_div av-zero-column-padding first  avia-builder-el-0  el_before_av_one_full  avia-builder-el-first  \" style='border-radius:0px; '><div  class='avia-image-container  av-styling-    avia-builder-el-1  avia-builder-el-no-sibling  avia-align-center '  itemprop=\"image\" itemscope=\"itemscope\" itemtype=\"https:\/\/schema.org\/ImageObject\"  ><div class='avia-image-container-inner'><div class='avia-image-overlay-wrap'><img decoding=\"async\" class='wp-image-41590 avia-img-lazy-loading-not-41590 avia_image' src=\"https:\/\/radiorevelacionfm.cl\/wp-content\/uploads\/2024\/04\/dia-del-libro2-1-1.jpg\" alt='' title='dia del libro2 (1) (1)' height=\"600\" width=\"900\"  itemprop=\"thumbnailUrl\" srcset=\"https:\/\/radiorevelacionfm.cl\/wp-content\/uploads\/2024\/04\/dia-del-libro2-1-1.jpg 900w, https:\/\/radiorevelacionfm.cl\/wp-content\/uploads\/2024\/04\/dia-del-libro2-1-1-300x200.jpg 300w, https:\/\/radiorevelacionfm.cl\/wp-content\/uploads\/2024\/04\/dia-del-libro2-1-1-768x512.jpg 768w, https:\/\/radiorevelacionfm.cl\/wp-content\/uploads\/2024\/04\/dia-del-libro2-1-1-705x470.jpg 705w, https:\/\/radiorevelacionfm.cl\/wp-content\/uploads\/2024\/04\/dia-del-libro2-1-1-450x300.jpg 450w, https:\/\/radiorevelacionfm.cl\/wp-content\/uploads\/2024\/04\/dia-del-libro2-1-1-600x400.jpg 600w\" sizes=\"(max-width: 900px) 100vw, 900px\" \/><\/div><\/div><\/div><\/div><div class=\"flex_column av_one_full  flex_column_div av-zero-column-padding first  avia-builder-el-2  el_after_av_one_full  el_before_av_one_full  column-top-margin\" style='border-radius:0px; '><section class=\"av_textblock_section \"  itemscope=\"itemscope\" itemtype=\"https:\/\/schema.org\/BlogPosting\" itemprop=\"blogPost\" ><div class='avia_textblock  '   itemprop=\"text\" ><p style=\"text-align: center;\"><span style=\"font-size: 18pt;\"><b>Culturas Ays\u00e9n, Biblioteca Regional y comunidades escolares celebran el D\u00eda Internacional del Libro<\/b><\/span><\/p>\n<div id=\"gtx-trans\" style=\"position: absolute; left: -50px; top: 4.31534px;\">\n<div class=\"gtx-trans-icon\"><\/div>\n<\/div>\n<\/div><\/section><\/div><div class=\"flex_column av_one_full  flex_column_div av-zero-column-padding first  avia-builder-el-4  el_after_av_one_full  el_before_av_hr  column-top-margin\" style='border-radius:0px; '><section class=\"av_textblock_section \"  itemscope=\"itemscope\" itemtype=\"https:\/\/schema.org\/BlogPosting\" itemprop=\"blogPost\" ><div class='avia_textblock  '   itemprop=\"text\" ><p style=\"text-align: justify;\">Cada 23 de abril, el mundo entero celebra al libro y la lectura. La fecha la estableci\u00f3 la Unesco en 1995 y recuerda el fallecimiento de los escritores Garcilaso de la Vega y Shakespeare. Se suma a la conmemoraci\u00f3n Cervantes, quien muri\u00f3 un d\u00eda antes de ese 1616.<\/p>\n<p style=\"text-align: justify;\">\u201cSiglos despu\u00e9s y a miles de kil\u00f3metros, en la Patagonia chilena, festejamos el fomento lector y a los libros como protagonistas de la vida y sus posibilidades con actores fundamentales para que el impacto de la lectura perdure, como son los ni\u00f1os, ni\u00f1as y adolescentes \u201d, dice el seremi de Culturas Ays\u00e9n, Felipe Quiroz, tras participar junto a los equipos de la Biblioteca Regional de Ays\u00e9n, del Plan Nacional de la Lectura y a las comunidades escolares de Baquedano, Espa\u00f1a y Altamira, en las celebraciones del D\u00eda Mundial del Libro y el Derecho de Autor.<\/p>\n<p style=\"text-align: justify;\">2024 es el A\u00f1o de las Lecturas para las Infancias y Adolescencias y, en ese contexto, los estudiantes son los primeros llamados a festejar el Mes y el D\u00eda del Libro. La Biblioteca Regional de Ays\u00e9n celebr\u00f3 la v\u00edspera con un Taller que orienta la selecci\u00f3n de las lecturas para adolescentes y con un jornada de Cuentacuentos a sala llena, a cargo de la Agrupaci\u00f3n de Narradoras y Narradores Orales de Ays\u00e9n. Y este 23 de abril, sigui\u00f3 su programa con una lectura p\u00fablica en el frontis del principal edificio librero de Coyhaique y con la premiaci\u00f3n a los mejores lectores de la regi\u00f3n.<\/p>\n<p style=\"text-align: justify;\">La directora de la Biblioteca Regional de Ays\u00e9n, Gloria Carrillo, dijo que \u201ccomo Biblioteca Regional nos dedicamos a honrar al libro. Si bien, durante todo el a\u00f1o trabajamos con el libro, este es el d\u00eda en que lo celebramos porque es el cumplea\u00f1os del libro, y es cuando los destacamos en todos los formatos. No nos queda m\u00e1s que invitar a la comunidad a que se hagan socios de la biblioteca. Tenemos un hermoso edificio con una cantidad bibliogr\u00e1fica considerable. Los invitamos a que sean parte de nuestra Red de Bibliotecas, ya sea en Coyhaique o en toda la Regi\u00f3n de Ays\u00e9n. Disfrutemos el libro y la lectura\u201d.<\/p>\n<p style=\"text-align: justify;\">Coincidiendo con el D\u00eda Mundial del Libro y el Derecho de Autor, la Seremi de Culturas Ays\u00e9n y el Plan Nacional de la Lectura abrieron la convocatoria del XIV Concurso Literario Cuentos de Invierno, dise\u00f1ado especialmente para la comunidad escolar. Pueden participar\u00e1n, en distintas categor\u00edas, estudiantes de tercero b\u00e1sico a segundo medio, y profesoras, profesores, educadoras de p\u00e1rvulos y agentes educativos que trabajan de manera dependiente en establecimientos educacionales (jardines infantiles, escuelas y liceos) de la Regi\u00f3n de Ays\u00e9n.<\/p>\n<p style=\"text-align: justify;\">El seremi de Culturas Ays\u00e9n, Felipe Quiroz, quiso poner el acento en que \u201cCuentos de Invierno, en su decimocuarta edici\u00f3n, es una gran oportunidad para que las comunidades escolares vuelquen toda su creatividad y recojan historias y personajes en sus propias comunas, con sus propios referentes territoriales. Este certamen quiere que la voz colectiva de las y los m\u00e1s j\u00f3venes se escuche en todas partes\u201d.<\/p>\n<p style=\"text-align: justify;\">Descarga las bases de Cuentos de invierno en\u00a0<a id=\"m_3095618690124804934LPlnk182898\" href=\"https:\/\/tinyurl.com\/6y7a6ukx\" target=\"_blank\" rel=\"noopener\" data-saferedirecturl=\"https:\/\/www.google.com\/url?q=https:\/\/tinyurl.com\/6y7a6ukx&amp;source=gmail&amp;ust=1713989683440000&amp;usg=AOvVaw3QSADNbqk24zjFxfH7Ab5C\">https:\/\/tinyurl.com\/6y7a6ukx<\/a>\u00a0y env\u00eda tu relato hasta el 4 de octubre a\u00a0<a href=\"mailto:culturasaysen@cultura.gob.cl\" target=\"_blank\" rel=\"noopener\">culturasaysen@cultura.gob.cl<\/a>.<\/p>\n<p>Esta semana dedicada al libro culmina con un Encuentro con autoras a cargo de Patricia Rivera, encargada de Educaci\u00f3n Art\u00edstica de la Seremi de Culturas Ays\u00e9n, quien abordar\u00e1 la obra de Alia Trabucco en la Biblioteca Regional.<\/p>\n<div id=\"m_3095618690124804934Signature\" style=\"text-align: justify;\"><\/div>\n<\/div><\/section><\/div><div  style='height:50px' class='hr hr-invisible   avia-builder-el-6  el_after_av_one_full  el_before_av_social_share '><span class='hr-inner ' ><span class='hr-inner-style'><\/span><\/span><\/div><\/p>\n<div  class='av-social-sharing-box  avia-builder-el-7  el_after_av_hr  el_before_av_hr  '><div class='av-share-box'><h5 class='av-share-link-description av-no-toc '>Compartir esta noticia<\/h5><ul class='av-share-box-list noLightbox'><li class='av-share-link av-social-link-facebook' ><a target=\"_blank\" aria-label=\"Compartir en Facebook\" href='https:\/\/www.facebook.com\/sharer.php?u=https:\/\/radiorevelacionfm.cl\/?p=41589&#038;t=Culturas%20Ays%C3%A9n%2C%20Biblioteca%20Regional%20y%20comunidades%20escolares%20celebran%20el%20D%C3%ADa%20Internacional%20del%20Libro' aria-hidden='false' data-av_icon='\ue8f3' data-av_iconfont='entypo-fontello' title='' data-avia-related-tooltip='Compartir en Facebook' rel=\"noopener\"><span class='avia_hidden_link_text'>Compartir en Facebook<\/span><\/a><\/li><li class='av-share-link av-social-link-twitter' ><a target=\"_blank\" aria-label=\"Compartir en Twitter\" href='https:\/\/twitter.com\/share?text=Culturas%20Ays%C3%A9n%2C%20Biblioteca%20Regional%20y%20comunidades%20escolares%20celebran%20el%20D%C3%ADa%20Internacional%20del%20Libro&#038;url=https:\/\/radiorevelacionfm.cl\/?p=41589' aria-hidden='false' data-av_icon='\ue8f1' data-av_iconfont='entypo-fontello' title='' data-avia-related-tooltip='Compartir en Twitter' rel=\"noopener\"><span class='avia_hidden_link_text'>Compartir en Twitter<\/span><\/a><\/li><li class='av-share-link av-social-link-whatsapp' ><a target=\"_blank\" aria-label=\"Compartir en Whatsapp\" href='https:\/\/api.whatsapp.com\/send?text=https:\/\/radiorevelacionfm.cl\/?p=41589' aria-hidden='false' data-av_icon='\uf232' data-av_iconfont='entypo-fontello' title='' data-avia-related-tooltip='Compartir en Whatsapp' rel=\"noopener\"><span class='avia_hidden_link_text'>Compartir en Whatsapp<\/span><\/a><\/li><li class='av-share-link av-social-link-linkedin' ><a target=\"_blank\" aria-label=\"Compartir en LinkedIn\" href='https:\/\/linkedin.com\/shareArticle?mini=true&#038;title=Culturas%20Ays%C3%A9n%2C%20Biblioteca%20Regional%20y%20comunidades%20escolares%20celebran%20el%20D%C3%ADa%20Internacional%20del%20Libro&#038;url=https:\/\/radiorevelacionfm.cl\/?p=41589' aria-hidden='false' data-av_icon='\ue8fc' data-av_iconfont='entypo-fontello' title='' data-avia-related-tooltip='Compartir en LinkedIn' rel=\"noopener\"><span class='avia_hidden_link_text'>Compartir en LinkedIn<\/span><\/a><\/li><li class='av-share-link av-social-link-mail' ><a  aria-label=\"Compartir por correo\" href='mailto:?subject=Culturas%20Ays%C3%A9n%2C%20Biblioteca%20Regional%20y%20comunidades%20escolares%20celebran%20el%20D%C3%ADa%20Internacional%20del%20Libro&#038;body=https:\/\/radiorevelacionfm.cl\/?p=41589' aria-hidden='false' data-av_icon='\ue805' data-av_iconfont='entypo-fontello' title='' data-avia-related-tooltip='Compartir por correo'><span class='avia_hidden_link_text'>Compartir por correo<\/span><\/a><\/li><\/ul><\/div><\/div>\n<div  style='height:50px' class='hr hr-invisible   avia-builder-el-8  el_after_av_social_share  el_before_av_comments_list '><span class='hr-inner ' ><span class='hr-inner-style'><\/span><\/span><\/div>\n<div  class='av-buildercomment  av-blog-meta-html-info-disabled av-blog-meta-tag-disabled  '><\/div>\n","protected":false},"excerpt":{"rendered":"","protected":false},"author":1,"featured_media":41590,"comment_status":"open","ping_status":"open","sticky":false,"template":"","format":"standard","meta":{"footnotes":""},"categories":[52],"tags":[],"class_list":["post-41589","post","type-post","status-publish","format-standard","has-post-thumbnail","hentry","category-cultura"],"jetpack_featured_media_url":"https:\/\/radiorevelacionfm.cl\/wp-content\/uploads\/2024\/04\/dia-del-libro2-1-1.jpg","_links":{"self":[{"href":"https:\/\/radiorevelacionfm.cl\/index.php?rest_route=\/wp\/v2\/posts\/41589","targetHints":{"allow":["GET"]}}],"collection":[{"href":"https:\/\/radiorevelacionfm.cl\/index.php?rest_route=\/wp\/v2\/posts"}],"about":[{"href":"https:\/\/radiorevelacionfm.cl\/index.php?rest_route=\/wp\/v2\/types\/post"}],"author":[{"embeddable":true,"href":"https:\/\/radiorevelacionfm.cl\/index.php?rest_route=\/wp\/v2\/users\/1"}],"replies":[{"embeddable":true,"href":"https:\/\/radiorevelacionfm.cl\/index.php?rest_route=%2Fwp%2Fv2%2Fcomments&post=41589"}],"version-history":[{"count":1,"href":"https:\/\/radiorevelacionfm.cl\/index.php?rest_route=\/wp\/v2\/posts\/41589\/revisions"}],"predecessor-version":[{"id":41591,"href":"https:\/\/radiorevelacionfm.cl\/index.php?rest_route=\/wp\/v2\/posts\/41589\/revisions\/41591"}],"wp:featuredmedia":[{"embeddable":true,"href":"https:\/\/radiorevelacionfm.cl\/index.php?rest_route=\/wp\/v2\/media\/41590"}],"wp:attachment":[{"href":"https:\/\/radiorevelacionfm.cl\/index.php?rest_route=%2Fwp%2Fv2%2Fmedia&parent=41589"}],"wp:term":[{"taxonomy":"category","embeddable":true,"href":"https:\/\/radiorevelacionfm.cl\/index.php?rest_route=%2Fwp%2Fv2%2Fcategories&post=41589"},{"taxonomy":"post_tag","embeddable":true,"href":"https:\/\/radiorevelacionfm.cl\/index.php?rest_route=%2Fwp%2Fv2%2Ftags&post=41589"}],"curies":[{"name":"wp","href":"https:\/\/api.w.org\/{rel}","templated":true}]}}