{"id":41582,"date":"2024-04-23T22:30:31","date_gmt":"2024-04-24T01:30:31","guid":{"rendered":"https:\/\/radiorevelacionfm.cl\/?p=41582"},"modified":"2024-04-23T22:30:31","modified_gmt":"2024-04-24T01:30:31","slug":"gobernadora-macias-asegura-que-buscaran-modificacion-presupuestaria-para-ir-en-ayuda-de-primera-compania-de-bomberos-de-coyhaique","status":"publish","type":"post","link":"https:\/\/radiorevelacionfm.cl\/?p=41582","title":{"rendered":"Gobernadora Mac\u00edas asegura que buscar\u00e1n modificaci\u00f3n presupuestaria para ir en ayuda de Primera Compa\u00f1\u00eda de Bomberos de Coyhaique"},"content":{"rendered":"<div class=\"flex_column av_one_full  flex_column_div av-zero-column-padding first  avia-builder-el-0  el_before_av_one_full  avia-builder-el-first  \" style='border-radius:0px; '><div  class='avia-image-container  av-styling-    avia-builder-el-1  avia-builder-el-no-sibling  avia-align-center '  itemprop=\"image\" itemscope=\"itemscope\" itemtype=\"https:\/\/schema.org\/ImageObject\"  ><div class='avia-image-container-inner'><div class='avia-image-overlay-wrap'><img decoding=\"async\" class='wp-image-41583 avia-img-lazy-loading-not-41583 avia_image' src=\"https:\/\/radiorevelacionfm.cl\/wp-content\/uploads\/2024\/04\/WhatsApp-Image-2024-04-23-at-11.12.19-AM-1-1-1.jpeg\" alt='' title='WhatsApp Image 2024-04-23 at 11.12.19 AM (1) (1) (1)' height=\"600\" width=\"1067\"  itemprop=\"thumbnailUrl\" srcset=\"https:\/\/radiorevelacionfm.cl\/wp-content\/uploads\/2024\/04\/WhatsApp-Image-2024-04-23-at-11.12.19-AM-1-1-1.jpeg 1067w, https:\/\/radiorevelacionfm.cl\/wp-content\/uploads\/2024\/04\/WhatsApp-Image-2024-04-23-at-11.12.19-AM-1-1-1-300x169.jpeg 300w, https:\/\/radiorevelacionfm.cl\/wp-content\/uploads\/2024\/04\/WhatsApp-Image-2024-04-23-at-11.12.19-AM-1-1-1-1030x579.jpeg 1030w, https:\/\/radiorevelacionfm.cl\/wp-content\/uploads\/2024\/04\/WhatsApp-Image-2024-04-23-at-11.12.19-AM-1-1-1-768x432.jpeg 768w, https:\/\/radiorevelacionfm.cl\/wp-content\/uploads\/2024\/04\/WhatsApp-Image-2024-04-23-at-11.12.19-AM-1-1-1-705x396.jpeg 705w, https:\/\/radiorevelacionfm.cl\/wp-content\/uploads\/2024\/04\/WhatsApp-Image-2024-04-23-at-11.12.19-AM-1-1-1-450x253.jpeg 450w, https:\/\/radiorevelacionfm.cl\/wp-content\/uploads\/2024\/04\/WhatsApp-Image-2024-04-23-at-11.12.19-AM-1-1-1-600x337.jpeg 600w\" sizes=\"(max-width: 1067px) 100vw, 1067px\" \/><\/div><\/div><\/div><\/div><div class=\"flex_column av_one_full  flex_column_div av-zero-column-padding first  avia-builder-el-2  el_after_av_one_full  el_before_av_one_full  column-top-margin\" style='border-radius:0px; '><section class=\"av_textblock_section \"  itemscope=\"itemscope\" itemtype=\"https:\/\/schema.org\/BlogPosting\" itemprop=\"blogPost\" ><div class='avia_textblock  '   itemprop=\"text\" ><p style=\"text-align: center;\"><strong><span style=\"font-size: 18pt;\">Gobernadora Mac\u00edas asegura que buscar\u00e1n modificaci\u00f3n presupuestaria para ir en ayuda de Primera Compa\u00f1\u00eda de Bomberos de Coyhaique<\/span><\/strong><\/p>\n<div id=\"gtx-trans\" style=\"position: absolute; left: -50px; top: 4.31534px;\">\n<div class=\"gtx-trans-icon\"><\/div>\n<\/div>\n<\/div><\/section><\/div><div class=\"flex_column av_one_full  flex_column_div av-zero-column-padding first  avia-builder-el-4  el_after_av_one_full  el_before_av_hr  column-top-margin\" style='border-radius:0px; '><section class=\"av_textblock_section \"  itemscope=\"itemscope\" itemtype=\"https:\/\/schema.org\/BlogPosting\" itemprop=\"blogPost\" ><div class='avia_textblock  '   itemprop=\"text\" ><p dir=\"ltr\" style=\"text-align: justify;\">A primera hora de este martes, una vez superada la emergencia provocada por el incendio que consumi\u00f3 gran parte del cuartel de la Primera Compa\u00f1\u00eda de Bomberos de Coyhaique, la Gobernadora Regional de Ays\u00e9n, Andrea Mac\u00edas Palma, convoc\u00f3 a una mesa de trabajo para ir en apoyo de la instituci\u00f3n tras el siniestro.<\/p>\n<p dir=\"ltr\" style=\"text-align: justify;\">La primera autoridad de la Regi\u00f3n record\u00f3 que el Gobierno Regional de Ays\u00e9n ya se encontraba trabajando en un proyecto para la reposici\u00f3n del cuartel de la Primera Compa\u00f1\u00eda, por lo que uno de los primeros acuerdos tomados por esta mesa fue abordar con car\u00e1cter de urgencia una soluci\u00f3n transitoria para el funcionamiento de la compa\u00f1\u00eda afectada.<\/p>\n<p dir=\"ltr\" style=\"text-align: justify;\">\u00abUno de los acuerdos que hemos tomado hoy d\u00eda es que a m\u00e1s tardar al d\u00eda jueves la instituci\u00f3n debiera informarnos a nosotros cu\u00e1l es el monto que se debiera requerir para la adquisici\u00f3n de galpones modulares que permitan tener la maquinaria cubierta y en base a ese monto es que nosotros vamos a definir y acudir al Consejo y veremos si podemos invocar alguna causal de emergencia para modificar nuestro presupuesto\u00bb, afirm\u00f3 la Gobernadora Mac\u00edas.<\/p>\n<p dir=\"ltr\" style=\"text-align: justify;\">La iniciativa para la reposici\u00f3n de la infraestructura se encuentra a la espera de algunas observaciones de dise\u00f1o, por lo que la autoridad regional buscar\u00e1 conversar con la subsecretar\u00eda de Evaluaci\u00f3n Social para darle celeridad a la tramitaci\u00f3n.<\/p>\n<p dir=\"ltr\" style=\"text-align: justify;\">Al respecto el Delegado Presidencial Regional, Rodrigo Araya, se\u00f1al\u00f3 que \u00abel proyecto tiene observaciones respecto al dise\u00f1o de un edificio de dos plantas, que tiene habilitaciones, acceso universal, un alto n\u00famero de integrantes. Son cinco observaciones en las que tenemos que trabajar prontamente para resolverlas. Yo creo que eso no va a ser una dificultad y esperamos que prontamente tenga la recomendaci\u00f3n satisfactoria (RS) para que empiece la etapa de distribuci\u00f3n presupuestaria y todos los procesos de licitaci\u00f3n posteriores\u00bb.<\/p>\n<p dir=\"ltr\" style=\"text-align: justify;\">Por su parte, la municipalidad de Coyhaique dispuso de terrenos para el funcionamiento de esta infraestructura modular transitoria. \u00abHay dos terrenos a disposici\u00f3n, el sector de la cancha de estacionamientos del ex terminal de buses y el segundo es el que ya hab\u00edamos donado, pero el que est\u00e1 colindante, detr\u00e1s de la PDI en el sector de la Escuela Agr\u00edcola, donde estar\u00e1 la macroinfraestructura desarrollada para generar una soluci\u00f3n r\u00e1pida para un espacio modular en el cuartel de la primera compa\u00f1\u00eda\u00bb, detall\u00f3 el alcalde Carlos Gatica.<\/p>\n<p dir=\"ltr\" style=\"text-align: justify;\">Finalmente, el vicesuperintendente de Bomberos de Coyhaique, Ignacio Sep\u00falveda, agradeci\u00f3 la respuesta inmediata por parte de las autoridades ante esta tragedia sufrida por la instituci\u00f3n.<\/p>\n<p dir=\"ltr\" style=\"text-align: justify;\">\u00abPara nosotros m\u00e1s importante que pensar en la infraestructura o pensar en reparar, siempre la preocupaci\u00f3n es que el servicio no se interrumpa jam\u00e1s. la primera compa\u00f1\u00eda pese a que tiene su cuartel siniestrado est\u00e1 operativa, est\u00e1 funcionando en la segunda compa\u00f1\u00eda en este momento. Estamos trabajando en diferentes temas de log\u00edstica pero estamos muy contentos pese a la tragedia, porque as\u00ed como se consumi\u00f3 r\u00e1pidamente la infraestructura por el incendio, r\u00e1pidamente hay soluciones sobre la mesa\u00bb, concluy\u00f3.<\/p>\n<\/div><\/section><\/div><div  style='height:50px' class='hr hr-invisible   avia-builder-el-6  el_after_av_one_full  el_before_av_social_share '><span class='hr-inner ' ><span class='hr-inner-style'><\/span><\/span><\/div><\/p>\n<div  class='av-social-sharing-box  avia-builder-el-7  el_after_av_hr  el_before_av_hr  '><div class='av-share-box'><h5 class='av-share-link-description av-no-toc '>Compartir esta noticia<\/h5><ul class='av-share-box-list noLightbox'><li class='av-share-link av-social-link-facebook' ><a target=\"_blank\" aria-label=\"Compartir en Facebook\" href='https:\/\/www.facebook.com\/sharer.php?u=https:\/\/radiorevelacionfm.cl\/?p=41582&#038;t=Gobernadora%20Mac%C3%ADas%20asegura%20que%20buscar%C3%A1n%20modificaci%C3%B3n%20presupuestaria%20para%20ir%20en%20ayuda%20de%20Primera%20Compa%C3%B1%C3%ADa%20de%20Bomberos%20de%20Coyhaique' aria-hidden='false' data-av_icon='\ue8f3' data-av_iconfont='entypo-fontello' title='' data-avia-related-tooltip='Compartir en Facebook' rel=\"noopener\"><span class='avia_hidden_link_text'>Compartir en Facebook<\/span><\/a><\/li><li class='av-share-link av-social-link-twitter' ><a target=\"_blank\" aria-label=\"Compartir en Twitter\" href='https:\/\/twitter.com\/share?text=Gobernadora%20Mac%C3%ADas%20asegura%20que%20buscar%C3%A1n%20modificaci%C3%B3n%20presupuestaria%20para%20ir%20en%20ayuda%20de%20Primera%20Compa%C3%B1%C3%ADa%20de%20Bomberos%20de%20Coyhaique&#038;url=https:\/\/radiorevelacionfm.cl\/?p=41582' aria-hidden='false' data-av_icon='\ue8f1' data-av_iconfont='entypo-fontello' title='' data-avia-related-tooltip='Compartir en Twitter' rel=\"noopener\"><span class='avia_hidden_link_text'>Compartir en Twitter<\/span><\/a><\/li><li class='av-share-link av-social-link-whatsapp' ><a target=\"_blank\" aria-label=\"Compartir en Whatsapp\" href='https:\/\/api.whatsapp.com\/send?text=https:\/\/radiorevelacionfm.cl\/?p=41582' aria-hidden='false' data-av_icon='\uf232' data-av_iconfont='entypo-fontello' title='' data-avia-related-tooltip='Compartir en Whatsapp' rel=\"noopener\"><span class='avia_hidden_link_text'>Compartir en Whatsapp<\/span><\/a><\/li><li class='av-share-link av-social-link-linkedin' ><a target=\"_blank\" aria-label=\"Compartir en LinkedIn\" href='https:\/\/linkedin.com\/shareArticle?mini=true&#038;title=Gobernadora%20Mac%C3%ADas%20asegura%20que%20buscar%C3%A1n%20modificaci%C3%B3n%20presupuestaria%20para%20ir%20en%20ayuda%20de%20Primera%20Compa%C3%B1%C3%ADa%20de%20Bomberos%20de%20Coyhaique&#038;url=https:\/\/radiorevelacionfm.cl\/?p=41582' aria-hidden='false' data-av_icon='\ue8fc' data-av_iconfont='entypo-fontello' title='' data-avia-related-tooltip='Compartir en LinkedIn' rel=\"noopener\"><span class='avia_hidden_link_text'>Compartir en LinkedIn<\/span><\/a><\/li><li class='av-share-link av-social-link-mail' ><a  aria-label=\"Compartir por correo\" href='mailto:?subject=Gobernadora%20Mac%C3%ADas%20asegura%20que%20buscar%C3%A1n%20modificaci%C3%B3n%20presupuestaria%20para%20ir%20en%20ayuda%20de%20Primera%20Compa%C3%B1%C3%ADa%20de%20Bomberos%20de%20Coyhaique&#038;body=https:\/\/radiorevelacionfm.cl\/?p=41582' aria-hidden='false' data-av_icon='\ue805' data-av_iconfont='entypo-fontello' title='' data-avia-related-tooltip='Compartir por correo'><span class='avia_hidden_link_text'>Compartir por correo<\/span><\/a><\/li><\/ul><\/div><\/div>\n<div  style='height:50px' class='hr hr-invisible   avia-builder-el-8  el_after_av_social_share  el_before_av_comments_list '><span class='hr-inner ' ><span class='hr-inner-style'><\/span><\/span><\/div>\n<div  class='av-buildercomment  av-blog-meta-html-info-disabled av-blog-meta-tag-disabled  '><\/div>\n","protected":false},"excerpt":{"rendered":"","protected":false},"author":1,"featured_media":41583,"comment_status":"open","ping_status":"open","sticky":false,"template":"","format":"standard","meta":{"footnotes":""},"categories":[38],"tags":[],"class_list":["post-41582","post","type-post","status-publish","format-standard","has-post-thumbnail","hentry","category-regional"],"jetpack_featured_media_url":"https:\/\/radiorevelacionfm.cl\/wp-content\/uploads\/2024\/04\/WhatsApp-Image-2024-04-23-at-11.12.19-AM-1-1-1.jpeg","_links":{"self":[{"href":"https:\/\/radiorevelacionfm.cl\/index.php?rest_route=\/wp\/v2\/posts\/41582","targetHints":{"allow":["GET"]}}],"collection":[{"href":"https:\/\/radiorevelacionfm.cl\/index.php?rest_route=\/wp\/v2\/posts"}],"about":[{"href":"https:\/\/radiorevelacionfm.cl\/index.php?rest_route=\/wp\/v2\/types\/post"}],"author":[{"embeddable":true,"href":"https:\/\/radiorevelacionfm.cl\/index.php?rest_route=\/wp\/v2\/users\/1"}],"replies":[{"embeddable":true,"href":"https:\/\/radiorevelacionfm.cl\/index.php?rest_route=%2Fwp%2Fv2%2Fcomments&post=41582"}],"version-history":[{"count":1,"href":"https:\/\/radiorevelacionfm.cl\/index.php?rest_route=\/wp\/v2\/posts\/41582\/revisions"}],"predecessor-version":[{"id":41584,"href":"https:\/\/radiorevelacionfm.cl\/index.php?rest_route=\/wp\/v2\/posts\/41582\/revisions\/41584"}],"wp:featuredmedia":[{"embeddable":true,"href":"https:\/\/radiorevelacionfm.cl\/index.php?rest_route=\/wp\/v2\/media\/41583"}],"wp:attachment":[{"href":"https:\/\/radiorevelacionfm.cl\/index.php?rest_route=%2Fwp%2Fv2%2Fmedia&parent=41582"}],"wp:term":[{"taxonomy":"category","embeddable":true,"href":"https:\/\/radiorevelacionfm.cl\/index.php?rest_route=%2Fwp%2Fv2%2Fcategories&post=41582"},{"taxonomy":"post_tag","embeddable":true,"href":"https:\/\/radiorevelacionfm.cl\/index.php?rest_route=%2Fwp%2Fv2%2Ftags&post=41582"}],"curies":[{"name":"wp","href":"https:\/\/api.w.org\/{rel}","templated":true}]}}