{"id":4158,"date":"2021-05-14T11:32:41","date_gmt":"2021-05-14T14:32:41","guid":{"rendered":"https:\/\/radiorevelacionfm.cl\/?p=4158"},"modified":"2021-05-14T11:32:41","modified_gmt":"2021-05-14T14:32:41","slug":"proponen-reducir-a-la-mitad-los-plazos-para-el-divorcio-de-comun-acuerdo-y-el-unilateral","status":"publish","type":"post","link":"https:\/\/radiorevelacionfm.cl\/?p=4158","title":{"rendered":"Proponen reducir a la mitad los plazos para el divorcio de com\u00fan acuerdo y el unilateral"},"content":{"rendered":"<div class=\"flex_column av_one_full  flex_column_div av-zero-column-padding first  avia-builder-el-0  el_before_av_one_full  avia-builder-el-first  \" style='border-radius:0px; '><div  class='avia-image-container  av-styling-    avia-builder-el-1  avia-builder-el-no-sibling  avia-align-center '  itemprop=\"image\" itemscope=\"itemscope\" itemtype=\"https:\/\/schema.org\/ImageObject\"  ><div class='avia-image-container-inner'><div class='avia-image-overlay-wrap'><img decoding=\"async\" class='wp-image-0 avia-img-lazy-loading-not-0 avia_image' src=\"https:\/\/radiorevelacionfm.cl\/wp-content\/uploads\/2021\/05\/divorcio1_630_1140-1.jpg\" alt='' title=''   itemprop=\"thumbnailUrl\"  \/><\/div><\/div><\/div><\/div><div class=\"flex_column av_one_full  flex_column_div av-zero-column-padding first  avia-builder-el-2  el_after_av_one_full  el_before_av_one_full  column-top-margin\" style='border-radius:0px; '><section class=\"av_textblock_section \"  itemscope=\"itemscope\" itemtype=\"https:\/\/schema.org\/BlogPosting\" itemprop=\"blogPost\" ><div class='avia_textblock  '   itemprop=\"text\" ><p style=\"text-align: center;\"><strong><span style=\"font-size: 18pt;\">Proponen reducir a la mitad los plazos para el divorcio de com\u00fan acuerdo y el unilateral<\/span><\/strong><\/p>\n<div id=\"gtx-trans\" style=\"position: absolute; left: -50px; top: 4.31534px;\">\n<div class=\"gtx-trans-icon\"><\/div>\n<\/div>\n<\/div><\/section><\/div><div class=\"flex_column av_one_full  flex_column_div av-zero-column-padding first  avia-builder-el-4  el_after_av_one_full  el_before_av_hr  column-top-margin\" style='border-radius:0px; '><section class=\"av_textblock_section \"  itemscope=\"itemscope\" itemtype=\"https:\/\/schema.org\/BlogPosting\" itemprop=\"blogPost\" ><div class='avia_textblock  '   itemprop=\"text\" ><p style=\"text-align: justify;\">La iniciativa, que fue derivada a la Comisi\u00f3n de Constituci\u00f3n, Legislaci\u00f3n, Justicia y Reglamento del Senado, propone\u00a0<strong>reducir de 3 a\u00f1os a un plazo de m\u00e1s de 18 meses desde que cesa efectivamente la convivencia, el plazo para declarar el divorcio unilateral; y de 1 a\u00f1o a m\u00e1s de 6 meses, en el caso en que la ruptura matrimonial sea de com\u00fan acuerdo.<\/strong><\/p>\n<p style=\"text-align: justify;\">Cabe recordar que\u00a0 la nueva Ley de Matrimonio Civil establece plazos especiales para poner t\u00e9rmino al v\u00ednculo, mediante el divorcio, ya sea en su modalidad unilateral o de com\u00fan acuerdo, para lo cual debe transcurrir un plazo de 1 y 3 a\u00f1os respectivamente, desde el cese de convivencia.<\/p>\n<p style=\"text-align: justify;\">Ello se encuentra consagrado en la ley que indica que se otorgar\u00e1 fecha cierta al cese de la convivencia, con una escritura p\u00fablica, acta extendida y protocolizada ante notario p\u00fablico o acta extendida ante un Oficial del Registro Civil,\u00a0 o transacci\u00f3n aprobada judicialmente, siendo estos los \u00fanicos medios para poder probar el cese respecto a aquellos matrimonios celebrados con posterioridad al 17 de noviembre del 2004.<\/p>\n<p style=\"text-align: justify;\">DIFICULTADES<\/p>\n<div class=\"contSubtit\" style=\"text-align: justify;\">\n<div class=\"linkSubtit\">Seg\u00fan explican los autores del proyecto, esta regulaci\u00f3n ha tra\u00eddo una serie de dificultades, pues muchas personas que han\u00a0 contra\u00eddo matrimonio con posterioridad al 2004 desconocen esta normativa y una vez que terminan su vida en com\u00fan, no prosiguen con la realizaci\u00f3n del cese de convivencia y s\u00f3lo una vez que quieren volver a contraer matrimonio, se encuentran con la sorpresa de que para poder realizar el divorcio, deben contar con este cese de convivencia el cual muchas veces no poseen.<\/div>\n<\/div>\n<p style=\"text-align: justify;\">Agregan que son muchas las personas divorciadas que concurren a las Corporaciones de asistencia judicial a fin de realizar el tr\u00e1mite del divorcio, y es en ese momento cuando conocen la normativa legal vigente y\u00a0<strong>se ven forzados a esperar un a\u00f1o o tres desde ese momento, sin importar que el cese de convivencia se haya producido con m\u00faltiples a\u00f1os de anterioridad.<\/strong><\/p>\n<p style=\"text-align: justify;\">Seg\u00fan las cifras del Registro Civil e Identificaci\u00f3n, las inscripciones de divorcio cayeron en 71%: fueron 3.191 entre abril y junio reci\u00e9n pasado, mientras que en igual periodo de 2019 ascendieron a 11.344.<\/p>\n<p style=\"text-align: justify;\">Si bien la pandemia es considerada como uno de los factores, otra situaci\u00f3n que puede dar respuesta a la baja en los\u00a0 divorcios, dice relaci\u00f3n con los atrasos que se ha vivido en el Poder Judicial en general, y particularmente en los tribunales de familia, debido a la retenci\u00f3n de tribunales de familia del 10% de los fondos de la AFP, lo cual ha retrasado todos los otros procedimientos que se ventilan en dichas judicaturas y ha reducido el inter\u00e9s en regularizar separaciones de hecho las cuales no han hecho m\u00e1s que multiplicarse.<\/p>\n<p style=\"text-align: justify;\">PROPUESTA<\/p>\n<div class=\"contSubtit\" style=\"text-align: justify;\">\n<div class=\"linkSubtit\">En lo fundamental, el proyecto propone que el divorcio sea decretado por el juez si ambos c\u00f3nyuges lo solicitan de com\u00fan acuerdo y acreditan que ha cesado su convivencia durante <strong>un lapso mayor de seis meses.<\/strong><\/div>\n<\/div>\n<p style=\"text-align: justify;\">Adem\u00e1s, se\u00f1ala que habr\u00e1 lugar al divorcio cuando se verifique un cese efectivo de la convivencia conyugal <strong>durante el transcurso de, a lo menos, dieciocho meses,\u00a0<\/strong>salvo que, a solicitud de la parte demandada, el juez verifique que el demandante, durante el cese de la convivencia, no ha dado cumplimiento, reiterado, a su obligaci\u00f3n de alimentos respecto del c\u00f3nyuge demandado y de los hijos comunes, pudiendo hacerlo.<\/p>\n<\/div><\/section><\/div><div  style='height:50px' class='hr hr-invisible   avia-builder-el-6  el_after_av_one_full  el_before_av_social_share '><span class='hr-inner ' ><span class='hr-inner-style'><\/span><\/span><\/div><\/p>\n<div  class='av-social-sharing-box  avia-builder-el-7  el_after_av_hr  el_before_av_hr  '><div class='av-share-box'><h5 class='av-share-link-description av-no-toc '>Compartir esta noticia<\/h5><ul class='av-share-box-list noLightbox'><li class='av-share-link av-social-link-facebook' ><a target=\"_blank\" aria-label=\"Compartir en Facebook\" href='https:\/\/www.facebook.com\/sharer.php?u=https:\/\/radiorevelacionfm.cl\/?p=4158&#038;t=Proponen%20reducir%20a%20la%20mitad%20los%20plazos%20para%20el%20divorcio%20de%20com%C3%BAn%20acuerdo%20y%20el%20unilateral' aria-hidden='false' data-av_icon='\ue8f3' data-av_iconfont='entypo-fontello' title='' data-avia-related-tooltip='Compartir en Facebook' rel=\"noopener\"><span class='avia_hidden_link_text'>Compartir en Facebook<\/span><\/a><\/li><li class='av-share-link av-social-link-twitter' ><a target=\"_blank\" aria-label=\"Compartir en Twitter\" href='https:\/\/twitter.com\/share?text=Proponen%20reducir%20a%20la%20mitad%20los%20plazos%20para%20el%20divorcio%20de%20com%C3%BAn%20acuerdo%20y%20el%20unilateral&#038;url=https:\/\/radiorevelacionfm.cl\/?p=4158' aria-hidden='false' data-av_icon='\ue8f1' data-av_iconfont='entypo-fontello' title='' data-avia-related-tooltip='Compartir en Twitter' rel=\"noopener\"><span class='avia_hidden_link_text'>Compartir en Twitter<\/span><\/a><\/li><li class='av-share-link av-social-link-whatsapp' ><a target=\"_blank\" aria-label=\"Compartir en Whatsapp\" href='https:\/\/api.whatsapp.com\/send?text=https:\/\/radiorevelacionfm.cl\/?p=4158' aria-hidden='false' data-av_icon='\uf232' data-av_iconfont='entypo-fontello' title='' data-avia-related-tooltip='Compartir en Whatsapp' rel=\"noopener\"><span class='avia_hidden_link_text'>Compartir en Whatsapp<\/span><\/a><\/li><li class='av-share-link av-social-link-linkedin' ><a target=\"_blank\" aria-label=\"Compartir en LinkedIn\" href='https:\/\/linkedin.com\/shareArticle?mini=true&#038;title=Proponen%20reducir%20a%20la%20mitad%20los%20plazos%20para%20el%20divorcio%20de%20com%C3%BAn%20acuerdo%20y%20el%20unilateral&#038;url=https:\/\/radiorevelacionfm.cl\/?p=4158' aria-hidden='false' data-av_icon='\ue8fc' data-av_iconfont='entypo-fontello' title='' data-avia-related-tooltip='Compartir en LinkedIn' rel=\"noopener\"><span class='avia_hidden_link_text'>Compartir en LinkedIn<\/span><\/a><\/li><li class='av-share-link av-social-link-mail' ><a  aria-label=\"Compartir por correo\" href='mailto:?subject=Proponen%20reducir%20a%20la%20mitad%20los%20plazos%20para%20el%20divorcio%20de%20com%C3%BAn%20acuerdo%20y%20el%20unilateral&#038;body=https:\/\/radiorevelacionfm.cl\/?p=4158' aria-hidden='false' data-av_icon='\ue805' data-av_iconfont='entypo-fontello' title='' data-avia-related-tooltip='Compartir por correo'><span class='avia_hidden_link_text'>Compartir por correo<\/span><\/a><\/li><\/ul><\/div><\/div>\n<div  style='height:50px' class='hr hr-invisible   avia-builder-el-8  el_after_av_social_share  el_before_av_comments_list '><span class='hr-inner ' ><span class='hr-inner-style'><\/span><\/span><\/div>\n<div  class='av-buildercomment  av-blog-meta-html-info-disabled av-blog-meta-tag-disabled  '><\/div>\n","protected":false},"excerpt":{"rendered":"","protected":false},"author":1,"featured_media":0,"comment_status":"open","ping_status":"open","sticky":false,"template":"","format":"standard","meta":{"footnotes":""},"categories":[55],"tags":[],"class_list":["post-4158","post","type-post","status-publish","format-standard","hentry","category-justicia"],"jetpack_featured_media_url":"","_links":{"self":[{"href":"https:\/\/radiorevelacionfm.cl\/index.php?rest_route=\/wp\/v2\/posts\/4158","targetHints":{"allow":["GET"]}}],"collection":[{"href":"https:\/\/radiorevelacionfm.cl\/index.php?rest_route=\/wp\/v2\/posts"}],"about":[{"href":"https:\/\/radiorevelacionfm.cl\/index.php?rest_route=\/wp\/v2\/types\/post"}],"author":[{"embeddable":true,"href":"https:\/\/radiorevelacionfm.cl\/index.php?rest_route=\/wp\/v2\/users\/1"}],"replies":[{"embeddable":true,"href":"https:\/\/radiorevelacionfm.cl\/index.php?rest_route=%2Fwp%2Fv2%2Fcomments&post=4158"}],"version-history":[{"count":1,"href":"https:\/\/radiorevelacionfm.cl\/index.php?rest_route=\/wp\/v2\/posts\/4158\/revisions"}],"predecessor-version":[{"id":4160,"href":"https:\/\/radiorevelacionfm.cl\/index.php?rest_route=\/wp\/v2\/posts\/4158\/revisions\/4160"}],"wp:attachment":[{"href":"https:\/\/radiorevelacionfm.cl\/index.php?rest_route=%2Fwp%2Fv2%2Fmedia&parent=4158"}],"wp:term":[{"taxonomy":"category","embeddable":true,"href":"https:\/\/radiorevelacionfm.cl\/index.php?rest_route=%2Fwp%2Fv2%2Fcategories&post=4158"},{"taxonomy":"post_tag","embeddable":true,"href":"https:\/\/radiorevelacionfm.cl\/index.php?rest_route=%2Fwp%2Fv2%2Ftags&post=4158"}],"curies":[{"name":"wp","href":"https:\/\/api.w.org\/{rel}","templated":true}]}}