{"id":41576,"date":"2024-04-23T21:53:26","date_gmt":"2024-04-24T00:53:26","guid":{"rendered":"https:\/\/radiorevelacionfm.cl\/?p=41576"},"modified":"2024-04-23T21:53:26","modified_gmt":"2024-04-24T00:53:26","slug":"segun-sondeo-2-de-cada-3-jovenes-que-declaran-no-querer-tener-hijos-indican-que-en-su-decision-influye-el-cambio-climatico","status":"publish","type":"post","link":"https:\/\/radiorevelacionfm.cl\/?p=41576","title":{"rendered":"Seg\u00fan sondeo 2 de cada 3 j\u00f3venes que declaran no querer tener hijos indican que en su decisi\u00f3n influye el cambio clim\u00e1tico"},"content":{"rendered":"<div class=\"flex_column av_one_full  flex_column_div av-zero-column-padding first  avia-builder-el-0  el_before_av_one_full  avia-builder-el-first  \" style='border-radius:0px; '><div  class='avia-image-container  av-styling-    avia-builder-el-1  avia-builder-el-no-sibling  avia-align-center '  itemprop=\"image\" itemscope=\"itemscope\" itemtype=\"https:\/\/schema.org\/ImageObject\"  ><div class='avia-image-container-inner'><div class='avia-image-overlay-wrap'><img decoding=\"async\" class='wp-image-41577 avia-img-lazy-loading-not-41577 avia_image' src=\"https:\/\/radiorevelacionfm.cl\/wp-content\/uploads\/2024\/04\/foto-1-1-3-1-2_optimized.jpg\" alt='' title='foto-1-(1)-(3)-(1)-(2)_optimized' height=\"1000\" width=\"800\"  itemprop=\"thumbnailUrl\" srcset=\"https:\/\/radiorevelacionfm.cl\/wp-content\/uploads\/2024\/04\/foto-1-1-3-1-2_optimized.jpg 800w, https:\/\/radiorevelacionfm.cl\/wp-content\/uploads\/2024\/04\/foto-1-1-3-1-2_optimized-240x300.jpg 240w, https:\/\/radiorevelacionfm.cl\/wp-content\/uploads\/2024\/04\/foto-1-1-3-1-2_optimized-768x960.jpg 768w, https:\/\/radiorevelacionfm.cl\/wp-content\/uploads\/2024\/04\/foto-1-1-3-1-2_optimized-564x705.jpg 564w, https:\/\/radiorevelacionfm.cl\/wp-content\/uploads\/2024\/04\/foto-1-1-3-1-2_optimized-450x563.jpg 450w, https:\/\/radiorevelacionfm.cl\/wp-content\/uploads\/2024\/04\/foto-1-1-3-1-2_optimized-600x750.jpg 600w\" sizes=\"(max-width: 800px) 100vw, 800px\" \/><\/div><\/div><\/div><\/div><div class=\"flex_column av_one_full  flex_column_div av-zero-column-padding first  avia-builder-el-2  el_after_av_one_full  el_before_av_one_full  column-top-margin\" style='border-radius:0px; '><section class=\"av_textblock_section \"  itemscope=\"itemscope\" itemtype=\"https:\/\/schema.org\/BlogPosting\" itemprop=\"blogPost\" ><div class='avia_textblock  '   itemprop=\"text\" ><p style=\"text-align: center;\"><strong><span style=\"font-size: 18pt;\">Seg\u00fan sondeo 2 de cada 3 j\u00f3venes que declaran no querer tener hijos indican que en su decisi\u00f3n influye el cambio clim\u00e1tico <\/span><\/strong><\/p>\n<div id=\"gtx-trans\" style=\"position: absolute; left: -50px; top: 4.31534px;\">\n<div class=\"gtx-trans-icon\"><\/div>\n<\/div>\n<\/div><\/section><\/div><div class=\"flex_column av_one_full  flex_column_div av-zero-column-padding first  avia-builder-el-4  el_after_av_one_full  el_before_av_hr  column-top-margin\" style='border-radius:0px; '><section class=\"av_textblock_section \"  itemscope=\"itemscope\" itemtype=\"https:\/\/schema.org\/BlogPosting\" itemprop=\"blogPost\" ><div class='avia_textblock  '   itemprop=\"text\" ><p style=\"text-align: justify;\"><em>De acuerdo al estudio elaborado por el Instituto Nacional de la Juventud (INJUV), los principales sentimientos de las personas entre 15 a 29 a\u00f1os\u00a0en torno a esta tem\u00e1tica son: preocupaci\u00f3n, tristeza y miedo.<\/em><\/p>\n<p style=\"text-align: justify;\">El Instituto Nacional de la Juventud y el Ministerio de Medio Ambiente, \u00a0dieron a conocer los resultados de un importante sondeo \u00a0enfocado en las \u00a0\u201cJuventudes y Crisis Clim\u00e1tica\u201d.<\/p>\n<p style=\"text-align: justify;\">Este es un estudio in\u00e9dito en el pa\u00eds y fue construido junto organismos estatales, la academia, centros de estudios y organizaciones juveniles que trabajan el tema. Fue encargado por INJUV a la Direcci\u00f3n de Estudios Sociales de la UC entrevistando a 1.513 personas j\u00f3venes entre los 15 y 29 a\u00f1os de edad, de todas las regiones del pa\u00eds, durante el mes de enero.<\/p>\n<p style=\"text-align: justify;\">De acuerdo al estudio, el 91% de las personas entrevistadas afirma que el cambio clim\u00e1tico tendr\u00e1 efectos muy negativos o negativos en la calidad de vida de las personas y que los sentimientos como preocupaci\u00f3n (21%), tristeza (18%) y miedo (12%) son los m\u00e1s recurrentes a la hora de pensar en este tema.<\/p>\n<p style=\"text-align: justify;\">En relaci\u00f3n a las trayectorias y proyecciones juveniles, el sondeo se\u00f1ala que el 67% de quienes declararon no querer tener hijos (o m\u00e1s hijos) indicaron que el cambio clim\u00e1tico s\u00ed ha influenciado este deseo.<\/p>\n<p style=\"text-align: justify;\">Respecto al sondeo, el Seremi de Medio Ambiente de la regi\u00f3n, Yoal D\u00edaz Reyes, indic\u00f3 que \u201cestamos en un momento de crisis clim\u00e1tica, particularmente desafiados como humanidad para tomar acci\u00f3n en conjunto de manera urgente y buscando acercar el mensaje a todos y todas, en este sentido, los resultados de este estudio muestran la importancia de abordar los temas de crisis clim\u00e1tica y cambio clim\u00e1tico con todos quienes son parte de las juventudes, tanto a nivel nacional como a nivel regional,\u00a0 en ese sentido tenemos un desaf\u00edo importante como regi\u00f3n de Ays\u00e9n, pensando en que las caracter\u00edsticas de la sociedad y nuestro territorio nos desaf\u00edan y nos invitan tambi\u00e9n a sumar fuerzas, as\u00ed que la invitaci\u00f3n es que seamos garantes de poder avanzar con medidas concretas, de hacer acci\u00f3n ambiental \u00a0y esta acci\u00f3n ambiental va a tener r\u00e9ditos respecto a c\u00f3mo vamos trabajando con todos y todas quienes son parte de nuestra hermosa regi\u00f3n. Seguimos trabajando en conjunto junto a INJUV y queremos invitar a todas las juventudes que quieran informarse que estaremos a disposici\u00f3n de poder escuchar todo lo que quieran para poder as\u00ed tener un mejor abordaje de la crisis clim\u00e1tica que enfrentamos y c\u00f3mo podemos seguir trabajando en conjunto\u201d.<\/p>\n<p style=\"text-align: justify;\">La angustia emocional es otro de los sentimientos que con mucha frecuencia experimentan las juventudes ante la amenaza del cambio clim\u00e1tico. Seg\u00fan el sondeo, cerca de un cuarto de las y los entrevistados se encuentra en esa situaci\u00f3n. Esta realidad predomina en las mujeres j\u00f3venes, mayormente en el nivel socioecon\u00f3mico medio o bajo.<\/p>\n<p style=\"text-align: justify;\">Otro punto relevante es la alta disposici\u00f3n a participar en acciones que contribuyan a combatir el cambio clim\u00e1tico. Seg\u00fan el estudio, m\u00e1s del 70% de la poblaci\u00f3n joven realizar\u00eda acciones o actividades de voluntariado en beneficio del medio ambiente, mientras que el 41% declara que busca activamente informaci\u00f3n sobre el tema.<\/p>\n<p style=\"text-align: justify;\">Al respeto, el director regional de INJUV Ays\u00e9n, Camilo Trivi\u00f1o Urtubia, se\u00f1al\u00f3 que \u201ceste estudio es in\u00e9dito en el pa\u00eds y posee indicadores trabajados con gente experta, funcionarios p\u00fablicos y las propias organizaciones juveniles que trabajan el tema. La informaci\u00f3n que hoy conocemos es muy valiosa y nos muestras que si bien se percibe una angustia por el panorama actual, las juventudes est\u00e1n realizando acciones concretas para mitigar el cambio clim\u00e1tico\u201d.<\/p>\n<p style=\"text-align: justify;\"><strong>Otros datos relevantes<\/strong><\/p>\n<ul style=\"text-align: justify;\">\n<li>El 88% de las personas j\u00f3venes declara que el cambio clim\u00e1tico le interesa. Este inter\u00e9s es transversal por g\u00e9nero, edad y NSE.<\/li>\n<li>El 91% de las personas entrevistadas declara que, comparando la situaci\u00f3n del medio ambiente durante su infancia y ahora, la condiciona actual ha empeorado en el mundo, en Chile y en su localidad. Por zonas del pa\u00eds, son las personas que viven en la macrozona norte los que declaran que ha empeorado en mayor medida a situaci\u00f3n de su localidad.<\/li>\n<li>Dos de cada tres j\u00f3venes entrevistados declaran que la principal causa del cambio clim\u00e1tico se da por la actividad humana (68%), y un 26% tanto por factores humanos como naturales.<\/li>\n<li>El principal medio por el cual los y las j\u00f3venes acostumbran a informarse sobre el cambio clim\u00e1tico son las Redes Sociales (60%). Instagram es la red por la que m\u00e1s declaran informarse.<\/li>\n<li>Dos de cada tres j\u00f3venes que declaran que no quieren tener hijos indican que en su decisi\u00f3n influye el cambio clim\u00e1tico.<\/li>\n<li>El 20% de los y las entrevistados afirma que ha recibido burlas o descalificaciones por personas desconocidas producto de sus opiniones o acciones para hacer frente al cambio clim\u00e1tico.<\/li>\n<\/ul>\n<\/div><\/section><\/div><div  style='height:50px' class='hr hr-invisible   avia-builder-el-6  el_after_av_one_full  el_before_av_social_share '><span class='hr-inner ' ><span class='hr-inner-style'><\/span><\/span><\/div><\/p>\n<div  class='av-social-sharing-box  avia-builder-el-7  el_after_av_hr  el_before_av_hr  '><div class='av-share-box'><h5 class='av-share-link-description av-no-toc '>Compartir esta noticia<\/h5><ul class='av-share-box-list noLightbox'><li class='av-share-link av-social-link-facebook' ><a target=\"_blank\" aria-label=\"Compartir en Facebook\" href='https:\/\/www.facebook.com\/sharer.php?u=https:\/\/radiorevelacionfm.cl\/?p=41576&#038;t=Seg%C3%BAn%20sondeo%202%20de%20cada%203%20j%C3%B3venes%20que%20declaran%20no%20querer%20tener%20hijos%20indican%20que%20en%20su%20decisi%C3%B3n%20influye%20el%20cambio%20clim%C3%A1tico' aria-hidden='false' data-av_icon='\ue8f3' data-av_iconfont='entypo-fontello' title='' data-avia-related-tooltip='Compartir en Facebook' rel=\"noopener\"><span class='avia_hidden_link_text'>Compartir en Facebook<\/span><\/a><\/li><li class='av-share-link av-social-link-twitter' ><a target=\"_blank\" aria-label=\"Compartir en Twitter\" href='https:\/\/twitter.com\/share?text=Seg%C3%BAn%20sondeo%202%20de%20cada%203%20j%C3%B3venes%20que%20declaran%20no%20querer%20tener%20hijos%20indican%20que%20en%20su%20decisi%C3%B3n%20influye%20el%20cambio%20clim%C3%A1tico&#038;url=https:\/\/radiorevelacionfm.cl\/?p=41576' aria-hidden='false' data-av_icon='\ue8f1' data-av_iconfont='entypo-fontello' title='' data-avia-related-tooltip='Compartir en Twitter' rel=\"noopener\"><span class='avia_hidden_link_text'>Compartir en Twitter<\/span><\/a><\/li><li class='av-share-link av-social-link-whatsapp' ><a target=\"_blank\" aria-label=\"Compartir en Whatsapp\" href='https:\/\/api.whatsapp.com\/send?text=https:\/\/radiorevelacionfm.cl\/?p=41576' aria-hidden='false' data-av_icon='\uf232' data-av_iconfont='entypo-fontello' title='' data-avia-related-tooltip='Compartir en Whatsapp' rel=\"noopener\"><span class='avia_hidden_link_text'>Compartir en Whatsapp<\/span><\/a><\/li><li class='av-share-link av-social-link-linkedin' ><a target=\"_blank\" aria-label=\"Compartir en LinkedIn\" href='https:\/\/linkedin.com\/shareArticle?mini=true&#038;title=Seg%C3%BAn%20sondeo%202%20de%20cada%203%20j%C3%B3venes%20que%20declaran%20no%20querer%20tener%20hijos%20indican%20que%20en%20su%20decisi%C3%B3n%20influye%20el%20cambio%20clim%C3%A1tico&#038;url=https:\/\/radiorevelacionfm.cl\/?p=41576' aria-hidden='false' data-av_icon='\ue8fc' data-av_iconfont='entypo-fontello' title='' data-avia-related-tooltip='Compartir en LinkedIn' rel=\"noopener\"><span class='avia_hidden_link_text'>Compartir en LinkedIn<\/span><\/a><\/li><li class='av-share-link av-social-link-mail' ><a  aria-label=\"Compartir por correo\" href='mailto:?subject=Seg%C3%BAn%20sondeo%202%20de%20cada%203%20j%C3%B3venes%20que%20declaran%20no%20querer%20tener%20hijos%20indican%20que%20en%20su%20decisi%C3%B3n%20influye%20el%20cambio%20clim%C3%A1tico&#038;body=https:\/\/radiorevelacionfm.cl\/?p=41576' aria-hidden='false' data-av_icon='\ue805' data-av_iconfont='entypo-fontello' title='' data-avia-related-tooltip='Compartir por correo'><span class='avia_hidden_link_text'>Compartir por correo<\/span><\/a><\/li><\/ul><\/div><\/div>\n<div  style='height:50px' class='hr hr-invisible   avia-builder-el-8  el_after_av_social_share  el_before_av_comments_list '><span class='hr-inner ' ><span class='hr-inner-style'><\/span><\/span><\/div>\n<div  class='av-buildercomment  av-blog-meta-html-info-disabled av-blog-meta-tag-disabled  '><\/div>\n","protected":false},"excerpt":{"rendered":"","protected":false},"author":1,"featured_media":41577,"comment_status":"open","ping_status":"open","sticky":false,"template":"","format":"standard","meta":{"footnotes":""},"categories":[61],"tags":[],"class_list":["post-41576","post","type-post","status-publish","format-standard","has-post-thumbnail","hentry","category-nacional"],"jetpack_featured_media_url":"https:\/\/radiorevelacionfm.cl\/wp-content\/uploads\/2024\/04\/foto-1-1-3-1-2_optimized.jpg","_links":{"self":[{"href":"https:\/\/radiorevelacionfm.cl\/index.php?rest_route=\/wp\/v2\/posts\/41576","targetHints":{"allow":["GET"]}}],"collection":[{"href":"https:\/\/radiorevelacionfm.cl\/index.php?rest_route=\/wp\/v2\/posts"}],"about":[{"href":"https:\/\/radiorevelacionfm.cl\/index.php?rest_route=\/wp\/v2\/types\/post"}],"author":[{"embeddable":true,"href":"https:\/\/radiorevelacionfm.cl\/index.php?rest_route=\/wp\/v2\/users\/1"}],"replies":[{"embeddable":true,"href":"https:\/\/radiorevelacionfm.cl\/index.php?rest_route=%2Fwp%2Fv2%2Fcomments&post=41576"}],"version-history":[{"count":1,"href":"https:\/\/radiorevelacionfm.cl\/index.php?rest_route=\/wp\/v2\/posts\/41576\/revisions"}],"predecessor-version":[{"id":41578,"href":"https:\/\/radiorevelacionfm.cl\/index.php?rest_route=\/wp\/v2\/posts\/41576\/revisions\/41578"}],"wp:featuredmedia":[{"embeddable":true,"href":"https:\/\/radiorevelacionfm.cl\/index.php?rest_route=\/wp\/v2\/media\/41577"}],"wp:attachment":[{"href":"https:\/\/radiorevelacionfm.cl\/index.php?rest_route=%2Fwp%2Fv2%2Fmedia&parent=41576"}],"wp:term":[{"taxonomy":"category","embeddable":true,"href":"https:\/\/radiorevelacionfm.cl\/index.php?rest_route=%2Fwp%2Fv2%2Fcategories&post=41576"},{"taxonomy":"post_tag","embeddable":true,"href":"https:\/\/radiorevelacionfm.cl\/index.php?rest_route=%2Fwp%2Fv2%2Ftags&post=41576"}],"curies":[{"name":"wp","href":"https:\/\/api.w.org\/{rel}","templated":true}]}}