{"id":41572,"date":"2024-04-23T21:25:59","date_gmt":"2024-04-24T00:25:59","guid":{"rendered":"https:\/\/radiorevelacionfm.cl\/?p=41572"},"modified":"2024-04-23T21:31:19","modified_gmt":"2024-04-24T00:31:19","slug":"mipymes-de-aysen-potencian-su-productividad-gracias-a-la-bonificacion-del-dfl15","status":"publish","type":"post","link":"https:\/\/radiorevelacionfm.cl\/?p=41572","title":{"rendered":"Mipymes de Ays\u00e9n potencian su productividad gracias a la bonificaci\u00f3n del DFL15"},"content":{"rendered":"<div class=\"flex_column av_one_full  flex_column_div av-zero-column-padding first  avia-builder-el-0  el_before_av_one_full  avia-builder-el-first  \" style='border-radius:0px; '><div  class='avia-image-container  av-styling-    avia-builder-el-1  avia-builder-el-no-sibling  avia-align-center '  itemprop=\"image\" itemscope=\"itemscope\" itemtype=\"https:\/\/schema.org\/ImageObject\"  ><div class='avia-image-container-inner'><div class='avia-image-overlay-wrap'><img decoding=\"async\" class='wp-image-41573 avia-img-lazy-loading-not-41573 avia_image' src=\"https:\/\/radiorevelacionfm.cl\/wp-content\/uploads\/2024\/04\/06-dfl15_vyc-2-1_optimized.jpeg\" alt='' title='06-dfl15_vyc-(2)-(1)_optimized' height=\"600\" width=\"900\"  itemprop=\"thumbnailUrl\" srcset=\"https:\/\/radiorevelacionfm.cl\/wp-content\/uploads\/2024\/04\/06-dfl15_vyc-2-1_optimized.jpeg 900w, https:\/\/radiorevelacionfm.cl\/wp-content\/uploads\/2024\/04\/06-dfl15_vyc-2-1_optimized-300x200.jpeg 300w, https:\/\/radiorevelacionfm.cl\/wp-content\/uploads\/2024\/04\/06-dfl15_vyc-2-1_optimized-768x512.jpeg 768w, https:\/\/radiorevelacionfm.cl\/wp-content\/uploads\/2024\/04\/06-dfl15_vyc-2-1_optimized-705x470.jpeg 705w, https:\/\/radiorevelacionfm.cl\/wp-content\/uploads\/2024\/04\/06-dfl15_vyc-2-1_optimized-450x300.jpeg 450w, https:\/\/radiorevelacionfm.cl\/wp-content\/uploads\/2024\/04\/06-dfl15_vyc-2-1_optimized-600x400.jpeg 600w\" sizes=\"(max-width: 900px) 100vw, 900px\" \/><\/div><\/div><\/div><\/div>\n<div class=\"flex_column av_one_full  flex_column_div av-zero-column-padding first  avia-builder-el-2  el_after_av_one_full  el_before_av_one_full  column-top-margin\" style='border-radius:0px; '><section class=\"av_textblock_section \"  itemscope=\"itemscope\" itemtype=\"https:\/\/schema.org\/BlogPosting\" itemprop=\"blogPost\" ><div class='avia_textblock  '   itemprop=\"text\" ><p style=\"text-align: center;\"><span style=\"font-size: 18pt;\"><b><span lang=\"es-419\">Mipymes de Ays\u00e9n potencian su productividad gracias a la bonificaci\u00f3n del DFL15<\/span><\/b><\/span><\/p>\n<div id=\"gtx-trans\" style=\"position: absolute; left: -50px; top: 4.31534px;\">\n<div class=\"gtx-trans-icon\"><\/div>\n<\/div>\n<\/div><\/section><\/div>\n<div class=\"flex_column av_one_full  flex_column_div av-zero-column-padding first  avia-builder-el-4  el_after_av_one_full  el_before_av_hr  column-top-margin\" style='border-radius:0px; '><section class=\"av_textblock_section \"  itemscope=\"itemscope\" itemtype=\"https:\/\/schema.org\/BlogPosting\" itemprop=\"blogPost\" ><div class='avia_textblock  '   itemprop=\"text\" ><p style=\"text-align: justify;\"><i><span lang=\"es-419\">Con una inversi\u00f3n de M$1.188.357 para el a\u00f1o 2024, el DFL15 brindar\u00e1 un importante impulso a 173 empresas en Ays\u00e9n, generando empleo y desarrollo econ\u00f3mico.<\/span><\/i><\/p>\n<p style=\"font-weight: 400; text-align: justify;\">En el marco del programa de Bonificaci\u00f3n a la Compra de Bienes de Capital en Regiones Extremas, el Ministerio de Hacienda ha destinado recursos significativos para respaldar el desarrollo de las micros, peque\u00f1as y medianas empresas en la Regi\u00f3n de Ays\u00e9n. Esta iniciativa, conocida como DFL15, tiene como objetivo principal facilitar el acceso de las MIPYMEs a una bonificaci\u00f3n del 20% sobre las inversiones netas o reinversiones en bienes de capital, tales como maquinarias, equipos o construcciones.<\/p>\n<p style=\"font-weight: 400; text-align: justify;\">En este contexto, se llev\u00f3 a cabo una visita al proyecto de adquisici\u00f3n de una bordadora industrial por parte de la empresa V&amp;C Souvenir de la Patagonia. Rodrigo Araya Morales, Delegado Presidencial de Ays\u00e9n, detall\u00f3 que el DFL15 fomenta la inversi\u00f3n, mejora la producci\u00f3n, promueve el crecimiento y competitividad en regiones extremas. \u201cEs un instrumento que viene del Ministerio de Hacienda que tiene que ver con devolver recursos, devolver dinero a la micro, peque\u00f1a y mediana empresa que invierte en mejorar su producci\u00f3n. Y aqu\u00ed estamos viendo c\u00f3mo se concreta en la realidad y c\u00f3mo este recurso permite que una empresaria pueda tomar una decisi\u00f3n, tomar un riesgo de mejorar su productividad, una maquinaria que va a permitir producir m\u00e1s productos, m\u00e1s elementos para la venta de una mejor calidad y que tambi\u00e9n genere una cadena productiva a su alrededor\u201d.<\/p>\n<p style=\"font-weight: 400; text-align: justify;\">Esta inversi\u00f3n, financiada mediante la bonificaci\u00f3n del DFL15, representa un importante impulso para la capacidad productiva y competitividad de la empresa, as\u00ed como para el sector empresarial en la regi\u00f3n. Al respecto, Ver\u00f3nica Ainol Vidal, due\u00f1a de la empresa V&amp;C Souvenir de la Patagonia, se refiri\u00f3 a los beneficios de este aporte. \u00abUn d\u00eda vi en internet una publicaci\u00f3n sobre el DFL-15, busqu\u00e9 qu\u00e9 era y le ped\u00ed a mi sobrina que me ayudara con la postulaci\u00f3n, ya que ella est\u00e1 familiarizada con eso. Despu\u00e9s de postular, me dijo que deb\u00eda esperar con paciencia los resultados. Por suerte, fui seleccionada, lo que me ayudar\u00e1 bastante, ya que es dinero que me ahorrar\u00e9 de la gran inversi\u00f3n que hice en una m\u00e1quina bastante costosa. Gracias al DFL-15, pude comprar una m\u00e1quina industrial de 15 hilos que agiliza mucho el trabajo. Aunque ya ten\u00eda otras m\u00e1quinas de bordar, esta nueva duplica mi producci\u00f3n mensual. Si uno es constante y lleva un registro, puede obtener un buen sueldo. Invito a quienes tengan ganas de progresar a postularse a estos proyectos del gobierno, son bastante interesantes y buenos. Siempre digo que hay que ser constante en la vida. Si no saben algo, averig\u00fcen o ac\u00e9rquense a una oficina. Nada es imposible si se atreven.\u00bb<\/p>\n<p style=\"font-weight: 400; text-align: justify;\">La adquisici\u00f3n de la bordadora industrial Happy Japan de un cabezal, con una inversi\u00f3n total de $8.600.000, ha permitido a Ver\u00f3nica mejorar la calidad y aumentar la producci\u00f3n de bordados en prendas y accesorios con identidad local. Adem\u00e1s, esta iniciativa contribuye al desarrollo del sector textil local y regional, promoviendo la generaci\u00f3n de empleo y el crecimiento econ\u00f3mico en la zona.<\/p>\n<p style=\"font-weight: 400; text-align: justify;\">Felipe Rojas Pizarro, seremi de Econom\u00eda, Fomento y Turismo indic\u00f3 que esta bonificaci\u00f3n es un instrumento de apoyo a la inversi\u00f3n. \u201cCuando pensamos en empresas, pensamos en micro y peque\u00f1as empresas arraigadas en la regi\u00f3n y que se relacionan con diversos sectores. Si al turismo le va bien, a la se\u00f1ora Ver\u00f3nica tambi\u00e9n. As\u00ed, observamos c\u00f3mo el crecimiento no solo impacta a unos pocos, sino que se extiende a diversas empresas. Por otro lado, las grandes empresas tambi\u00e9n solicitan nuestros servicios, lo que forma parte de este desarrollo, algo que es de inter\u00e9s de nuestro gobierno, porque no solo buscamos el crecimiento, sino tambi\u00e9n el bienestar de las familias y aqu\u00ed hay un claro ejemplo de esto\u201d.<\/p>\n<p style=\"font-weight: 400; text-align: justify;\">El financiamiento del proyecto, que forma parte de las inversiones bonificadas por el DFL15, representa una valiosa oportunidad para las mipymes de la Regi\u00f3n de Ays\u00e9n. En este sentido, el monto asignado para este a\u00f1o asciende a M$1.188.357, beneficiando a un total de 173 empresas, de las cuales 57 son lideradas por mujeres y 116 por hombres.<\/p>\n<p style=\"font-weight: 400; text-align: justify;\">Humberto Mar\u00edn Leiva, director de Corfo, indic\u00f3 que la Regi\u00f3n de Ays\u00e9n est\u00e1 mayormente compuesta por micro y peque\u00f1as empresas, lo que define el entorno productivo en la regi\u00f3n. \u201cPor ello, todos los beneficios otorgados por Corfo est\u00e1n dirigidos a este tipo de unidades productivas. El Decreto con Fuerza de Ley N\u00b015, que nos re\u00fane hoy en la casa de la se\u00f1ora Ver\u00f3nica para hablar sobre su inversi\u00f3n en su taller, es un instrumento de Hacienda que bonifica la adquisici\u00f3n y reinversi\u00f3n de bienes de capital. En el a\u00f1o 2024, hemos beneficiado con m\u00e1s de 1.188 millones de pesos, cubriendo a 173 unidades productivas que reciben este apoyo\u201d.<\/p>\n<p style=\"font-weight: 400; text-align: justify;\">La bonificaci\u00f3n del DFL15, administrada por Corfo Ays\u00e9n, no solo impulsa la capacidad productiva de las empresas locales, sino que tambi\u00e9n fomenta el desarrollo econ\u00f3mico y la competitividad del territorio. Con este tipo de iniciativas, se fortalece el tejido empresarial de la regi\u00f3n, generando impactos positivos a largo plazo en el crecimiento y la sostenibilidad del sector empresarial en \u00e1reas consideradas extremas.<\/p>\n<\/div><\/section><\/div><div  style='height:50px' class='hr hr-invisible   avia-builder-el-6  el_after_av_one_full  el_before_av_social_share '><span class='hr-inner ' ><span class='hr-inner-style'><\/span><\/span><\/div><\/p>\n<div  class='av-social-sharing-box  avia-builder-el-7  el_after_av_hr  el_before_av_hr  '><div class='av-share-box'><h5 class='av-share-link-description av-no-toc '>Compartir esta noticia<\/h5><ul class='av-share-box-list noLightbox'><li class='av-share-link av-social-link-facebook' ><a target=\"_blank\" aria-label=\"Compartir en Facebook\" href='https:\/\/www.facebook.com\/sharer.php?u=https:\/\/radiorevelacionfm.cl\/?p=41572&#038;t=Mipymes%20de%20Ays%C3%A9n%20potencian%20su%20productividad%20gracias%20a%20la%20bonificaci%C3%B3n%20del%20DFL15' aria-hidden='false' data-av_icon='\ue8f3' data-av_iconfont='entypo-fontello' title='' data-avia-related-tooltip='Compartir en Facebook' rel=\"noopener\"><span class='avia_hidden_link_text'>Compartir en Facebook<\/span><\/a><\/li><li class='av-share-link av-social-link-twitter' ><a target=\"_blank\" aria-label=\"Compartir en Twitter\" href='https:\/\/twitter.com\/share?text=Mipymes%20de%20Ays%C3%A9n%20potencian%20su%20productividad%20gracias%20a%20la%20bonificaci%C3%B3n%20del%20DFL15&#038;url=https:\/\/radiorevelacionfm.cl\/?p=41572' aria-hidden='false' data-av_icon='\ue8f1' data-av_iconfont='entypo-fontello' title='' data-avia-related-tooltip='Compartir en Twitter' rel=\"noopener\"><span class='avia_hidden_link_text'>Compartir en Twitter<\/span><\/a><\/li><li class='av-share-link av-social-link-whatsapp' ><a target=\"_blank\" aria-label=\"Compartir en Whatsapp\" href='https:\/\/api.whatsapp.com\/send?text=https:\/\/radiorevelacionfm.cl\/?p=41572' aria-hidden='false' data-av_icon='\uf232' data-av_iconfont='entypo-fontello' title='' data-avia-related-tooltip='Compartir en Whatsapp' rel=\"noopener\"><span class='avia_hidden_link_text'>Compartir en Whatsapp<\/span><\/a><\/li><li class='av-share-link av-social-link-linkedin' ><a target=\"_blank\" aria-label=\"Compartir en LinkedIn\" href='https:\/\/linkedin.com\/shareArticle?mini=true&#038;title=Mipymes%20de%20Ays%C3%A9n%20potencian%20su%20productividad%20gracias%20a%20la%20bonificaci%C3%B3n%20del%20DFL15&#038;url=https:\/\/radiorevelacionfm.cl\/?p=41572' aria-hidden='false' data-av_icon='\ue8fc' data-av_iconfont='entypo-fontello' title='' data-avia-related-tooltip='Compartir en LinkedIn' rel=\"noopener\"><span class='avia_hidden_link_text'>Compartir en LinkedIn<\/span><\/a><\/li><li class='av-share-link av-social-link-mail' ><a  aria-label=\"Compartir por correo\" href='mailto:?subject=Mipymes%20de%20Ays%C3%A9n%20potencian%20su%20productividad%20gracias%20a%20la%20bonificaci%C3%B3n%20del%20DFL15&#038;body=https:\/\/radiorevelacionfm.cl\/?p=41572' aria-hidden='false' data-av_icon='\ue805' data-av_iconfont='entypo-fontello' title='' data-avia-related-tooltip='Compartir por correo'><span class='avia_hidden_link_text'>Compartir por correo<\/span><\/a><\/li><\/ul><\/div><\/div>\n<div  style='height:50px' class='hr hr-invisible   avia-builder-el-8  el_after_av_social_share  el_before_av_comments_list '><span class='hr-inner ' ><span class='hr-inner-style'><\/span><\/span><\/div>\n<div  class='av-buildercomment  av-blog-meta-html-info-disabled av-blog-meta-tag-disabled  '><\/div>\n","protected":false},"excerpt":{"rendered":"","protected":false},"author":1,"featured_media":41573,"comment_status":"open","ping_status":"open","sticky":false,"template":"","format":"standard","meta":{"footnotes":""},"categories":[38],"tags":[],"class_list":["post-41572","post","type-post","status-publish","format-standard","has-post-thumbnail","hentry","category-regional"],"jetpack_featured_media_url":"https:\/\/radiorevelacionfm.cl\/wp-content\/uploads\/2024\/04\/06-dfl15_vyc-2-1_optimized.jpeg","_links":{"self":[{"href":"https:\/\/radiorevelacionfm.cl\/index.php?rest_route=\/wp\/v2\/posts\/41572","targetHints":{"allow":["GET"]}}],"collection":[{"href":"https:\/\/radiorevelacionfm.cl\/index.php?rest_route=\/wp\/v2\/posts"}],"about":[{"href":"https:\/\/radiorevelacionfm.cl\/index.php?rest_route=\/wp\/v2\/types\/post"}],"author":[{"embeddable":true,"href":"https:\/\/radiorevelacionfm.cl\/index.php?rest_route=\/wp\/v2\/users\/1"}],"replies":[{"embeddable":true,"href":"https:\/\/radiorevelacionfm.cl\/index.php?rest_route=%2Fwp%2Fv2%2Fcomments&post=41572"}],"version-history":[{"count":2,"href":"https:\/\/radiorevelacionfm.cl\/index.php?rest_route=\/wp\/v2\/posts\/41572\/revisions"}],"predecessor-version":[{"id":41575,"href":"https:\/\/radiorevelacionfm.cl\/index.php?rest_route=\/wp\/v2\/posts\/41572\/revisions\/41575"}],"wp:featuredmedia":[{"embeddable":true,"href":"https:\/\/radiorevelacionfm.cl\/index.php?rest_route=\/wp\/v2\/media\/41573"}],"wp:attachment":[{"href":"https:\/\/radiorevelacionfm.cl\/index.php?rest_route=%2Fwp%2Fv2%2Fmedia&parent=41572"}],"wp:term":[{"taxonomy":"category","embeddable":true,"href":"https:\/\/radiorevelacionfm.cl\/index.php?rest_route=%2Fwp%2Fv2%2Fcategories&post=41572"},{"taxonomy":"post_tag","embeddable":true,"href":"https:\/\/radiorevelacionfm.cl\/index.php?rest_route=%2Fwp%2Fv2%2Ftags&post=41572"}],"curies":[{"name":"wp","href":"https:\/\/api.w.org\/{rel}","templated":true}]}}