{"id":41566,"date":"2024-04-23T15:14:21","date_gmt":"2024-04-23T18:14:21","guid":{"rendered":"https:\/\/radiorevelacionfm.cl\/?p=41566"},"modified":"2024-04-23T15:14:21","modified_gmt":"2024-04-23T18:14:21","slug":"juegos-araucania-aysen-2024-destinan-fondos-por-1-155-millones-para-recintos-que-albergaran-31-edicion-del-certamen-binacional","status":"publish","type":"post","link":"https:\/\/radiorevelacionfm.cl\/?p=41566","title":{"rendered":"Juegos Araucan\u00eda Ays\u00e9n 2024: Destinan fondos por $1.155 millones para recintos que albergar\u00e1n 31\u00b0 edici\u00f3n del certamen binacional"},"content":{"rendered":"<div class=\"flex_column av_one_full  flex_column_div av-zero-column-padding first  avia-builder-el-0  el_before_av_one_full  avia-builder-el-first  \" style='border-radius:0px; '><div  class='avia-image-container  av-styling-    avia-builder-el-1  avia-builder-el-no-sibling  avia-align-center '  itemprop=\"image\" itemscope=\"itemscope\" itemtype=\"https:\/\/schema.org\/ImageObject\"  ><div class='avia-image-container-inner'><div class='avia-image-overlay-wrap'><img decoding=\"async\" class='wp-image-41567 avia-img-lazy-loading-not-41567 avia_image' src=\"https:\/\/radiorevelacionfm.cl\/wp-content\/uploads\/2024\/04\/3c-1_optimized.jpeg\" alt='' title='3c-(1)_optimized' height=\"600\" width=\"800\"  itemprop=\"thumbnailUrl\" srcset=\"https:\/\/radiorevelacionfm.cl\/wp-content\/uploads\/2024\/04\/3c-1_optimized.jpeg 800w, https:\/\/radiorevelacionfm.cl\/wp-content\/uploads\/2024\/04\/3c-1_optimized-300x225.jpeg 300w, https:\/\/radiorevelacionfm.cl\/wp-content\/uploads\/2024\/04\/3c-1_optimized-768x576.jpeg 768w, https:\/\/radiorevelacionfm.cl\/wp-content\/uploads\/2024\/04\/3c-1_optimized-705x529.jpeg 705w, https:\/\/radiorevelacionfm.cl\/wp-content\/uploads\/2024\/04\/3c-1_optimized-450x338.jpeg 450w, https:\/\/radiorevelacionfm.cl\/wp-content\/uploads\/2024\/04\/3c-1_optimized-600x450.jpeg 600w\" sizes=\"(max-width: 800px) 100vw, 800px\" \/><\/div><\/div><\/div><\/div><div class=\"flex_column av_one_full  flex_column_div av-zero-column-padding first  avia-builder-el-2  el_after_av_one_full  el_before_av_one_full  column-top-margin\" style='border-radius:0px; '><section class=\"av_textblock_section \"  itemscope=\"itemscope\" itemtype=\"https:\/\/schema.org\/BlogPosting\" itemprop=\"blogPost\" ><div class='avia_textblock  '   itemprop=\"text\" ><p style=\"text-align: center;\"><strong><span style=\"font-size: 18pt;\">Juegos Araucan\u00eda Ays\u00e9n 2024: Destinan fondos por $1.155 millones para recintos que albergar\u00e1n 31\u00b0 edici\u00f3n del certamen binacional<\/span><\/strong><\/p>\n<div id=\"gtx-trans\" style=\"position: absolute; left: -50px; top: 4.31534px;\">\n<div class=\"gtx-trans-icon\"><\/div>\n<\/div>\n<\/div><\/section><\/div><div class=\"flex_column av_one_full  flex_column_div av-zero-column-padding first  avia-builder-el-4  el_after_av_one_full  el_before_av_hr  column-top-margin\" style='border-radius:0px; '><section class=\"av_textblock_section \"  itemscope=\"itemscope\" itemtype=\"https:\/\/schema.org\/BlogPosting\" itemprop=\"blogPost\" ><div class='avia_textblock  '   itemprop=\"text\" ><p class=\"v1MsoNormal\" style=\"text-align: justify;\"><em>La inversi\u00f3n, aprobada por el Consejo Regional, permitir\u00e1 realizar conservaci\u00f3n de recintos y adquirir equipamiento e implementaci\u00f3n deportiva.<\/em><\/p>\n<p style=\"text-align: justify;\">La comisi\u00f3n de desarrollo social, deportivo y cultural del Consejo Regional dio luz verde a los proyectos presentados por Mindep-IND regional y la Municipalidad de Puerto Ays\u00e9n respectivamente, que ser\u00e1n destinados a la conservaci\u00f3n y la adquisici\u00f3n de implementaci\u00f3n deportiva.<\/p>\n<p class=\"v1MsoNormal\" style=\"text-align: justify;\">Asignaci\u00f3n que permitir\u00e1\u00a0<span lang=\"ES\">cumplir con exigencias y reglamentos espec\u00edficos de cada una de las disciplina<\/span><span lang=\"ES\">s que integran los J<\/span><span lang=\"ES\">uegos\u00a0<\/span><span lang=\"ES\">de La Araucan\u00eda\u00a0<\/span><span lang=\"ES\">y\u00a0<\/span><span lang=\"ES\">adem\u00e1s posicionar a la regi\u00f3n como sede de eventos deportivos de car\u00e1cter\u00a0 nacional, federado y del Sistema Nacional de Competencias Deportivas del IND.<\/span><\/p>\n<p class=\"v1MsoNormal\" style=\"text-align: justify;\">Desde la cartera de deportes, se ha recibido con gran alegr\u00eda esta aprobaci\u00f3n, que permitir\u00e1 mejorar los recintos deportivos que albergar\u00e1n los juegos y adem\u00e1s dejar un legado a trav\u00e9s del patrimonio deportivo que beneficiar\u00e1 a toda la comunidad. As\u00ed lo detall\u00f3 Mar\u00eda Eugenia Dur\u00e1n Jara, Seremi del Deporte \u00abEl Presidente Boric ha sido enf\u00e1tico en impulsar la descentralizaci\u00f3n en Chile y una muestra de ello es el rol del Gobierno regional y su Consejo en la priorizaci\u00f3n y distribuci\u00f3n de recursos en la regi\u00f3n, sumado al v\u00ednculo con las dem\u00e1s instituciones del Estado para fortalecer en este caso el desarrollo del deporte. El financiamiento logrado el d\u00eda de hoy para los Juegos de la Araucan\u00eda Ays\u00e9n 2024, obedece a un trabajo coordinado desde el Ministerio del Deporte junto a IND, con el Municipio de Puerto Ays\u00e9n, la Corporaci\u00f3n Municipal de Deportes de Ays\u00e9n y el Gobierno Regional con su Consejo. Gracias a esta inyecci\u00f3n de recursos se podr\u00e1n hacer mejoras en el polideportivo 21 de abril y adquirir implementaci\u00f3n del m\u00e1s alto est\u00e1ndar para Coyhaique y Puerto Ays\u00e9n, que no ten\u00edamos como regi\u00f3n y que son fundamentales para la realizaci\u00f3n de las competencias, pero no solo servir\u00e1n para ser utilizados en noviembre, sino que tambi\u00e9n antes y despu\u00e9s de este mega evento deportivo, lo que permitir\u00e1 contar con mejores condiciones materiales para la preparaci\u00f3n de las selecciones, para el desarrollo general de diversas disciplinas as\u00ed como tambi\u00e9n, para traer otros eventos deportivos. Nos tiene muy contentos, seguir sumando buenas noticias, seguir fortaleciendo una cultura del movimiento y seguir construyendo junto a IND este legado de los Juegos de la Araucan\u00eda en la regi\u00f3n de Ays\u00e9n\u00bb.<i><\/i><\/p>\n<p class=\"v1MsoNormal\" style=\"text-align: justify;\"><u><span lang=\"ES\">Detalle de asignaci\u00f3n<\/span><\/u><\/p>\n<p class=\"v1MsoNormal\" style=\"text-align: justify;\">$376 millones para equipar el polideportivo 21 de Abril.<\/p>\n<p class=\"v1MsoNormal\" style=\"text-align: justify;\">$244 millones para la conservaci\u00f3n del mismo recinto y su piscina.<\/p>\n<p class=\"v1MsoNormal\" style=\"text-align: justify;\">$535 millones adicionales para implementaci\u00f3n deportiva, incluyendo marcadores y pisos deportivos, elementos de seguridad, podios de premiaci\u00f3n, entre otros.<\/p>\n<p class=\"v1MsoNormal\" style=\"text-align: justify;\">Por su parte Andrea Mac\u00edas Palma<i>,\u00a0<\/i>Gobernadora Regional se\u00f1al\u00f3<i>:\u00a0<\/i>\u00abEs un d\u00eda importante y es un d\u00eda hist\u00f3rico adem\u00e1s para el deporte en la regi\u00f3n, en tres iniciativas se han aprobado m\u00e1s de mil millones de pesos que est\u00e1n destinados a generar todas las condiciones necesarias para poder llevar adelante de la mejor manera posible los Juegos Binacionales de la Araucan\u00eda que este a\u00f1o tienen sede en la regi\u00f3n de Ays\u00e9n\u00bb. A\u00f1adiendo adem\u00e1s que, \u00abhoy d\u00eda con esta oportunidad de que los gobiernos regionales\u00a0 puedan definir parte de su presupuesto se abre una tremenda oportunidad\u00a0 para fortalecer el deporte en nuestra regi\u00f3n\u00bb.<\/p>\n<p class=\"v1MsoNormal\" style=\"text-align: justify;\">Asimismo, Julio Uribe Alvarado, alcalde de la comuna de Ays\u00e9n, precis\u00f3 \u00abLos dos proyectos que nos van a permitir en el \u00e1rea de deporte poder hacer competencias nacionales e internacionales en nuestro polideportivo porque vamos a tener el equipamiento necesario para dar las partidas, para medir los tiempos de los deportistas en nataci\u00f3n como tambi\u00e9n vamos a tener el recambio o el mejoramiento de la cancha central que son cosas que se van deteriorando, el polideportivo tiene m\u00e1s de 10 a\u00f1os y hoy d\u00eda lo vamos a ver recuperado parcialmente porque tambi\u00e9n estamos trabajando en un proyecto m\u00e1s grande de cercano a los 3.000 millones de pesos para la remodelaci\u00f3n completa del Polideportivo\u00bb.<\/p>\n<p style=\"text-align: justify;\">Lo anterior, se suma a los aportes del Instituto Nacional de Deportes que superan los 1.600 millones para la organizaci\u00f3n del mega evento deportivo en el que participar\u00e1n\u00a0<span lang=\"ES\">1.274 deportistas y \u00a0578 t\u00e9cnicos, jueces, delegados y funcionarios.<\/span><\/p>\n<p class=\"v1MsoNormal\" style=\"text-align: justify;\">El mega evento deportivo que congregar\u00e1 a deportistas de\u00a0las regiones chilenas de \u00d1uble, La Araucan\u00eda, Magallanes, Los R\u00edos, Los Lagos, Biob\u00edo, Ays\u00e9n y las provincias argentinas de La Pampa, Santa Cruz, Chubut, Tierra del Fuego, Neuqu\u00e9n y R\u00edo Negro, se desarrollar\u00e1 entre el 10 y 16 de noviembre.<\/p>\n<\/div><\/section><\/div><div  style='height:50px' class='hr hr-invisible   avia-builder-el-6  el_after_av_one_full  el_before_av_social_share '><span class='hr-inner ' ><span class='hr-inner-style'><\/span><\/span><\/div><\/p>\n<div  class='av-social-sharing-box  avia-builder-el-7  el_after_av_hr  el_before_av_hr  '><div class='av-share-box'><h5 class='av-share-link-description av-no-toc '>Compartir esta noticia<\/h5><ul class='av-share-box-list noLightbox'><li class='av-share-link av-social-link-facebook' ><a target=\"_blank\" aria-label=\"Compartir en Facebook\" href='https:\/\/www.facebook.com\/sharer.php?u=https:\/\/radiorevelacionfm.cl\/?p=41566&#038;t=Juegos%20Araucan%C3%ADa%20Ays%C3%A9n%202024%3A%20Destinan%20fondos%20por%20%241.155%20millones%20para%20recintos%20que%20albergar%C3%A1n%2031%C2%B0%20edici%C3%B3n%20del%20certamen%20binacional' aria-hidden='false' data-av_icon='\ue8f3' data-av_iconfont='entypo-fontello' title='' data-avia-related-tooltip='Compartir en Facebook' rel=\"noopener\"><span class='avia_hidden_link_text'>Compartir en Facebook<\/span><\/a><\/li><li class='av-share-link av-social-link-twitter' ><a target=\"_blank\" aria-label=\"Compartir en Twitter\" href='https:\/\/twitter.com\/share?text=Juegos%20Araucan%C3%ADa%20Ays%C3%A9n%202024%3A%20Destinan%20fondos%20por%20%241.155%20millones%20para%20recintos%20que%20albergar%C3%A1n%2031%C2%B0%20edici%C3%B3n%20del%20certamen%20binacional&#038;url=https:\/\/radiorevelacionfm.cl\/?p=41566' aria-hidden='false' data-av_icon='\ue8f1' data-av_iconfont='entypo-fontello' title='' data-avia-related-tooltip='Compartir en Twitter' rel=\"noopener\"><span class='avia_hidden_link_text'>Compartir en Twitter<\/span><\/a><\/li><li class='av-share-link av-social-link-whatsapp' ><a target=\"_blank\" aria-label=\"Compartir en Whatsapp\" href='https:\/\/api.whatsapp.com\/send?text=https:\/\/radiorevelacionfm.cl\/?p=41566' aria-hidden='false' data-av_icon='\uf232' data-av_iconfont='entypo-fontello' title='' data-avia-related-tooltip='Compartir en Whatsapp' rel=\"noopener\"><span class='avia_hidden_link_text'>Compartir en Whatsapp<\/span><\/a><\/li><li class='av-share-link av-social-link-linkedin' ><a target=\"_blank\" aria-label=\"Compartir en LinkedIn\" href='https:\/\/linkedin.com\/shareArticle?mini=true&#038;title=Juegos%20Araucan%C3%ADa%20Ays%C3%A9n%202024%3A%20Destinan%20fondos%20por%20%241.155%20millones%20para%20recintos%20que%20albergar%C3%A1n%2031%C2%B0%20edici%C3%B3n%20del%20certamen%20binacional&#038;url=https:\/\/radiorevelacionfm.cl\/?p=41566' aria-hidden='false' data-av_icon='\ue8fc' data-av_iconfont='entypo-fontello' title='' data-avia-related-tooltip='Compartir en LinkedIn' rel=\"noopener\"><span class='avia_hidden_link_text'>Compartir en LinkedIn<\/span><\/a><\/li><li class='av-share-link av-social-link-mail' ><a  aria-label=\"Compartir por correo\" href='mailto:?subject=Juegos%20Araucan%C3%ADa%20Ays%C3%A9n%202024%3A%20Destinan%20fondos%20por%20%241.155%20millones%20para%20recintos%20que%20albergar%C3%A1n%2031%C2%B0%20edici%C3%B3n%20del%20certamen%20binacional&#038;body=https:\/\/radiorevelacionfm.cl\/?p=41566' aria-hidden='false' data-av_icon='\ue805' data-av_iconfont='entypo-fontello' title='' data-avia-related-tooltip='Compartir por correo'><span class='avia_hidden_link_text'>Compartir por correo<\/span><\/a><\/li><\/ul><\/div><\/div>\n<div  style='height:50px' class='hr hr-invisible   avia-builder-el-8  el_after_av_social_share  el_before_av_comments_list '><span class='hr-inner ' ><span class='hr-inner-style'><\/span><\/span><\/div>\n<div  class='av-buildercomment  av-blog-meta-html-info-disabled av-blog-meta-tag-disabled  '><\/div>\n","protected":false},"excerpt":{"rendered":"","protected":false},"author":1,"featured_media":41567,"comment_status":"open","ping_status":"open","sticky":false,"template":"","format":"standard","meta":{"footnotes":""},"categories":[40],"tags":[],"class_list":["post-41566","post","type-post","status-publish","format-standard","has-post-thumbnail","hentry","category-deportes"],"jetpack_featured_media_url":"https:\/\/radiorevelacionfm.cl\/wp-content\/uploads\/2024\/04\/3c-1_optimized.jpeg","_links":{"self":[{"href":"https:\/\/radiorevelacionfm.cl\/index.php?rest_route=\/wp\/v2\/posts\/41566","targetHints":{"allow":["GET"]}}],"collection":[{"href":"https:\/\/radiorevelacionfm.cl\/index.php?rest_route=\/wp\/v2\/posts"}],"about":[{"href":"https:\/\/radiorevelacionfm.cl\/index.php?rest_route=\/wp\/v2\/types\/post"}],"author":[{"embeddable":true,"href":"https:\/\/radiorevelacionfm.cl\/index.php?rest_route=\/wp\/v2\/users\/1"}],"replies":[{"embeddable":true,"href":"https:\/\/radiorevelacionfm.cl\/index.php?rest_route=%2Fwp%2Fv2%2Fcomments&post=41566"}],"version-history":[{"count":1,"href":"https:\/\/radiorevelacionfm.cl\/index.php?rest_route=\/wp\/v2\/posts\/41566\/revisions"}],"predecessor-version":[{"id":41568,"href":"https:\/\/radiorevelacionfm.cl\/index.php?rest_route=\/wp\/v2\/posts\/41566\/revisions\/41568"}],"wp:featuredmedia":[{"embeddable":true,"href":"https:\/\/radiorevelacionfm.cl\/index.php?rest_route=\/wp\/v2\/media\/41567"}],"wp:attachment":[{"href":"https:\/\/radiorevelacionfm.cl\/index.php?rest_route=%2Fwp%2Fv2%2Fmedia&parent=41566"}],"wp:term":[{"taxonomy":"category","embeddable":true,"href":"https:\/\/radiorevelacionfm.cl\/index.php?rest_route=%2Fwp%2Fv2%2Fcategories&post=41566"},{"taxonomy":"post_tag","embeddable":true,"href":"https:\/\/radiorevelacionfm.cl\/index.php?rest_route=%2Fwp%2Fv2%2Ftags&post=41566"}],"curies":[{"name":"wp","href":"https:\/\/api.w.org\/{rel}","templated":true}]}}