{"id":41563,"date":"2024-04-24T22:33:07","date_gmt":"2024-04-25T01:33:07","guid":{"rendered":"https:\/\/radiorevelacionfm.cl\/?p=41563"},"modified":"2024-04-24T22:33:25","modified_gmt":"2024-04-25T01:33:25","slug":"mineduc-invita-a-postular-al-plan-de-formacion-de-directores-2024","status":"publish","type":"post","link":"https:\/\/radiorevelacionfm.cl\/?p=41563","title":{"rendered":"Mineduc invita a postular al Plan de Formaci\u00f3n de Directores 2024"},"content":{"rendered":"<div class=\"flex_column av_one_full  flex_column_div av-zero-column-padding first  avia-builder-el-0  el_before_av_one_full  avia-builder-el-first  \" style='border-radius:0px; '><div  class='avia-image-container  av-styling-    avia-builder-el-1  avia-builder-el-no-sibling  avia-align-center '  itemprop=\"image\" itemscope=\"itemscope\" itemtype=\"https:\/\/schema.org\/ImageObject\"  ><div class='avia-image-container-inner'><div class='avia-image-overlay-wrap'><img decoding=\"async\" class='wp-image-41564 avia-img-lazy-loading-not-41564 avia_image' src=\"https:\/\/radiorevelacionfm.cl\/wp-content\/uploads\/2024\/04\/formacion-directores-2024-1_optimized-1.jpg\" alt='' title='formaci\u00f3n-directores-2024-(1)_optimized (1)' height=\"1000\" width=\"800\"  itemprop=\"thumbnailUrl\" srcset=\"https:\/\/radiorevelacionfm.cl\/wp-content\/uploads\/2024\/04\/formacion-directores-2024-1_optimized-1.jpg 800w, https:\/\/radiorevelacionfm.cl\/wp-content\/uploads\/2024\/04\/formacion-directores-2024-1_optimized-1-240x300.jpg 240w, https:\/\/radiorevelacionfm.cl\/wp-content\/uploads\/2024\/04\/formacion-directores-2024-1_optimized-1-768x960.jpg 768w, https:\/\/radiorevelacionfm.cl\/wp-content\/uploads\/2024\/04\/formacion-directores-2024-1_optimized-1-564x705.jpg 564w, https:\/\/radiorevelacionfm.cl\/wp-content\/uploads\/2024\/04\/formacion-directores-2024-1_optimized-1-450x563.jpg 450w, https:\/\/radiorevelacionfm.cl\/wp-content\/uploads\/2024\/04\/formacion-directores-2024-1_optimized-1-600x750.jpg 600w\" sizes=\"(max-width: 800px) 100vw, 800px\" \/><\/div><\/div><\/div><\/div><div class=\"flex_column av_one_full  flex_column_div av-zero-column-padding first  avia-builder-el-2  el_after_av_one_full  el_before_av_one_full  column-top-margin\" style='border-radius:0px; '><section class=\"av_textblock_section \"  itemscope=\"itemscope\" itemtype=\"https:\/\/schema.org\/BlogPosting\" itemprop=\"blogPost\" ><div class='avia_textblock  '   itemprop=\"text\" ><p style=\"text-align: center;\"><strong><span style=\"font-size: 18pt;\">Mineduc invita a postular al Plan de Formaci\u00f3n de Directores 2024<\/span><\/strong><\/p>\n<div id=\"gtx-trans\" style=\"position: absolute; left: -50px; top: 4.31534px;\">\n<div class=\"gtx-trans-icon\"><\/div>\n<\/div>\n<\/div><\/section><\/div><div class=\"flex_column av_one_full  flex_column_div av-zero-column-padding first  avia-builder-el-4  el_after_av_one_full  el_before_av_hr  column-top-margin\" style='border-radius:0px; '><section class=\"av_textblock_section \"  itemscope=\"itemscope\" itemtype=\"https:\/\/schema.org\/BlogPosting\" itemprop=\"blogPost\" ><div class='avia_textblock  '   itemprop=\"text\" ><p class=\"v1MsoNormal\" style=\"text-align: justify;\" align=\"center\"><i>Cada a\u00f1o, el Ministerio de Educaci\u00f3n, a trav\u00e9s del Centro de Perfeccionamiento, Experimentaci\u00f3n e Investigaciones Pedag\u00f3gicas, abre la convocatoria para postular a este programa, que desde su creaci\u00f3n ha formado a m\u00e1s de cinco mil directores y directoras en todo el pa\u00eds, y que, por segundo a\u00f1o consecutivo, incluye a establecimientos educacionales que imparten Educaci\u00f3n Parvularia.<\/i><\/p>\n<p class=\"v1MsoNormal\" style=\"text-align: justify;\">Como una forma de aportar al fortalecimiento de la educaci\u00f3n, en 2011 el\u00a0<a href=\"https:\/\/www.cpeip.cl\/\" target=\"_blank\" rel=\"noopener noreferrer\">Centro de Perfeccionamiento, Experimentaci\u00f3n e Investigaciones Pedag\u00f3gicas (CPEIP)<\/a>\u00a0de Mineduc cre\u00f3 el\u00a0<b>Plan de Formaci\u00f3n de Directores<\/b>, con el objetivo de desarrollar competencias, conocimientos, habilidades y recursos en los directores y directoras, docentes y educadores y educadoras que aspiran a desempe\u00f1ar este cargo, para potenciarlos como l\u00edderes de sus establecimientos educativos.<\/p>\n<p class=\"v1MsoNormal\" style=\"text-align: justify;\">Para este a\u00f1o, desde el 16 de abril al 16 de mayo, quienes est\u00e9n interesados en postular deben ingresar a\u00a0<b><a href=\"https:\/\/cpeip.cl\/plan_formacion_directores2024\/\" target=\"_blank\" rel=\"noopener noreferrer\">formaciondirectores.mineduc.cl<\/a>. All\u00ed encontrar\u00e1n las bases de postulaci\u00f3n, los documentos requeridos y una secci\u00f3n de preguntas frecuentes que les ayudar\u00e1 para realizar su postulaci\u00f3n.\u00a0\u00a0<\/b><\/p>\n<p class=\"v1MsoNormal\" style=\"text-align: justify;\">El Plan de Formaci\u00f3n de Directores permite tener un\u00a0liderazgo pedag\u00f3gico distributivo y colaborativo\u00a0con la comunidad educativa. Para quienes ya se desempe\u00f1an en el cargo, la especializaci\u00f3n est\u00e1 directamente relacionada con el\u00a0<a href=\"https:\/\/reactivacioneducativa.mineduc.cl\/\" target=\"_blank\" rel=\"noopener noreferrer\">Plan de Reactivaci\u00f3n Educativa<\/a>.<\/p>\n<p class=\"v1MsoNormal\" style=\"text-align: justify;\">Al respecto, el\u00a0ministro Nicol\u00e1s Cataldo\u00a0se\u00f1al\u00f3 que como pa\u00eds \u201cnecesitamos una carrera directiva que reconozca la trayectoria de los liderazgos en la escuela, abra caminos para los nuevos talentos y asegure la formaci\u00f3n y el trabajo en red para la mejora de los aprendizajes, con condiciones laborales dignas y sentido formativo y profesionalizante.<\/p>\n<p class=\"v1MsoNormal\" style=\"text-align: justify;\">Los directores y las directoras tienen un rol fundamental en la reactivaci\u00f3n educativa, y como ministerio queremos reconocer y potenciar sus habilidades y competencias, dar cuenta de su crecimiento y entregarles oportunidades de desarrollo profesional\u201d.<\/p>\n<p class=\"v1MsoNormal\" style=\"text-align: justify;\">Este a\u00f1o, y por segundo consecutivo desde que comenz\u00f3 este programa, el plan de formaci\u00f3n consider\u00f3 a establecimientos educativos que imparten educaci\u00f3n parvularia, debido a la importancia de potenciar a las y los educadores en la etapa inicial de los aprendizajes de las ni\u00f1as y ni\u00f1os.<\/p>\n<p class=\"v1MsoNormal\" style=\"text-align: justify;\">En relaci\u00f3n con lo anterior, el ministro Cataldo se\u00f1al\u00f3 que \u201cla educaci\u00f3n parvularia es fundamental, es el primer eslab\u00f3n de una cadena, la base que permitir\u00e1 a ni\u00f1os y ni\u00f1as construir saberes en el futuro\u201d. Por esta raz\u00f3n, a\u00f1adi\u00f3, \u201cnos alegra incluir en esta convocatoria, por segundo a\u00f1o consecutivo, a profesionales de establecimientos educacionales que la imparten\u201d.<\/p>\n<p class=\"v1MsoNormal\" style=\"text-align: justify;\">Esta convocatoria considera tres categor\u00edas de postulantes: docentes que quieran ser directores en el futuro cercano; directores para una especializaci\u00f3n dentro del Plan de Reactivaci\u00f3n de Aprendizajes; y educadoras\/es de p\u00e1rvulos.<\/p>\n<p class=\"v1MsoNormal\" style=\"text-align: justify;\">En esta ocasi\u00f3n, la implementaci\u00f3n de la acci\u00f3n formativa ser\u00e1 en modalidad\u00a0<i>e-learning<\/i>, contar\u00e1 con 400 cupos y la extensi\u00f3n de los cursos ser\u00e1 entre seis y nueve meses aproximadamente.<\/p>\n<p class=\"v1MsoNormal\" style=\"text-align: justify;\">Todas las consultas que tengan relaci\u00f3n con la convocatoria se deben dirigir al correo electr\u00f3nico\u00a0<a href=\"mailto:formaciondirectores@mineduc.cl\" rel=\"noreferrer\"><b>formaciondirectores@mineduc.cl<\/b><\/a>, hasta el\u00a0martes 30 de abril\u00a0o v\u00eda telef\u00f3nica Ayuda MINEDUC (600 600 26 26) hasta las 13:00 horas del\u00a0jueves 16 de mayo.<\/p>\n<p class=\"v1MsoNormal\" style=\"text-align: justify;\">Los seleccionados ser\u00e1n informados a trav\u00e9s del correo electr\u00f3nico\u00a0<a href=\"mailto:formaciondirectores@mineduc.cl\" rel=\"noreferrer\"><b>formaciondirectores@mineduc.cl<\/b><\/a><\/p>\n<\/div><\/section><\/div><div  style='height:50px' class='hr hr-invisible   avia-builder-el-6  el_after_av_one_full  el_before_av_social_share '><span class='hr-inner ' ><span class='hr-inner-style'><\/span><\/span><\/div><\/p>\n<div  class='av-social-sharing-box  avia-builder-el-7  el_after_av_hr  el_before_av_hr  '><div class='av-share-box'><h5 class='av-share-link-description av-no-toc '>Compartir esta noticia<\/h5><ul class='av-share-box-list noLightbox'><li class='av-share-link av-social-link-facebook' ><a target=\"_blank\" aria-label=\"Compartir en Facebook\" href='https:\/\/www.facebook.com\/sharer.php?u=https:\/\/radiorevelacionfm.cl\/?p=41563&#038;t=Mineduc%20invita%20a%20postular%20al%20Plan%20de%20Formaci%C3%B3n%20de%20Directores%202024' aria-hidden='false' data-av_icon='\ue8f3' data-av_iconfont='entypo-fontello' title='' data-avia-related-tooltip='Compartir en Facebook' rel=\"noopener\"><span class='avia_hidden_link_text'>Compartir en Facebook<\/span><\/a><\/li><li class='av-share-link av-social-link-twitter' ><a target=\"_blank\" aria-label=\"Compartir en Twitter\" href='https:\/\/twitter.com\/share?text=Mineduc%20invita%20a%20postular%20al%20Plan%20de%20Formaci%C3%B3n%20de%20Directores%202024&#038;url=https:\/\/radiorevelacionfm.cl\/?p=41563' aria-hidden='false' data-av_icon='\ue8f1' data-av_iconfont='entypo-fontello' title='' data-avia-related-tooltip='Compartir en Twitter' rel=\"noopener\"><span class='avia_hidden_link_text'>Compartir en Twitter<\/span><\/a><\/li><li class='av-share-link av-social-link-whatsapp' ><a target=\"_blank\" aria-label=\"Compartir en Whatsapp\" href='https:\/\/api.whatsapp.com\/send?text=https:\/\/radiorevelacionfm.cl\/?p=41563' aria-hidden='false' data-av_icon='\uf232' data-av_iconfont='entypo-fontello' title='' data-avia-related-tooltip='Compartir en Whatsapp' rel=\"noopener\"><span class='avia_hidden_link_text'>Compartir en Whatsapp<\/span><\/a><\/li><li class='av-share-link av-social-link-linkedin' ><a target=\"_blank\" aria-label=\"Compartir en LinkedIn\" href='https:\/\/linkedin.com\/shareArticle?mini=true&#038;title=Mineduc%20invita%20a%20postular%20al%20Plan%20de%20Formaci%C3%B3n%20de%20Directores%202024&#038;url=https:\/\/radiorevelacionfm.cl\/?p=41563' aria-hidden='false' data-av_icon='\ue8fc' data-av_iconfont='entypo-fontello' title='' data-avia-related-tooltip='Compartir en LinkedIn' rel=\"noopener\"><span class='avia_hidden_link_text'>Compartir en LinkedIn<\/span><\/a><\/li><li class='av-share-link av-social-link-mail' ><a  aria-label=\"Compartir por correo\" href='mailto:?subject=Mineduc%20invita%20a%20postular%20al%20Plan%20de%20Formaci%C3%B3n%20de%20Directores%202024&#038;body=https:\/\/radiorevelacionfm.cl\/?p=41563' aria-hidden='false' data-av_icon='\ue805' data-av_iconfont='entypo-fontello' title='' data-avia-related-tooltip='Compartir por correo'><span class='avia_hidden_link_text'>Compartir por correo<\/span><\/a><\/li><\/ul><\/div><\/div>\n<div  style='height:50px' class='hr hr-invisible   avia-builder-el-8  el_after_av_social_share  el_before_av_comments_list '><span class='hr-inner ' ><span class='hr-inner-style'><\/span><\/span><\/div>\n<div  class='av-buildercomment  av-blog-meta-html-info-disabled av-blog-meta-tag-disabled  '><\/div>\n","protected":false},"excerpt":{"rendered":"","protected":false},"author":1,"featured_media":41564,"comment_status":"open","ping_status":"open","sticky":false,"template":"","format":"standard","meta":{"footnotes":""},"categories":[49],"tags":[],"class_list":["post-41563","post","type-post","status-publish","format-standard","has-post-thumbnail","hentry","category-educacion"],"jetpack_featured_media_url":"https:\/\/radiorevelacionfm.cl\/wp-content\/uploads\/2024\/04\/formacion-directores-2024-1_optimized-1.jpg","_links":{"self":[{"href":"https:\/\/radiorevelacionfm.cl\/index.php?rest_route=\/wp\/v2\/posts\/41563","targetHints":{"allow":["GET"]}}],"collection":[{"href":"https:\/\/radiorevelacionfm.cl\/index.php?rest_route=\/wp\/v2\/posts"}],"about":[{"href":"https:\/\/radiorevelacionfm.cl\/index.php?rest_route=\/wp\/v2\/types\/post"}],"author":[{"embeddable":true,"href":"https:\/\/radiorevelacionfm.cl\/index.php?rest_route=\/wp\/v2\/users\/1"}],"replies":[{"embeddable":true,"href":"https:\/\/radiorevelacionfm.cl\/index.php?rest_route=%2Fwp%2Fv2%2Fcomments&post=41563"}],"version-history":[{"count":1,"href":"https:\/\/radiorevelacionfm.cl\/index.php?rest_route=\/wp\/v2\/posts\/41563\/revisions"}],"predecessor-version":[{"id":41565,"href":"https:\/\/radiorevelacionfm.cl\/index.php?rest_route=\/wp\/v2\/posts\/41563\/revisions\/41565"}],"wp:featuredmedia":[{"embeddable":true,"href":"https:\/\/radiorevelacionfm.cl\/index.php?rest_route=\/wp\/v2\/media\/41564"}],"wp:attachment":[{"href":"https:\/\/radiorevelacionfm.cl\/index.php?rest_route=%2Fwp%2Fv2%2Fmedia&parent=41563"}],"wp:term":[{"taxonomy":"category","embeddable":true,"href":"https:\/\/radiorevelacionfm.cl\/index.php?rest_route=%2Fwp%2Fv2%2Fcategories&post=41563"},{"taxonomy":"post_tag","embeddable":true,"href":"https:\/\/radiorevelacionfm.cl\/index.php?rest_route=%2Fwp%2Fv2%2Ftags&post=41563"}],"curies":[{"name":"wp","href":"https:\/\/api.w.org\/{rel}","templated":true}]}}