{"id":41560,"date":"2024-04-23T13:25:29","date_gmt":"2024-04-23T16:25:29","guid":{"rendered":"https:\/\/radiorevelacionfm.cl\/?p=41560"},"modified":"2024-04-23T13:25:29","modified_gmt":"2024-04-23T16:25:29","slug":"con-jornada-educativa-y-llamado-a-cuidar-nuestro-planeta-conaf-aysen-celebra-el-dia-internacional-de-la-madre-tierra","status":"publish","type":"post","link":"https:\/\/radiorevelacionfm.cl\/?p=41560","title":{"rendered":"Con jornada educativa y llamado a cuidar nuestro planeta Conaf Ays\u00e9n celebra el D\u00eda Internacional de la madre Tierra"},"content":{"rendered":"<div class=\"flex_column av_one_full  flex_column_div av-zero-column-padding first  avia-builder-el-0  el_before_av_one_full  avia-builder-el-first  \" style='border-radius:0px; '><div  class='avia-image-container  av-styling-    avia-builder-el-1  avia-builder-el-no-sibling  avia-align-center '  itemprop=\"image\" itemscope=\"itemscope\" itemtype=\"https:\/\/schema.org\/ImageObject\"  ><div class='avia-image-container-inner'><div class='avia-image-overlay-wrap'><img decoding=\"async\" class='wp-image-41561 avia-img-lazy-loading-not-41561 avia_image' src=\"https:\/\/radiorevelacionfm.cl\/wp-content\/uploads\/2024\/04\/dia-de-la-madrea-tierra-2-1_optimized-1.jpeg\" alt='' title='dia-de-la-madrea-tierra-2-(1)_optimized (1)' height=\"600\" width=\"1039\"  itemprop=\"thumbnailUrl\" srcset=\"https:\/\/radiorevelacionfm.cl\/wp-content\/uploads\/2024\/04\/dia-de-la-madrea-tierra-2-1_optimized-1.jpeg 1039w, https:\/\/radiorevelacionfm.cl\/wp-content\/uploads\/2024\/04\/dia-de-la-madrea-tierra-2-1_optimized-1-300x173.jpeg 300w, https:\/\/radiorevelacionfm.cl\/wp-content\/uploads\/2024\/04\/dia-de-la-madrea-tierra-2-1_optimized-1-1030x595.jpeg 1030w, https:\/\/radiorevelacionfm.cl\/wp-content\/uploads\/2024\/04\/dia-de-la-madrea-tierra-2-1_optimized-1-768x444.jpeg 768w, https:\/\/radiorevelacionfm.cl\/wp-content\/uploads\/2024\/04\/dia-de-la-madrea-tierra-2-1_optimized-1-705x407.jpeg 705w, https:\/\/radiorevelacionfm.cl\/wp-content\/uploads\/2024\/04\/dia-de-la-madrea-tierra-2-1_optimized-1-450x260.jpeg 450w, https:\/\/radiorevelacionfm.cl\/wp-content\/uploads\/2024\/04\/dia-de-la-madrea-tierra-2-1_optimized-1-600x346.jpeg 600w\" sizes=\"(max-width: 1039px) 100vw, 1039px\" \/><\/div><\/div><\/div><\/div><div class=\"flex_column av_one_full  flex_column_div av-zero-column-padding first  avia-builder-el-2  el_after_av_one_full  el_before_av_one_full  column-top-margin\" style='border-radius:0px; '><section class=\"av_textblock_section \"  itemscope=\"itemscope\" itemtype=\"https:\/\/schema.org\/BlogPosting\" itemprop=\"blogPost\" ><div class='avia_textblock  '   itemprop=\"text\" ><p style=\"text-align: center;\"><strong><span style=\"font-size: 18pt;\">Con jornada educativa y llamado a cuidar nuestro planeta Conaf Ays\u00e9n celebra el D\u00eda Internacional de la madre Tierra<\/span><\/strong><\/p>\n<div id=\"gtx-trans\" style=\"position: absolute; left: -50px; top: 4.31534px;\">\n<div class=\"gtx-trans-icon\"><\/div>\n<\/div>\n<\/div><\/section><\/div><div class=\"flex_column av_one_full  flex_column_div av-zero-column-padding first  avia-builder-el-4  el_after_av_one_full  el_before_av_hr  column-top-margin\" style='border-radius:0px; '><section class=\"av_textblock_section \"  itemscope=\"itemscope\" itemtype=\"https:\/\/schema.org\/BlogPosting\" itemprop=\"blogPost\" ><div class='avia_textblock  '   itemprop=\"text\" ><p style=\"text-align: justify;\">Con una visita a la Escuela Pablo Neruda de Villa Ortega, donde se llev\u00f3 a cabo una jornada educativa para relevar la importancia de cuidar nuestro planeta y promover acciones para proteger el medio ambiente y la biodiversidad, CONAF Ays\u00e9n celebr\u00f3 este lunes 22 de abril el D\u00eda Internacional de la Madre Tierra.<\/p>\n<p style=\"text-align: justify;\">La actividad, dirigida a la comunidad escolar desde pre k\u00ednder a octavo b\u00e1sico, fue liderada por los guardaparques Luis Montecinos y Mireya Az\u00f3car, quienes de una manera l\u00fadica explicaron a los ni\u00f1os y ni\u00f1as y a sus profesores, el papel vital que cumplen las \u00e1reas protegidas en la conservaci\u00f3n de la biodiversidad, la protecci\u00f3n de ecosistemas vulnerables y la mitigaci\u00f3n del cambio clim\u00e1tico.<\/p>\n<p style=\"text-align: justify;\">Al respecto, la Jefa del Departamento de \u00c1reas Silvestres Protegidas de CONAF Ays\u00e9n, Andrea Bahamonde, explica que el origen de esta efem\u00e9ride se remonta al a\u00f1o 1970, cuando protecci\u00f3n del medio ambiente no era una prioridad en la agenda pol\u00edtica internacional.<\/p>\n<p style=\"text-align: justify;\">\u201cPosteriormente, el D\u00eda Internacional de la Madre Tierra fue instaurado en el a\u00f1o 2009 por la Asamblea General de la Organizaci\u00f3n de las Naciones Unidas (ONU) para concienciar a las personas sobre la importancia de cuidar nuestro planeta y promover acciones para proteger el medio ambiente y la biodiversidad. En este sentido la Corporaci\u00f3n Nacional Forestal (CONAF) nuevamente se sum\u00f3 a la conmemoraci\u00f3n de la efem\u00e9ride en todas las regiones del pa\u00eds, con diversas actividades coordinadas por los equipos de guardaparques, en colaboraci\u00f3n con las\u00a0 comunidades locales\u201d, dice.<\/p>\n<p style=\"text-align: justify;\">Respecto de la actividad realizada, Mireya Azocar, Guardaparques de la Provincial Coyhaique agrega: \u201ccomo guardaparque siempre es alentador celebrar el D\u00eda de la Madre Tierra con ni\u00f1os y ni\u00f1as de nuestra regi\u00f3n. Para m\u00ed, llevar un pedacito de nuestras \u00e1reas protegidas a las aulas\u00a0 y poder compartir conocimiento con nuestros futuros guardianes es enriquecedor y nos da esperanza de poder concientizar a nuestros ni\u00f1os y ni\u00f1as sobre la protecci\u00f3n, conservaci\u00f3n y preservaci\u00f3n de nuestra madre tierra\u201d.<\/p>\n<p style=\"text-align: justify;\">En tanto, Luis Montecinos, Guardaparque del \u00c1rea de Protecci\u00f3n Cerro Huemules de la Reserva Nacional R\u00edo Simpson agrega que a los alumnos del primer nivel (de k\u00ednder a tercero b\u00e1sico) se les realiz\u00f3 una charla sobre fauna silvestre que cont\u00f3 con la presencia de Forest\u00edn y que posteriormente se realiz\u00f3 otra charla a los ni\u00f1os desde quinto a octavo b\u00e1sico, acerca del huemul y aves rapaces nocturnas.<\/p>\n<p style=\"text-align: justify;\">Finalmente, cabe se\u00f1alar que el 21 % del territorio nacional se encuentra bajo alguna categor\u00eda de protecci\u00f3n para la conservaci\u00f3n, para contribuir as\u00ed a enfrentar la p\u00e9rdida de biodiversidad y los riesgos del cambio clim\u00e1tico, como tambi\u00e9n los efectos causados por los seres humanos en la naturaleza.<\/p>\n<p style=\"text-align: justify;\">Es as\u00ed como en detalle, el Sistema Nacional de \u00c1reas Protegidas (SNAP) cuenta hoy con 109 Parques Nacionales, Reservas Nacionales y Monumentos Naturales, que abarcan un total de 18 millones 862 mil 410 hect\u00e1reas desde Arica a Magallanes, y que consideran espacios de conservaci\u00f3n dentro del territorio continental e insular, tanto terrestre como marino, cumpliendo un rol clave en la conservaci\u00f3n de la biodiversidad, la protecci\u00f3n de ecosistemas vulnerables y la mitigaci\u00f3n del cambio clim\u00e1tico. Espec\u00edficamente en el caso de la regi\u00f3n de Ays\u00e9n, el 51% de nuestro territorio (casi 5.5 millones de hect\u00e1reas) y el 42% de nuestro maritorio (1.9 millones de hect\u00e1reas) corresponden \u00c1reas Protegidas: con 9 Parques Nacionales, 8 Reservas Nacionales y 2 Monumentos Naturales.<\/p>\n<\/div><\/section><\/div><div  style='height:50px' class='hr hr-invisible   avia-builder-el-6  el_after_av_one_full  el_before_av_social_share '><span class='hr-inner ' ><span class='hr-inner-style'><\/span><\/span><\/div><\/p>\n<div  class='av-social-sharing-box  avia-builder-el-7  el_after_av_hr  el_before_av_hr  '><div class='av-share-box'><h5 class='av-share-link-description av-no-toc '>Compartir esta noticia<\/h5><ul class='av-share-box-list noLightbox'><li class='av-share-link av-social-link-facebook' ><a target=\"_blank\" aria-label=\"Compartir en Facebook\" href='https:\/\/www.facebook.com\/sharer.php?u=https:\/\/radiorevelacionfm.cl\/?p=41560&#038;t=Con%20jornada%20educativa%20y%20llamado%20a%20cuidar%20nuestro%20planeta%20Conaf%20Ays%C3%A9n%20celebra%20el%20D%C3%ADa%20Internacional%20de%20la%20madre%20Tierra' aria-hidden='false' data-av_icon='\ue8f3' data-av_iconfont='entypo-fontello' title='' data-avia-related-tooltip='Compartir en Facebook' rel=\"noopener\"><span class='avia_hidden_link_text'>Compartir en Facebook<\/span><\/a><\/li><li class='av-share-link av-social-link-twitter' ><a target=\"_blank\" aria-label=\"Compartir en Twitter\" href='https:\/\/twitter.com\/share?text=Con%20jornada%20educativa%20y%20llamado%20a%20cuidar%20nuestro%20planeta%20Conaf%20Ays%C3%A9n%20celebra%20el%20D%C3%ADa%20Internacional%20de%20la%20madre%20Tierra&#038;url=https:\/\/radiorevelacionfm.cl\/?p=41560' aria-hidden='false' data-av_icon='\ue8f1' data-av_iconfont='entypo-fontello' title='' data-avia-related-tooltip='Compartir en Twitter' rel=\"noopener\"><span class='avia_hidden_link_text'>Compartir en Twitter<\/span><\/a><\/li><li class='av-share-link av-social-link-whatsapp' ><a target=\"_blank\" aria-label=\"Compartir en Whatsapp\" href='https:\/\/api.whatsapp.com\/send?text=https:\/\/radiorevelacionfm.cl\/?p=41560' aria-hidden='false' data-av_icon='\uf232' data-av_iconfont='entypo-fontello' title='' data-avia-related-tooltip='Compartir en Whatsapp' rel=\"noopener\"><span class='avia_hidden_link_text'>Compartir en Whatsapp<\/span><\/a><\/li><li class='av-share-link av-social-link-linkedin' ><a target=\"_blank\" aria-label=\"Compartir en LinkedIn\" href='https:\/\/linkedin.com\/shareArticle?mini=true&#038;title=Con%20jornada%20educativa%20y%20llamado%20a%20cuidar%20nuestro%20planeta%20Conaf%20Ays%C3%A9n%20celebra%20el%20D%C3%ADa%20Internacional%20de%20la%20madre%20Tierra&#038;url=https:\/\/radiorevelacionfm.cl\/?p=41560' aria-hidden='false' data-av_icon='\ue8fc' data-av_iconfont='entypo-fontello' title='' data-avia-related-tooltip='Compartir en LinkedIn' rel=\"noopener\"><span class='avia_hidden_link_text'>Compartir en LinkedIn<\/span><\/a><\/li><li class='av-share-link av-social-link-mail' ><a  aria-label=\"Compartir por correo\" href='mailto:?subject=Con%20jornada%20educativa%20y%20llamado%20a%20cuidar%20nuestro%20planeta%20Conaf%20Ays%C3%A9n%20celebra%20el%20D%C3%ADa%20Internacional%20de%20la%20madre%20Tierra&#038;body=https:\/\/radiorevelacionfm.cl\/?p=41560' aria-hidden='false' data-av_icon='\ue805' data-av_iconfont='entypo-fontello' title='' data-avia-related-tooltip='Compartir por correo'><span class='avia_hidden_link_text'>Compartir por correo<\/span><\/a><\/li><\/ul><\/div><\/div>\n<div  style='height:50px' class='hr hr-invisible   avia-builder-el-8  el_after_av_social_share  el_before_av_comments_list '><span class='hr-inner ' ><span class='hr-inner-style'><\/span><\/span><\/div>\n<div  class='av-buildercomment  av-blog-meta-html-info-disabled av-blog-meta-tag-disabled  '><\/div>\n","protected":false},"excerpt":{"rendered":"","protected":false},"author":1,"featured_media":41561,"comment_status":"open","ping_status":"open","sticky":false,"template":"","format":"standard","meta":{"footnotes":""},"categories":[38],"tags":[],"class_list":["post-41560","post","type-post","status-publish","format-standard","has-post-thumbnail","hentry","category-regional"],"jetpack_featured_media_url":"https:\/\/radiorevelacionfm.cl\/wp-content\/uploads\/2024\/04\/dia-de-la-madrea-tierra-2-1_optimized-1.jpeg","_links":{"self":[{"href":"https:\/\/radiorevelacionfm.cl\/index.php?rest_route=\/wp\/v2\/posts\/41560","targetHints":{"allow":["GET"]}}],"collection":[{"href":"https:\/\/radiorevelacionfm.cl\/index.php?rest_route=\/wp\/v2\/posts"}],"about":[{"href":"https:\/\/radiorevelacionfm.cl\/index.php?rest_route=\/wp\/v2\/types\/post"}],"author":[{"embeddable":true,"href":"https:\/\/radiorevelacionfm.cl\/index.php?rest_route=\/wp\/v2\/users\/1"}],"replies":[{"embeddable":true,"href":"https:\/\/radiorevelacionfm.cl\/index.php?rest_route=%2Fwp%2Fv2%2Fcomments&post=41560"}],"version-history":[{"count":1,"href":"https:\/\/radiorevelacionfm.cl\/index.php?rest_route=\/wp\/v2\/posts\/41560\/revisions"}],"predecessor-version":[{"id":41562,"href":"https:\/\/radiorevelacionfm.cl\/index.php?rest_route=\/wp\/v2\/posts\/41560\/revisions\/41562"}],"wp:featuredmedia":[{"embeddable":true,"href":"https:\/\/radiorevelacionfm.cl\/index.php?rest_route=\/wp\/v2\/media\/41561"}],"wp:attachment":[{"href":"https:\/\/radiorevelacionfm.cl\/index.php?rest_route=%2Fwp%2Fv2%2Fmedia&parent=41560"}],"wp:term":[{"taxonomy":"category","embeddable":true,"href":"https:\/\/radiorevelacionfm.cl\/index.php?rest_route=%2Fwp%2Fv2%2Fcategories&post=41560"},{"taxonomy":"post_tag","embeddable":true,"href":"https:\/\/radiorevelacionfm.cl\/index.php?rest_route=%2Fwp%2Fv2%2Ftags&post=41560"}],"curies":[{"name":"wp","href":"https:\/\/api.w.org\/{rel}","templated":true}]}}