{"id":41557,"date":"2024-04-23T12:26:21","date_gmt":"2024-04-23T15:26:21","guid":{"rendered":"https:\/\/radiorevelacionfm.cl\/?p=41557"},"modified":"2024-04-23T12:26:21","modified_gmt":"2024-04-23T15:26:21","slug":"lanzan-version-2024-del-programa-mujeres-jefas-de-hogar-en-aysen","status":"publish","type":"post","link":"https:\/\/radiorevelacionfm.cl\/?p=41557","title":{"rendered":"Lanzan versi\u00f3n 2024 del Programa Mujeres Jefas de Hogar en Ays\u00e9n"},"content":{"rendered":"<div class=\"flex_column av_one_full  flex_column_div av-zero-column-padding first  avia-builder-el-0  el_before_av_one_full  avia-builder-el-first  \" style='border-radius:0px; '><div  class='avia-image-container  av-styling-    avia-builder-el-1  avia-builder-el-no-sibling  avia-align-center '  itemprop=\"image\" itemscope=\"itemscope\" itemtype=\"https:\/\/schema.org\/ImageObject\"  ><div class='avia-image-container-inner'><div class='avia-image-overlay-wrap'><img decoding=\"async\" class='wp-image-41558 avia-img-lazy-loading-not-41558 avia_image' src=\"https:\/\/radiorevelacionfm.cl\/wp-content\/uploads\/2024\/04\/pmjh-2-1_optimized.jpg\" alt='' title='pmjh-2-(1)_optimized' height=\"600\" width=\"898\"  itemprop=\"thumbnailUrl\" srcset=\"https:\/\/radiorevelacionfm.cl\/wp-content\/uploads\/2024\/04\/pmjh-2-1_optimized.jpg 898w, https:\/\/radiorevelacionfm.cl\/wp-content\/uploads\/2024\/04\/pmjh-2-1_optimized-300x200.jpg 300w, https:\/\/radiorevelacionfm.cl\/wp-content\/uploads\/2024\/04\/pmjh-2-1_optimized-768x513.jpg 768w, https:\/\/radiorevelacionfm.cl\/wp-content\/uploads\/2024\/04\/pmjh-2-1_optimized-705x471.jpg 705w, https:\/\/radiorevelacionfm.cl\/wp-content\/uploads\/2024\/04\/pmjh-2-1_optimized-450x301.jpg 450w, https:\/\/radiorevelacionfm.cl\/wp-content\/uploads\/2024\/04\/pmjh-2-1_optimized-600x401.jpg 600w\" sizes=\"(max-width: 898px) 100vw, 898px\" \/><\/div><\/div><\/div><\/div><div class=\"flex_column av_one_full  flex_column_div av-zero-column-padding first  avia-builder-el-2  el_after_av_one_full  el_before_av_one_full  column-top-margin\" style='border-radius:0px; '><section class=\"av_textblock_section \"  itemscope=\"itemscope\" itemtype=\"https:\/\/schema.org\/BlogPosting\" itemprop=\"blogPost\" ><div class='avia_textblock  '   itemprop=\"text\" ><p style=\"text-align: center;\"><strong><span style=\"font-size: 18pt;\">Lanzan versi\u00f3n 2024 del Programa Mujeres Jefas de Hogar en Ays\u00e9n<\/span><\/strong><\/p>\n<div id=\"gtx-trans\" style=\"position: absolute; left: -50px; top: 4.31534px;\">\n<div class=\"gtx-trans-icon\"><\/div>\n<\/div>\n<\/div><\/section><\/div><div class=\"flex_column av_one_full  flex_column_div av-zero-column-padding first  avia-builder-el-4  el_after_av_one_full  el_before_av_hr  column-top-margin\" style='border-radius:0px; '><section class=\"av_textblock_section \"  itemscope=\"itemscope\" itemtype=\"https:\/\/schema.org\/BlogPosting\" itemprop=\"blogPost\" ><div class='avia_textblock  '   itemprop=\"text\" ><p dir=\"ltr\" style=\"text-align: justify;\">Con una alta convocatoria en la Casa de la Cultura, el Servicio Nacional de la Mujer y la Equidad de G\u00e9nero (SernamEG) dio inicio a su Programa Mujeres Jefas de Hogar para este 2024 en la comuna de Ays\u00e9n, donde adem\u00e1s de recibir a las 90 beneficiarias que se incorporan, tambi\u00e9n se entregaron reconocimientos a las 90 participantes que egresaron de la versi\u00f3n 2023.<\/p>\n<p dir=\"ltr\" style=\"text-align: justify;\">\u00abEstamos muy contentos, porque con este programa hemos aumentado la cobertura y este a\u00f1o tendremos presencia en nuevos territorios, como lo son la comuna de Guaitecas y tambi\u00e9n Tortel\u00bb, destac\u00f3 la Directora Regional de SernamEG, Patricia Baeza Cabezas.<\/p>\n<p dir=\"ltr\" style=\"text-align: justify;\">El programa Mujeres Jefas de Hogar es una iniciativa de SernamEG, que se ejecuta en el territorio en convenio con la Municipalidad de Ays\u00e9n. Su objetivo es entregar herramientas que permitan empoderar a las mujeres para lograr su autonom\u00eda econ\u00f3mica.<\/p>\n<p dir=\"ltr\" style=\"text-align: justify;\">El programa entrega apoyos a trav\u00e9s de: talleres de formaci\u00f3n para el trabajo, capacitaci\u00f3n laboral, intermediaci\u00f3n laboral, apoyo al emprendimiento (acceso a canales de comercializaci\u00f3n y acceso a fondos), alfabetizaci\u00f3n digital (b\u00e1sica y avanzada, nivelaci\u00f3n de estudios (b\u00e1sicos y medios), acceso a educaci\u00f3n parvularia (para las hijas e hijos de las participantes), y apoyos en salud (PAP, EMPA, Oftalm\u00f3logo, Programa M\u00e1s Sonrisas).<\/p>\n<p dir=\"ltr\" style=\"text-align: justify;\">\u00abEs muy bueno, porque una aprende cosas nuevas para poder desarrollarse cuando ya se termina el periodo laboral tambi\u00e9n. Por ejemplo, yo trabaj\u00e9 muchos a\u00f1os en una pesquera y tuve que retirarme por la edad, pero tengo que seguir emprendiendo por problemas familiares de enfermedades y cosas, porque uno cuando llega a cierta edad empiezan los problemas, as\u00ed que una tiene que salir adelante\u00bb, coment\u00f3 Mar\u00eda Margarita Huichalao, egresada de la versi\u00f3n 2023.<\/p>\n<\/div><\/section><\/div><div  style='height:50px' class='hr hr-invisible   avia-builder-el-6  el_after_av_one_full  el_before_av_social_share '><span class='hr-inner ' ><span class='hr-inner-style'><\/span><\/span><\/div><\/p>\n<div  class='av-social-sharing-box  avia-builder-el-7  el_after_av_hr  el_before_av_hr  '><div class='av-share-box'><h5 class='av-share-link-description av-no-toc '>Compartir esta noticia<\/h5><ul class='av-share-box-list noLightbox'><li class='av-share-link av-social-link-facebook' ><a target=\"_blank\" aria-label=\"Compartir en Facebook\" href='https:\/\/www.facebook.com\/sharer.php?u=https:\/\/radiorevelacionfm.cl\/?p=41557&#038;t=Lanzan%20versi%C3%B3n%202024%20del%20Programa%20Mujeres%20Jefas%20de%20Hogar%20en%20Ays%C3%A9n' aria-hidden='false' data-av_icon='\ue8f3' data-av_iconfont='entypo-fontello' title='' data-avia-related-tooltip='Compartir en Facebook' rel=\"noopener\"><span class='avia_hidden_link_text'>Compartir en Facebook<\/span><\/a><\/li><li class='av-share-link av-social-link-twitter' ><a target=\"_blank\" aria-label=\"Compartir en Twitter\" href='https:\/\/twitter.com\/share?text=Lanzan%20versi%C3%B3n%202024%20del%20Programa%20Mujeres%20Jefas%20de%20Hogar%20en%20Ays%C3%A9n&#038;url=https:\/\/radiorevelacionfm.cl\/?p=41557' aria-hidden='false' data-av_icon='\ue8f1' data-av_iconfont='entypo-fontello' title='' data-avia-related-tooltip='Compartir en Twitter' rel=\"noopener\"><span class='avia_hidden_link_text'>Compartir en Twitter<\/span><\/a><\/li><li class='av-share-link av-social-link-whatsapp' ><a target=\"_blank\" aria-label=\"Compartir en Whatsapp\" href='https:\/\/api.whatsapp.com\/send?text=https:\/\/radiorevelacionfm.cl\/?p=41557' aria-hidden='false' data-av_icon='\uf232' data-av_iconfont='entypo-fontello' title='' data-avia-related-tooltip='Compartir en Whatsapp' rel=\"noopener\"><span class='avia_hidden_link_text'>Compartir en Whatsapp<\/span><\/a><\/li><li class='av-share-link av-social-link-linkedin' ><a target=\"_blank\" aria-label=\"Compartir en LinkedIn\" href='https:\/\/linkedin.com\/shareArticle?mini=true&#038;title=Lanzan%20versi%C3%B3n%202024%20del%20Programa%20Mujeres%20Jefas%20de%20Hogar%20en%20Ays%C3%A9n&#038;url=https:\/\/radiorevelacionfm.cl\/?p=41557' aria-hidden='false' data-av_icon='\ue8fc' data-av_iconfont='entypo-fontello' title='' data-avia-related-tooltip='Compartir en LinkedIn' rel=\"noopener\"><span class='avia_hidden_link_text'>Compartir en LinkedIn<\/span><\/a><\/li><li class='av-share-link av-social-link-mail' ><a  aria-label=\"Compartir por correo\" href='mailto:?subject=Lanzan%20versi%C3%B3n%202024%20del%20Programa%20Mujeres%20Jefas%20de%20Hogar%20en%20Ays%C3%A9n&#038;body=https:\/\/radiorevelacionfm.cl\/?p=41557' aria-hidden='false' data-av_icon='\ue805' data-av_iconfont='entypo-fontello' title='' data-avia-related-tooltip='Compartir por correo'><span class='avia_hidden_link_text'>Compartir por correo<\/span><\/a><\/li><\/ul><\/div><\/div>\n<div  style='height:50px' class='hr hr-invisible   avia-builder-el-8  el_after_av_social_share  el_before_av_comments_list '><span class='hr-inner ' ><span class='hr-inner-style'><\/span><\/span><\/div>\n<div  class='av-buildercomment  av-blog-meta-html-info-disabled av-blog-meta-tag-disabled  '><\/div>\n","protected":false},"excerpt":{"rendered":"","protected":false},"author":1,"featured_media":41558,"comment_status":"open","ping_status":"open","sticky":false,"template":"","format":"standard","meta":{"footnotes":""},"categories":[38],"tags":[],"class_list":["post-41557","post","type-post","status-publish","format-standard","has-post-thumbnail","hentry","category-regional"],"jetpack_featured_media_url":"https:\/\/radiorevelacionfm.cl\/wp-content\/uploads\/2024\/04\/pmjh-2-1_optimized.jpg","_links":{"self":[{"href":"https:\/\/radiorevelacionfm.cl\/index.php?rest_route=\/wp\/v2\/posts\/41557","targetHints":{"allow":["GET"]}}],"collection":[{"href":"https:\/\/radiorevelacionfm.cl\/index.php?rest_route=\/wp\/v2\/posts"}],"about":[{"href":"https:\/\/radiorevelacionfm.cl\/index.php?rest_route=\/wp\/v2\/types\/post"}],"author":[{"embeddable":true,"href":"https:\/\/radiorevelacionfm.cl\/index.php?rest_route=\/wp\/v2\/users\/1"}],"replies":[{"embeddable":true,"href":"https:\/\/radiorevelacionfm.cl\/index.php?rest_route=%2Fwp%2Fv2%2Fcomments&post=41557"}],"version-history":[{"count":1,"href":"https:\/\/radiorevelacionfm.cl\/index.php?rest_route=\/wp\/v2\/posts\/41557\/revisions"}],"predecessor-version":[{"id":41559,"href":"https:\/\/radiorevelacionfm.cl\/index.php?rest_route=\/wp\/v2\/posts\/41557\/revisions\/41559"}],"wp:featuredmedia":[{"embeddable":true,"href":"https:\/\/radiorevelacionfm.cl\/index.php?rest_route=\/wp\/v2\/media\/41558"}],"wp:attachment":[{"href":"https:\/\/radiorevelacionfm.cl\/index.php?rest_route=%2Fwp%2Fv2%2Fmedia&parent=41557"}],"wp:term":[{"taxonomy":"category","embeddable":true,"href":"https:\/\/radiorevelacionfm.cl\/index.php?rest_route=%2Fwp%2Fv2%2Fcategories&post=41557"},{"taxonomy":"post_tag","embeddable":true,"href":"https:\/\/radiorevelacionfm.cl\/index.php?rest_route=%2Fwp%2Fv2%2Ftags&post=41557"}],"curies":[{"name":"wp","href":"https:\/\/api.w.org\/{rel}","templated":true}]}}