{"id":4155,"date":"2021-05-14T11:48:04","date_gmt":"2021-05-14T14:48:04","guid":{"rendered":"https:\/\/radiorevelacionfm.cl\/?p=4155"},"modified":"2021-05-14T11:48:04","modified_gmt":"2021-05-14T14:48:04","slug":"ocho-de-cada-diez-chilenos-estima-que-la-nueva-constitucion-debe-contar-con-una-mirada-ecologica","status":"publish","type":"post","link":"https:\/\/radiorevelacionfm.cl\/?p=4155","title":{"rendered":"Ocho de cada diez chilenos estima que la nueva Constituci\u00f3n debe contar con una mirada ecol\u00f3gica"},"content":{"rendered":"<div class=\"flex_column av_one_full  flex_column_div av-zero-column-padding first  avia-builder-el-0  el_before_av_one_full  avia-builder-el-first  \" style='border-radius:0px; '><div  class='avia-image-container  av-styling-    avia-builder-el-1  avia-builder-el-no-sibling  avia-align-center '  itemprop=\"image\" itemscope=\"itemscope\" itemtype=\"https:\/\/schema.org\/ImageObject\"  ><div class='avia-image-container-inner'><div class='avia-image-overlay-wrap'><img decoding=\"async\" class='wp-image-0 avia-img-lazy-loading-not-0 avia_image' src=\"https:\/\/radiorevelacionfm.cl\/wp-content\/uploads\/2021\/05\/foto-comunicado-1-1.jpg\" alt='' title=''   itemprop=\"thumbnailUrl\"  \/><\/div><\/div><\/div><\/div><div class=\"flex_column av_one_full  flex_column_div av-zero-column-padding first  avia-builder-el-2  el_after_av_one_full  el_before_av_one_full  column-top-margin\" style='border-radius:0px; '><section class=\"av_textblock_section \"  itemscope=\"itemscope\" itemtype=\"https:\/\/schema.org\/BlogPosting\" itemprop=\"blogPost\" ><div class='avia_textblock  '   itemprop=\"text\" ><p style=\"text-align: center;\"><strong><span style=\"font-size: 18pt;\">Ocho de cada diez chilenos estima que la nueva Constituci\u00f3n debe contar con una mirada ecol\u00f3gica<\/span><\/strong><\/p>\n<div id=\"gtx-trans\" style=\"position: absolute; left: -50px; top: 4.31534px;\">\n<div class=\"gtx-trans-icon\"><\/div>\n<\/div>\n<\/div><\/section><\/div><div class=\"flex_column av_one_full  flex_column_div av-zero-column-padding first  avia-builder-el-4  el_after_av_one_full  el_before_av_hr  column-top-margin\" style='border-radius:0px; '><section class=\"av_textblock_section \"  itemscope=\"itemscope\" itemtype=\"https:\/\/schema.org\/BlogPosting\" itemprop=\"blogPost\" ><div class='avia_textblock  '   itemprop=\"text\" ><p style=\"text-align: justify;\">As\u00ed lo indic\u00f3 un estudio de opini\u00f3n encargado por el Centro de Acci\u00f3n Clim\u00e1tica de la PUCV a Ipsos, que entre sus resultados destac\u00f3 que el 26% de las y los encuestados cree que el derecho, acceso y desprivatizaci\u00f3n del agua deber\u00edan asegurarse en la nueva carta magna.<\/p>\n<p style=\"text-align: justify;\">Estudio de Opini\u00f3n sobre Cambio Clim\u00e1tico y Medio Ambiente es el nombre de la encuesta publicada recientemente, que entre sus principales hallazgos estableci\u00f3 que un 79% de los chilenos considera que la nueva constituci\u00f3n debe contar con una perspectiva de protecci\u00f3n al medio ambiente.<\/p>\n<p style=\"text-align: justify;\">Los resultados de la medici\u00f3n realizada por IPSOS, adem\u00e1s indicaron que el 54% de las personas encuestadas declararon estar de acuerdo o muy de acuerdo con que el compromiso con una constituci\u00f3n verde es relevante para definir el voto por una persona candidata a constituyente, agreg\u00f3 el informe.<\/p>\n<p style=\"text-align: justify;\">El estudio &#8211; realizado a nivel nacional por encargo del Centro de Acci\u00f3n Clim\u00e1tica de la PUCV, tiene como objetivo conocer la opini\u00f3n de la ciudadan\u00eda respecto de la agenda p\u00fablica sobre cambio clim\u00e1tico y medio ambiente y abord\u00f3 aspectos relacionados con institucionalidad y pol\u00edtica ambiental, as\u00ed como elecciones y proceso constituyente.<\/p>\n<p style=\"text-align: justify;\">Entre las respuestas de este apartado, un 26% del universo de encuestados considera que la nueva constituci\u00f3n deber\u00eda incorporar aspectos ambientales tales como acceso universal al agua, desprivatizaci\u00f3n del agua y el derecho a \u00e9sta, seguido por un 12% que menciona la regulaci\u00f3n a empresas contaminantes, 11% al cuidado del medio ambiente, 9% al cuidado del aire, contaminaci\u00f3n y emisiones en general y un 4% afirma que el cambio clim\u00e1tico deber\u00eda considerarse dentro de la nueva carta magna.<\/p>\n<p style=\"text-align: justify;\">Marcelo Mena, director del Centro de Acci\u00f3n Clim\u00e1tica de la PUCV, afirm\u00f3 que en la \u00faltima d\u00e9cada hemos podido apreciar un aumento paulatino en la preocupaci\u00f3n de la ciudadan\u00eda por temas y problem\u00e1ticas ambientales\u201d. El acad\u00e9mico agreg\u00f3 que \u201cahora, por ejemplo, el cambio clim\u00e1tico pas\u00f3 de ser percibido como un problema futuro a una preocupaci\u00f3n actual. Hemos vivido una megasequ\u00eda, incendios forestales, olas de calor y episodios de marea roja, entre otros, por lo tanto, es natural que esa preocupaci\u00f3n se vea reflejada en las prioridades de cara al proceso constituyente\u201d, concluyo Mena.<\/p>\n<p style=\"text-align: justify;\">Adicionalmente, la medici\u00f3n arroj\u00f3 que el 78% de las personas est\u00e1 de acuerdo o muy de acuerdo con que la protecci\u00f3n de los glaciares mediante una ley debiera considerarse una prioridad para el pa\u00eds, as\u00ed como un 79% que cree que se debe crear un Servicio de Biodiversidad y \u00c1reas Protegidas (SBAP) para preservar el patrimonio natural del pa\u00eds.<\/p>\n<p style=\"text-align: justify;\">La encuesta fue aplicada a 800 personas a nivel nacional, de m\u00e1s de 18 a\u00f1os, entre el 29 de abril al 6 de mayo de 2021, con un margen de error de \u00b13,46%.<\/p>\n<\/div><\/section><\/div><div  style='height:50px' class='hr hr-invisible   avia-builder-el-6  el_after_av_one_full  el_before_av_social_share '><span class='hr-inner ' ><span class='hr-inner-style'><\/span><\/span><\/div><\/p>\n<div  class='av-social-sharing-box  avia-builder-el-7  el_after_av_hr  el_before_av_hr  '><div class='av-share-box'><h5 class='av-share-link-description av-no-toc '>Compartir esta noticia<\/h5><ul class='av-share-box-list noLightbox'><li class='av-share-link av-social-link-facebook' ><a target=\"_blank\" aria-label=\"Compartir en Facebook\" href='https:\/\/www.facebook.com\/sharer.php?u=https:\/\/radiorevelacionfm.cl\/?p=4155&#038;t=Ocho%20de%20cada%20diez%20chilenos%20estima%20que%20la%20nueva%20Constituci%C3%B3n%20debe%20contar%20con%20una%20mirada%20ecol%C3%B3gica' aria-hidden='false' data-av_icon='\ue8f3' data-av_iconfont='entypo-fontello' title='' data-avia-related-tooltip='Compartir en Facebook' rel=\"noopener\"><span class='avia_hidden_link_text'>Compartir en Facebook<\/span><\/a><\/li><li class='av-share-link av-social-link-twitter' ><a target=\"_blank\" aria-label=\"Compartir en Twitter\" href='https:\/\/twitter.com\/share?text=Ocho%20de%20cada%20diez%20chilenos%20estima%20que%20la%20nueva%20Constituci%C3%B3n%20debe%20contar%20con%20una%20mirada%20ecol%C3%B3gica&#038;url=https:\/\/radiorevelacionfm.cl\/?p=4155' aria-hidden='false' data-av_icon='\ue8f1' data-av_iconfont='entypo-fontello' title='' data-avia-related-tooltip='Compartir en Twitter' rel=\"noopener\"><span class='avia_hidden_link_text'>Compartir en Twitter<\/span><\/a><\/li><li class='av-share-link av-social-link-whatsapp' ><a target=\"_blank\" aria-label=\"Compartir en Whatsapp\" href='https:\/\/api.whatsapp.com\/send?text=https:\/\/radiorevelacionfm.cl\/?p=4155' aria-hidden='false' data-av_icon='\uf232' data-av_iconfont='entypo-fontello' title='' data-avia-related-tooltip='Compartir en Whatsapp' rel=\"noopener\"><span class='avia_hidden_link_text'>Compartir en Whatsapp<\/span><\/a><\/li><li class='av-share-link av-social-link-linkedin' ><a target=\"_blank\" aria-label=\"Compartir en LinkedIn\" href='https:\/\/linkedin.com\/shareArticle?mini=true&#038;title=Ocho%20de%20cada%20diez%20chilenos%20estima%20que%20la%20nueva%20Constituci%C3%B3n%20debe%20contar%20con%20una%20mirada%20ecol%C3%B3gica&#038;url=https:\/\/radiorevelacionfm.cl\/?p=4155' aria-hidden='false' data-av_icon='\ue8fc' data-av_iconfont='entypo-fontello' title='' data-avia-related-tooltip='Compartir en LinkedIn' rel=\"noopener\"><span class='avia_hidden_link_text'>Compartir en LinkedIn<\/span><\/a><\/li><li class='av-share-link av-social-link-mail' ><a  aria-label=\"Compartir por correo\" href='mailto:?subject=Ocho%20de%20cada%20diez%20chilenos%20estima%20que%20la%20nueva%20Constituci%C3%B3n%20debe%20contar%20con%20una%20mirada%20ecol%C3%B3gica&#038;body=https:\/\/radiorevelacionfm.cl\/?p=4155' aria-hidden='false' data-av_icon='\ue805' data-av_iconfont='entypo-fontello' title='' data-avia-related-tooltip='Compartir por correo'><span class='avia_hidden_link_text'>Compartir por correo<\/span><\/a><\/li><\/ul><\/div><\/div>\n<div  style='height:50px' class='hr hr-invisible   avia-builder-el-8  el_after_av_social_share  el_before_av_comments_list '><span class='hr-inner ' ><span class='hr-inner-style'><\/span><\/span><\/div>\n<div  class='av-buildercomment  av-blog-meta-html-info-disabled av-blog-meta-tag-disabled  '><\/div>\n","protected":false},"excerpt":{"rendered":"","protected":false},"author":1,"featured_media":0,"comment_status":"open","ping_status":"open","sticky":false,"template":"","format":"standard","meta":{"footnotes":""},"categories":[47],"tags":[],"class_list":["post-4155","post","type-post","status-publish","format-standard","hentry","category-reportajes"],"jetpack_featured_media_url":"","_links":{"self":[{"href":"https:\/\/radiorevelacionfm.cl\/index.php?rest_route=\/wp\/v2\/posts\/4155","targetHints":{"allow":["GET"]}}],"collection":[{"href":"https:\/\/radiorevelacionfm.cl\/index.php?rest_route=\/wp\/v2\/posts"}],"about":[{"href":"https:\/\/radiorevelacionfm.cl\/index.php?rest_route=\/wp\/v2\/types\/post"}],"author":[{"embeddable":true,"href":"https:\/\/radiorevelacionfm.cl\/index.php?rest_route=\/wp\/v2\/users\/1"}],"replies":[{"embeddable":true,"href":"https:\/\/radiorevelacionfm.cl\/index.php?rest_route=%2Fwp%2Fv2%2Fcomments&post=4155"}],"version-history":[{"count":1,"href":"https:\/\/radiorevelacionfm.cl\/index.php?rest_route=\/wp\/v2\/posts\/4155\/revisions"}],"predecessor-version":[{"id":4157,"href":"https:\/\/radiorevelacionfm.cl\/index.php?rest_route=\/wp\/v2\/posts\/4155\/revisions\/4157"}],"wp:attachment":[{"href":"https:\/\/radiorevelacionfm.cl\/index.php?rest_route=%2Fwp%2Fv2%2Fmedia&parent=4155"}],"wp:term":[{"taxonomy":"category","embeddable":true,"href":"https:\/\/radiorevelacionfm.cl\/index.php?rest_route=%2Fwp%2Fv2%2Fcategories&post=4155"},{"taxonomy":"post_tag","embeddable":true,"href":"https:\/\/radiorevelacionfm.cl\/index.php?rest_route=%2Fwp%2Fv2%2Ftags&post=4155"}],"curies":[{"name":"wp","href":"https:\/\/api.w.org\/{rel}","templated":true}]}}