{"id":41548,"date":"2024-04-23T11:24:53","date_gmt":"2024-04-23T14:24:53","guid":{"rendered":"https:\/\/radiorevelacionfm.cl\/?p=41548"},"modified":"2024-04-23T11:24:53","modified_gmt":"2024-04-23T14:24:53","slug":"humus-de-empresa-aysenina-fue-protagonista-en-feria-de-productos-forestales-no-madereros","status":"publish","type":"post","link":"https:\/\/radiorevelacionfm.cl\/?p=41548","title":{"rendered":"Humus de empresa Aysenina fue protagonista en Feria de Productos Forestales no Madereros"},"content":{"rendered":"<div class=\"flex_column av_one_full  flex_column_div av-zero-column-padding first  avia-builder-el-0  el_before_av_one_full  avia-builder-el-first  \" style='border-radius:0px; '><div  class='avia-image-container  av-styling-    avia-builder-el-1  avia-builder-el-no-sibling  avia-align-center '  itemprop=\"image\" itemscope=\"itemscope\" itemtype=\"https:\/\/schema.org\/ImageObject\"  ><div class='avia-image-container-inner'><div class='avia-image-overlay-wrap'><img decoding=\"async\" class='wp-image-41549 avia-img-lazy-loading-not-41549 avia_image' src=\"https:\/\/radiorevelacionfm.cl\/wp-content\/uploads\/2024\/04\/img-feria-productos-1_optimized.jpeg\" alt='' title='img-feria-productos-(1)_optimized' height=\"600\" width=\"800\"  itemprop=\"thumbnailUrl\" srcset=\"https:\/\/radiorevelacionfm.cl\/wp-content\/uploads\/2024\/04\/img-feria-productos-1_optimized.jpeg 800w, https:\/\/radiorevelacionfm.cl\/wp-content\/uploads\/2024\/04\/img-feria-productos-1_optimized-300x225.jpeg 300w, https:\/\/radiorevelacionfm.cl\/wp-content\/uploads\/2024\/04\/img-feria-productos-1_optimized-768x576.jpeg 768w, https:\/\/radiorevelacionfm.cl\/wp-content\/uploads\/2024\/04\/img-feria-productos-1_optimized-705x529.jpeg 705w, https:\/\/radiorevelacionfm.cl\/wp-content\/uploads\/2024\/04\/img-feria-productos-1_optimized-450x338.jpeg 450w, https:\/\/radiorevelacionfm.cl\/wp-content\/uploads\/2024\/04\/img-feria-productos-1_optimized-600x450.jpeg 600w\" sizes=\"(max-width: 800px) 100vw, 800px\" \/><\/div><\/div><\/div><\/div><div class=\"flex_column av_one_full  flex_column_div av-zero-column-padding first  avia-builder-el-2  el_after_av_one_full  el_before_av_one_full  column-top-margin\" style='border-radius:0px; '><section class=\"av_textblock_section \"  itemscope=\"itemscope\" itemtype=\"https:\/\/schema.org\/BlogPosting\" itemprop=\"blogPost\" ><div class='avia_textblock  '   itemprop=\"text\" ><p style=\"text-align: center;\"><strong><span style=\"font-size: 18pt;\">Humus de empresa Aysenina fue protagonista en Feria de Productos Forestales no Madereros<\/span><\/strong><\/p>\n<div id=\"gtx-trans\" style=\"position: absolute; left: -50px; top: 4.31534px;\">\n<div class=\"gtx-trans-icon\"><\/div>\n<\/div>\n<\/div><\/section><\/div><div class=\"flex_column av_one_full  flex_column_div av-zero-column-padding first  avia-builder-el-4  el_after_av_one_full  el_before_av_hr  column-top-margin\" style='border-radius:0px; '><section class=\"av_textblock_section \"  itemscope=\"itemscope\" itemtype=\"https:\/\/schema.org\/BlogPosting\" itemprop=\"blogPost\" ><div class='avia_textblock  '   itemprop=\"text\" ><p style=\"text-align: justify;\">Como parte de las acciones de Vinculaci\u00f3n con el Medio y en el contexto de colaboraci\u00f3n que posee con instituciones p\u00fablicas. Empresas Bahamonde fue invitada para participar de la primera Feria de Productos Forestales no Madereros que desarroll\u00f3 el municipio local con el financiamiento del Gobierno Regional de Ays\u00e9n y su Consejo. Un encuentro que destac\u00f3 tanto por la diversidad de emprendimientos como por las distintas ponencias acad\u00e9micas respecto a un polo de desarrollo constante que posee la Regi\u00f3n. En este sentido, el Humus proveniente del Relleno Sanitario de Ays\u00e9n fue el favorito de la comunidad, tanto por sus propiedades comprobadas en la horticultura como por su nuevo desarrollo investigativo en medios terap\u00e9uticos.<\/p>\n<p style=\"text-align: justify;\">Al respecto, Diego D\u00edaz C\u00e1rcamo, Ingeniero Civil Industrial y jefe de proyectos de Empresas Bahamonde, explic\u00f3 que \u201cagradecemos a la Municipalidad por la invitaci\u00f3n, fue un muy buen evento y valoramos tambi\u00e9n ser considerados como un vecino m\u00e1s de la comunidad de Puerto Ays\u00e9n y continuar aportando al territorio con las innovaciones que estamos desarrollando en la empresa, espec\u00edficamente en este caso desde el Relleno Sanitario\u201d.<\/p>\n<p style=\"text-align: justify;\">Sobre la entrega de Humus efectuada en la actividad. Lucia Hern\u00e1ndez, emprendedora aysenina se mostr\u00f3 gratamente sorprendida por esta nueva acci\u00f3n de Empresas Bahamonde a\u00f1adiendo que \u201cel humus, lo he utilizado y la verdad que para m\u00ed es s\u00faper importante tener este producto porque me gusta la siembra y como ya ustedes nos han ense\u00f1ado a c\u00f3mo utilizarlo, ha sido bastante bueno. En mi caso, lo usar\u00e9 para mis calafates porque ellos necesitan bastante de este producto\u201d.<\/p>\n<p style=\"text-align: justify;\">Mientras que, para Ana Mar\u00eda Cabrera, emprendedora local en t\u00e9cnicas de macram\u00e9, indic\u00f3 que el Humus obtenido en la jornada lo utilizar\u00e1 para sus plantas de interiores. As\u00ed como tambi\u00e9n, la aysenina enfatiz\u00f3 el impacto positivo de las acciones que posee la empresa responsable de los residuos s\u00f3lidos domiciliarios, \u201cencuentro s\u00faper bueno porque la verdad es que aqu\u00ed en Ays\u00e9n no se ve\u00eda esto, que est\u00e9n dando recursos para la reutilizaci\u00f3n, lo encuentro maravilloso para la comunidad\u201d.<\/p>\n<p style=\"text-align: justify;\">Por su parte, Elena Quintana, vecina y artesana de Ays\u00e9n, enfatiz\u00f3 la buena disposici\u00f3n de Empresas Bahamonde por ayudar a la comunidad. Adem\u00e1s, tras ser consultada coment\u00f3 sobre los recientes hechos que han aparecido en la prensa regional y nacional por el uso terap\u00e9utico que podr\u00eda tener el Humus de Ays\u00e9n \u201ceso es fant\u00e1stico y ojal\u00e1 que se pueda hacer posible, es muy importante porque es un gran avance.\u201d<\/p>\n<p style=\"text-align: justify;\">Cabe se\u00f1alar que el desarrollo de un fertilizante natural en base a residuos s\u00f3lidos domiciliarios es un proyecto \u00fanico en el pa\u00eds. El cual es resultado de un compromiso con la comunidad y la constancia en investigaci\u00f3n que posee Empresas Bahamonde para el desarrollo de la comuna de Ays\u00e9n.<\/p>\n<\/div><\/section><\/div><div  style='height:50px' class='hr hr-invisible   avia-builder-el-6  el_after_av_one_full  el_before_av_social_share '><span class='hr-inner ' ><span class='hr-inner-style'><\/span><\/span><\/div><\/p>\n<div  class='av-social-sharing-box  avia-builder-el-7  el_after_av_hr  el_before_av_hr  '><div class='av-share-box'><h5 class='av-share-link-description av-no-toc '>Compartir esta noticia<\/h5><ul class='av-share-box-list noLightbox'><li class='av-share-link av-social-link-facebook' ><a target=\"_blank\" aria-label=\"Compartir en Facebook\" href='https:\/\/www.facebook.com\/sharer.php?u=https:\/\/radiorevelacionfm.cl\/?p=41548&#038;t=Humus%20de%20empresa%20Aysenina%20fue%20protagonista%20en%20Feria%20de%20Productos%20Forestales%20no%20Madereros' aria-hidden='false' data-av_icon='\ue8f3' data-av_iconfont='entypo-fontello' title='' data-avia-related-tooltip='Compartir en Facebook' rel=\"noopener\"><span class='avia_hidden_link_text'>Compartir en Facebook<\/span><\/a><\/li><li class='av-share-link av-social-link-twitter' ><a target=\"_blank\" aria-label=\"Compartir en Twitter\" href='https:\/\/twitter.com\/share?text=Humus%20de%20empresa%20Aysenina%20fue%20protagonista%20en%20Feria%20de%20Productos%20Forestales%20no%20Madereros&#038;url=https:\/\/radiorevelacionfm.cl\/?p=41548' aria-hidden='false' data-av_icon='\ue8f1' data-av_iconfont='entypo-fontello' title='' data-avia-related-tooltip='Compartir en Twitter' rel=\"noopener\"><span class='avia_hidden_link_text'>Compartir en Twitter<\/span><\/a><\/li><li class='av-share-link av-social-link-whatsapp' ><a target=\"_blank\" aria-label=\"Compartir en Whatsapp\" href='https:\/\/api.whatsapp.com\/send?text=https:\/\/radiorevelacionfm.cl\/?p=41548' aria-hidden='false' data-av_icon='\uf232' data-av_iconfont='entypo-fontello' title='' data-avia-related-tooltip='Compartir en Whatsapp' rel=\"noopener\"><span class='avia_hidden_link_text'>Compartir en Whatsapp<\/span><\/a><\/li><li class='av-share-link av-social-link-linkedin' ><a target=\"_blank\" aria-label=\"Compartir en LinkedIn\" href='https:\/\/linkedin.com\/shareArticle?mini=true&#038;title=Humus%20de%20empresa%20Aysenina%20fue%20protagonista%20en%20Feria%20de%20Productos%20Forestales%20no%20Madereros&#038;url=https:\/\/radiorevelacionfm.cl\/?p=41548' aria-hidden='false' data-av_icon='\ue8fc' data-av_iconfont='entypo-fontello' title='' data-avia-related-tooltip='Compartir en LinkedIn' rel=\"noopener\"><span class='avia_hidden_link_text'>Compartir en LinkedIn<\/span><\/a><\/li><li class='av-share-link av-social-link-mail' ><a  aria-label=\"Compartir por correo\" href='mailto:?subject=Humus%20de%20empresa%20Aysenina%20fue%20protagonista%20en%20Feria%20de%20Productos%20Forestales%20no%20Madereros&#038;body=https:\/\/radiorevelacionfm.cl\/?p=41548' aria-hidden='false' data-av_icon='\ue805' data-av_iconfont='entypo-fontello' title='' data-avia-related-tooltip='Compartir por correo'><span class='avia_hidden_link_text'>Compartir por correo<\/span><\/a><\/li><\/ul><\/div><\/div>\n<div  style='height:50px' class='hr hr-invisible   avia-builder-el-8  el_after_av_social_share  el_before_av_comments_list '><span class='hr-inner ' ><span class='hr-inner-style'><\/span><\/span><\/div>\n<div  class='av-buildercomment  av-blog-meta-html-info-disabled av-blog-meta-tag-disabled  '><\/div>\n","protected":false},"excerpt":{"rendered":"","protected":false},"author":1,"featured_media":41549,"comment_status":"open","ping_status":"open","sticky":false,"template":"","format":"standard","meta":{"footnotes":""},"categories":[38],"tags":[],"class_list":["post-41548","post","type-post","status-publish","format-standard","has-post-thumbnail","hentry","category-regional"],"jetpack_featured_media_url":"https:\/\/radiorevelacionfm.cl\/wp-content\/uploads\/2024\/04\/img-feria-productos-1_optimized.jpeg","_links":{"self":[{"href":"https:\/\/radiorevelacionfm.cl\/index.php?rest_route=\/wp\/v2\/posts\/41548","targetHints":{"allow":["GET"]}}],"collection":[{"href":"https:\/\/radiorevelacionfm.cl\/index.php?rest_route=\/wp\/v2\/posts"}],"about":[{"href":"https:\/\/radiorevelacionfm.cl\/index.php?rest_route=\/wp\/v2\/types\/post"}],"author":[{"embeddable":true,"href":"https:\/\/radiorevelacionfm.cl\/index.php?rest_route=\/wp\/v2\/users\/1"}],"replies":[{"embeddable":true,"href":"https:\/\/radiorevelacionfm.cl\/index.php?rest_route=%2Fwp%2Fv2%2Fcomments&post=41548"}],"version-history":[{"count":1,"href":"https:\/\/radiorevelacionfm.cl\/index.php?rest_route=\/wp\/v2\/posts\/41548\/revisions"}],"predecessor-version":[{"id":41550,"href":"https:\/\/radiorevelacionfm.cl\/index.php?rest_route=\/wp\/v2\/posts\/41548\/revisions\/41550"}],"wp:featuredmedia":[{"embeddable":true,"href":"https:\/\/radiorevelacionfm.cl\/index.php?rest_route=\/wp\/v2\/media\/41549"}],"wp:attachment":[{"href":"https:\/\/radiorevelacionfm.cl\/index.php?rest_route=%2Fwp%2Fv2%2Fmedia&parent=41548"}],"wp:term":[{"taxonomy":"category","embeddable":true,"href":"https:\/\/radiorevelacionfm.cl\/index.php?rest_route=%2Fwp%2Fv2%2Fcategories&post=41548"},{"taxonomy":"post_tag","embeddable":true,"href":"https:\/\/radiorevelacionfm.cl\/index.php?rest_route=%2Fwp%2Fv2%2Ftags&post=41548"}],"curies":[{"name":"wp","href":"https:\/\/api.w.org\/{rel}","templated":true}]}}