{"id":41530,"date":"2024-04-22T21:32:36","date_gmt":"2024-04-23T00:32:36","guid":{"rendered":"https:\/\/radiorevelacionfm.cl\/?p=41530"},"modified":"2024-04-22T21:32:36","modified_gmt":"2024-04-23T00:32:36","slug":"rescatan-a-excursionistas-en-parque-nacional-cerro-castillo-intensa-nevazon-les-imposibilito-divisar-el-sendero-las-horquetas","status":"publish","type":"post","link":"https:\/\/radiorevelacionfm.cl\/?p=41530","title":{"rendered":"Rescatan a excursionistas en Parque Nacional Cerro Castillo, intensa nevaz\u00f3n les imposibilit\u00f3 divisar el sendero Las Horquetas"},"content":{"rendered":"<div class=\"flex_column av_one_full  flex_column_div av-zero-column-padding first  avia-builder-el-0  el_before_av_one_full  avia-builder-el-first  \" style='border-radius:0px; '><div  class='avia-image-container  av-styling-    avia-builder-el-1  avia-builder-el-no-sibling  avia-align-center '  itemprop=\"image\" itemscope=\"itemscope\" itemtype=\"https:\/\/schema.org\/ImageObject\"  ><div class='avia-image-container-inner'><div class='avia-image-overlay-wrap'><img decoding=\"async\" class='wp-image-41531 avia-img-lazy-loading-not-41531 avia_image' src=\"https:\/\/radiorevelacionfm.cl\/wp-content\/uploads\/2024\/04\/4a5f3a63-0dff-4dd8-9320-fdbf8bbf945a-1-1.jpg\" alt='' title='4a5f3a63-0dff-4dd8-9320-fdbf8bbf945a (1) (1)' height=\"600\" width=\"800\"  itemprop=\"thumbnailUrl\" srcset=\"https:\/\/radiorevelacionfm.cl\/wp-content\/uploads\/2024\/04\/4a5f3a63-0dff-4dd8-9320-fdbf8bbf945a-1-1.jpg 800w, https:\/\/radiorevelacionfm.cl\/wp-content\/uploads\/2024\/04\/4a5f3a63-0dff-4dd8-9320-fdbf8bbf945a-1-1-300x225.jpg 300w, https:\/\/radiorevelacionfm.cl\/wp-content\/uploads\/2024\/04\/4a5f3a63-0dff-4dd8-9320-fdbf8bbf945a-1-1-768x576.jpg 768w, https:\/\/radiorevelacionfm.cl\/wp-content\/uploads\/2024\/04\/4a5f3a63-0dff-4dd8-9320-fdbf8bbf945a-1-1-705x529.jpg 705w, https:\/\/radiorevelacionfm.cl\/wp-content\/uploads\/2024\/04\/4a5f3a63-0dff-4dd8-9320-fdbf8bbf945a-1-1-450x338.jpg 450w, https:\/\/radiorevelacionfm.cl\/wp-content\/uploads\/2024\/04\/4a5f3a63-0dff-4dd8-9320-fdbf8bbf945a-1-1-600x450.jpg 600w\" sizes=\"(max-width: 800px) 100vw, 800px\" \/><\/div><\/div><\/div><\/div><div class=\"flex_column av_one_full  flex_column_div av-zero-column-padding first  avia-builder-el-2  el_after_av_one_full  el_before_av_one_full  column-top-margin\" style='border-radius:0px; '><section class=\"av_textblock_section \"  itemscope=\"itemscope\" itemtype=\"https:\/\/schema.org\/BlogPosting\" itemprop=\"blogPost\" ><div class='avia_textblock  '   itemprop=\"text\" ><p style=\"text-align: center;\"><strong><span style=\"font-size: 18pt;\">Rescatan a excursionistas en Parque Nacional Cerro Castillo, intensa nevaz\u00f3n les imposibilit\u00f3 divisar el sendero Las Horquetas<\/span><\/strong><\/p>\n<div id=\"gtx-trans\" style=\"position: absolute; left: -50px; top: 4.31534px;\">\n<div class=\"gtx-trans-icon\"><\/div>\n<\/div>\n<\/div><\/section><\/div><div class=\"flex_column av_one_full  flex_column_div av-zero-column-padding first  avia-builder-el-4  el_after_av_one_full  el_before_av_hr  column-top-margin\" style='border-radius:0px; '><section class=\"av_textblock_section \"  itemscope=\"itemscope\" itemtype=\"https:\/\/schema.org\/BlogPosting\" itemprop=\"blogPost\" ><div class='avia_textblock  '   itemprop=\"text\" ><p class=\"v1gmail-MsoListParagraphCxSpFirst\" style=\"text-align: justify;\"><em>Trabajo mancomunado entre Carabineros del GOPE Ays\u00e9n, la Coordinadora General del Parque Nacional Cerro Castillo y la Asociaci\u00f3n de Turismo Villa Cerro Castillo, fue clave para dar con su ubicaci\u00f3n de estas personas, siendo encontrados con principio de hipotermia cerca del sector la laguna.<\/em><\/p>\n<p class=\"v1gmail-MsoListParagraphCxSpLast\" style=\"text-align: justify;\"><em>Carabineros reiter\u00f3 a quienes practican actividades de monta\u00f1a planificar estas salidas, contemplar vestuario, alimentaci\u00f3n junto con dar aviso a la autoridad o guardaparques sobre la visita que se pretende realizar.<\/em><\/p>\n<p class=\"v1MsoNormal\" style=\"text-align: justify;\">Con principio de hipotermia y a un kil\u00f3metro de la laguna -al interior del Parque Nacional Cerro Castillo- fueron rescatados por Carabineros del Grupo de Operaciones Policiales (GOPE) Ays\u00e9n junto a la Coordinadora General del Parque Nacional Cerro Castillo y la Asociaci\u00f3n de Turismo Villa Cerro Castillo, dos excursionistas, quienes mientras realizaban el sendero Las Horquetas, extraviaron la ruta tras abundante ca\u00edda de nieve en la zona.<\/p>\n<p class=\"v1MsoNormal\" style=\"text-align: justify;\">Lo anterior se conoci\u00f3 la tarde del viernes tras un llamado que ingres\u00f3 al nivel de emergencias de la Tenencia de Carabineros de Puerto Ingeniero Ib\u00e1\u00f1ez (F), en que una persona se\u00f1al\u00f3 que junto a su acompa\u00f1ante, desde hace dos d\u00edas se encontraban realizando dicho sendero al interior de este Parque Nacional.<\/p>\n<p class=\"v1MsoNormal\" style=\"text-align: justify;\">\u00abEstas personas se encontraron con un cambio en el clima, en el cual les nev\u00f3 toda la noche. Lo bueno es que andaban con equipamiento y se refugiaron en una carpa, pero al amanecer se encontraron con una nevaz\u00f3n tras lo cual perdieron el rastro del camino\u00bb, expres\u00f3 el Jefe del GOPE Ays\u00e9n, Teniente V\u00edctor Cuevas Pereira.<\/p>\n<p class=\"v1MsoNormal\" style=\"text-align: justify;\"><b>B\u00fasqueda<\/b><\/p>\n<p class=\"v1MsoNormal\" style=\"text-align: justify;\">Con los primeros antecedentes, el equipo especializado se traslad\u00f3 al lugar, sector en que momentos antes, personal de la Asociaci\u00f3n de Turismo Villa Cerro Castillo ya se encontraba desplegado efectuando una aproximaci\u00f3n en b\u00fasqueda de estas personas.<\/p>\n<p class=\"v1MsoNormal\" style=\"text-align: justify;\">\u00abEllos (la Asociaci\u00f3n de Turismo Villa Cerro Castillo) se encontraron con una capa de nieve sobre un metro y medio, entonces la llegada de estos rescatistas al lugar fue dif\u00edcil. Nosotros comenzamos a ascender alrededor de las 17:00 horas, hicimos un recorrido de aproximadamente 5 kil\u00f3metros, donde nos encontramos con los excursionistas a las 19:20 horas, quienes ya ven\u00edan bajando y estaban con principio de hipotermia debido a las dificultades clim\u00e1ticas y el tiempo que estuvieron en el lugar\u00bb, indic\u00f3 el Teniente Cuevas.<\/p>\n<p class=\"v1MsoNormal\" style=\"text-align: justify;\">El Jefe del GOPE Ays\u00e9n destac\u00f3 el trabajo conjunto realizado con la Coordinadora General del Parque Nacional Cerro Castillo y la Asociaci\u00f3n de Turismo Villa Cerro Castillo, pudiendo llegar al refugio ubicado a cinco kil\u00f3metros desde el ingreso al parque en esta localidad.<\/p>\n<p class=\"v1MsoNormal\" style=\"text-align: justify;\">\u00abEmpezamos a bajar en conjunto, les ayudamos, las personas controlaron su hipotermia, les ayudamos con el equipo. El personal GOPE de Carabineros carg\u00f3 las mochilas de ambas personas y el equipamiento propio de la especialidad, pudiendo realizar un descenso controlado y llegar a la base del Cerro Castillo, sin novedad\u00bb, complement\u00f3.<\/p>\n<p class=\"v1MsoNormal\" style=\"text-align: justify;\">Una vez seguros, ambas personas fueron entregadas al personal territorial de la Tenencia Puerto Ingeniero Ib\u00e1\u00f1ez, siendo llevados a un centro asistencial para constatar lesiones y verificar su estado de salud.<\/p>\n<p class=\"v1MsoNormal\" style=\"text-align: justify;\"><b>Planificaci\u00f3n<\/b><\/p>\n<p class=\"v1MsoNormal\" style=\"text-align: justify;\">Carabineros del GOPE reiter\u00f3 el llamado a quienes gustan del deporte de monta\u00f1a, primeramente, a planificar de manera correcta el desarrollo de este tipo de actividades y comunicar su ingreso a la autoridad o guardaparque, cantidad de personas y tiempo de permanencia al interior de Parques Nacionales, Reservas o \u00c1reas Silvestres.<\/p>\n<p class=\"v1MsoNormal\" style=\"text-align: justify;\">\u00abNi la Asociaci\u00f3n, ni nadie ten\u00eda conocimiento que ellos (los senderistas) estaban al interior del Parque (&#8230;). Se sugiere a las personas informar si suben a alg\u00fan trayecto de dificultad, planificar el viaje, verificar la meteorolog\u00eda, llevar vestuario adecuado, m\u00e1s a\u00fan desde esta fecha en adelante en que nos aproximamos al invierno, toda vez que la hipotermia es muy grave si no se controla a tiempo\u00bb, se\u00f1al\u00f3 el Jefe del GOPE Ays\u00e9n.<\/p>\n<\/div><\/section><\/div><div  style='height:50px' class='hr hr-invisible   avia-builder-el-6  el_after_av_one_full  el_before_av_social_share '><span class='hr-inner ' ><span class='hr-inner-style'><\/span><\/span><\/div><\/p>\n<div  class='av-social-sharing-box  avia-builder-el-7  el_after_av_hr  el_before_av_hr  '><div class='av-share-box'><h5 class='av-share-link-description av-no-toc '>Compartir esta noticia<\/h5><ul class='av-share-box-list noLightbox'><li class='av-share-link av-social-link-facebook' ><a target=\"_blank\" aria-label=\"Compartir en Facebook\" href='https:\/\/www.facebook.com\/sharer.php?u=https:\/\/radiorevelacionfm.cl\/?p=41530&#038;t=Rescatan%20a%20excursionistas%20en%20Parque%20Nacional%20Cerro%20Castillo%2C%20intensa%20nevaz%C3%B3n%20les%20imposibilit%C3%B3%20divisar%20el%20sendero%20Las%20Horquetas' aria-hidden='false' data-av_icon='\ue8f3' data-av_iconfont='entypo-fontello' title='' data-avia-related-tooltip='Compartir en Facebook' rel=\"noopener\"><span class='avia_hidden_link_text'>Compartir en Facebook<\/span><\/a><\/li><li class='av-share-link av-social-link-twitter' ><a target=\"_blank\" aria-label=\"Compartir en Twitter\" href='https:\/\/twitter.com\/share?text=Rescatan%20a%20excursionistas%20en%20Parque%20Nacional%20Cerro%20Castillo%2C%20intensa%20nevaz%C3%B3n%20les%20imposibilit%C3%B3%20divisar%20el%20sendero%20Las%20Horquetas&#038;url=https:\/\/radiorevelacionfm.cl\/?p=41530' aria-hidden='false' data-av_icon='\ue8f1' data-av_iconfont='entypo-fontello' title='' data-avia-related-tooltip='Compartir en Twitter' rel=\"noopener\"><span class='avia_hidden_link_text'>Compartir en Twitter<\/span><\/a><\/li><li class='av-share-link av-social-link-whatsapp' ><a target=\"_blank\" aria-label=\"Compartir en Whatsapp\" href='https:\/\/api.whatsapp.com\/send?text=https:\/\/radiorevelacionfm.cl\/?p=41530' aria-hidden='false' data-av_icon='\uf232' data-av_iconfont='entypo-fontello' title='' data-avia-related-tooltip='Compartir en Whatsapp' rel=\"noopener\"><span class='avia_hidden_link_text'>Compartir en Whatsapp<\/span><\/a><\/li><li class='av-share-link av-social-link-linkedin' ><a target=\"_blank\" aria-label=\"Compartir en LinkedIn\" href='https:\/\/linkedin.com\/shareArticle?mini=true&#038;title=Rescatan%20a%20excursionistas%20en%20Parque%20Nacional%20Cerro%20Castillo%2C%20intensa%20nevaz%C3%B3n%20les%20imposibilit%C3%B3%20divisar%20el%20sendero%20Las%20Horquetas&#038;url=https:\/\/radiorevelacionfm.cl\/?p=41530' aria-hidden='false' data-av_icon='\ue8fc' data-av_iconfont='entypo-fontello' title='' data-avia-related-tooltip='Compartir en LinkedIn' rel=\"noopener\"><span class='avia_hidden_link_text'>Compartir en LinkedIn<\/span><\/a><\/li><li class='av-share-link av-social-link-mail' ><a  aria-label=\"Compartir por correo\" href='mailto:?subject=Rescatan%20a%20excursionistas%20en%20Parque%20Nacional%20Cerro%20Castillo%2C%20intensa%20nevaz%C3%B3n%20les%20imposibilit%C3%B3%20divisar%20el%20sendero%20Las%20Horquetas&#038;body=https:\/\/radiorevelacionfm.cl\/?p=41530' aria-hidden='false' data-av_icon='\ue805' data-av_iconfont='entypo-fontello' title='' data-avia-related-tooltip='Compartir por correo'><span class='avia_hidden_link_text'>Compartir por correo<\/span><\/a><\/li><\/ul><\/div><\/div>\n<div  style='height:50px' class='hr hr-invisible   avia-builder-el-8  el_after_av_social_share  el_before_av_comments_list '><span class='hr-inner ' ><span class='hr-inner-style'><\/span><\/span><\/div>\n<div  class='av-buildercomment  av-blog-meta-html-info-disabled av-blog-meta-tag-disabled  '><\/div>\n","protected":false},"excerpt":{"rendered":"","protected":false},"author":1,"featured_media":41531,"comment_status":"open","ping_status":"open","sticky":false,"template":"","format":"standard","meta":{"footnotes":""},"categories":[38],"tags":[],"class_list":["post-41530","post","type-post","status-publish","format-standard","has-post-thumbnail","hentry","category-regional"],"jetpack_featured_media_url":"https:\/\/radiorevelacionfm.cl\/wp-content\/uploads\/2024\/04\/4a5f3a63-0dff-4dd8-9320-fdbf8bbf945a-1-1.jpg","_links":{"self":[{"href":"https:\/\/radiorevelacionfm.cl\/index.php?rest_route=\/wp\/v2\/posts\/41530","targetHints":{"allow":["GET"]}}],"collection":[{"href":"https:\/\/radiorevelacionfm.cl\/index.php?rest_route=\/wp\/v2\/posts"}],"about":[{"href":"https:\/\/radiorevelacionfm.cl\/index.php?rest_route=\/wp\/v2\/types\/post"}],"author":[{"embeddable":true,"href":"https:\/\/radiorevelacionfm.cl\/index.php?rest_route=\/wp\/v2\/users\/1"}],"replies":[{"embeddable":true,"href":"https:\/\/radiorevelacionfm.cl\/index.php?rest_route=%2Fwp%2Fv2%2Fcomments&post=41530"}],"version-history":[{"count":1,"href":"https:\/\/radiorevelacionfm.cl\/index.php?rest_route=\/wp\/v2\/posts\/41530\/revisions"}],"predecessor-version":[{"id":41532,"href":"https:\/\/radiorevelacionfm.cl\/index.php?rest_route=\/wp\/v2\/posts\/41530\/revisions\/41532"}],"wp:featuredmedia":[{"embeddable":true,"href":"https:\/\/radiorevelacionfm.cl\/index.php?rest_route=\/wp\/v2\/media\/41531"}],"wp:attachment":[{"href":"https:\/\/radiorevelacionfm.cl\/index.php?rest_route=%2Fwp%2Fv2%2Fmedia&parent=41530"}],"wp:term":[{"taxonomy":"category","embeddable":true,"href":"https:\/\/radiorevelacionfm.cl\/index.php?rest_route=%2Fwp%2Fv2%2Fcategories&post=41530"},{"taxonomy":"post_tag","embeddable":true,"href":"https:\/\/radiorevelacionfm.cl\/index.php?rest_route=%2Fwp%2Fv2%2Ftags&post=41530"}],"curies":[{"name":"wp","href":"https:\/\/api.w.org\/{rel}","templated":true}]}}