{"id":41527,"date":"2024-04-22T21:18:01","date_gmt":"2024-04-23T00:18:01","guid":{"rendered":"https:\/\/radiorevelacionfm.cl\/?p=41527"},"modified":"2024-04-22T21:18:01","modified_gmt":"2024-04-23T00:18:01","slug":"red-de-artistas-visuales-de-aysen-se-capacita-y-lleva-creativos-talleres-a-personas-en-situacion-de-discapacidad","status":"publish","type":"post","link":"https:\/\/radiorevelacionfm.cl\/?p=41527","title":{"rendered":"Red de Artistas Visuales de Ays\u00e9n se capacita y lleva creativos talleres a personas en situaci\u00f3n de discapacidad"},"content":{"rendered":"<div class=\"flex_column av_one_full  flex_column_div av-zero-column-padding first  avia-builder-el-0  el_before_av_one_full  avia-builder-el-first  \" style='border-radius:0px; '><div  class='avia-image-container  av-styling-    avia-builder-el-1  avia-builder-el-no-sibling  avia-align-center '  itemprop=\"image\" itemscope=\"itemscope\" itemtype=\"https:\/\/schema.org\/ImageObject\"  ><div class='avia-image-container-inner'><div class='avia-image-overlay-wrap'><img decoding=\"async\" class='wp-image-41528 avia-img-lazy-loading-not-41528 avia_image' src=\"https:\/\/radiorevelacionfm.cl\/wp-content\/uploads\/2024\/04\/capacitacion-talleres-rava2-1_optimized.jpg\" alt='' title='capacitacion-talleres-rava2-(1)_optimized' height=\"600\" width=\"899\"  itemprop=\"thumbnailUrl\" srcset=\"https:\/\/radiorevelacionfm.cl\/wp-content\/uploads\/2024\/04\/capacitacion-talleres-rava2-1_optimized.jpg 899w, https:\/\/radiorevelacionfm.cl\/wp-content\/uploads\/2024\/04\/capacitacion-talleres-rava2-1_optimized-300x200.jpg 300w, https:\/\/radiorevelacionfm.cl\/wp-content\/uploads\/2024\/04\/capacitacion-talleres-rava2-1_optimized-768x513.jpg 768w, https:\/\/radiorevelacionfm.cl\/wp-content\/uploads\/2024\/04\/capacitacion-talleres-rava2-1_optimized-705x471.jpg 705w, https:\/\/radiorevelacionfm.cl\/wp-content\/uploads\/2024\/04\/capacitacion-talleres-rava2-1_optimized-450x300.jpg 450w, https:\/\/radiorevelacionfm.cl\/wp-content\/uploads\/2024\/04\/capacitacion-talleres-rava2-1_optimized-600x400.jpg 600w\" sizes=\"(max-width: 899px) 100vw, 899px\" \/><\/div><\/div><\/div><\/div><div class=\"flex_column av_one_full  flex_column_div av-zero-column-padding first  avia-builder-el-2  el_after_av_one_full  el_before_av_one_full  column-top-margin\" style='border-radius:0px; '><section class=\"av_textblock_section \"  itemscope=\"itemscope\" itemtype=\"https:\/\/schema.org\/BlogPosting\" itemprop=\"blogPost\" ><div class='avia_textblock  '   itemprop=\"text\" ><p style=\"text-align: center;\"><span style=\"font-size: 18pt;\"><b>Red de Artistas Visuales de Ays\u00e9n se capacita y lleva creativos talleres a personas en situaci\u00f3n de discapacidad\u00a0<\/b><\/span><\/p>\n<div id=\"gtx-trans\" style=\"position: absolute; left: -50px; top: 4.31534px;\">\n<div class=\"gtx-trans-icon\"><\/div>\n<\/div>\n<\/div><\/section><\/div><div class=\"flex_column av_one_full  flex_column_div av-zero-column-padding first  avia-builder-el-4  el_after_av_one_full  el_before_av_hr  column-top-margin\" style='border-radius:0px; '><section class=\"av_textblock_section \"  itemscope=\"itemscope\" itemtype=\"https:\/\/schema.org\/BlogPosting\" itemprop=\"blogPost\" ><div class='avia_textblock  '   itemprop=\"text\" ><p style=\"text-align: justify;\">\u201cEl Fondo de Desarrollo Cultural y las Artes del Ministerio de las Culturas ha sido, hist\u00f3ricamente, un pilar financiero para los proyectos art\u00edstico-culturales de las regiones y cada a\u00f1o se suman nuevos p\u00fablicos que marcan el impacto que las artes generan en la ciudadan\u00eda\u201d, dice Felipe Quiroz, seremi de Culturas Ays\u00e9n, al detallar el proyecto RAVA. Conexi\u00f3n y bienestar a trav\u00e9s del arte, que desarrolla la Red de Artistas Visuales de Ays\u00e9n.<\/p>\n<p style=\"text-align: justify;\">Se trata de talleres oto\u00f1ales e invernales que dictar\u00e1n los creadores de RAVA, primero con personas en situaci\u00f3n de discapacidad, estudiantes de la escuela Espa\u00f1a de Coyhaique y Despertar de Puerto Ays\u00e9n; y a partir de junio, con adultos mayores.<\/p>\n<p style=\"text-align: justify;\">Para enfrentar el desaf\u00edo, el equipo completo de RAVA se capacit\u00f3 a trav\u00e9s del Servicio Nacional de la Discapacidad; Senadis para obtener herramientas que les permitan llevar a cabo los talleres sin prejuicios, con un lenguaje adecuado y poniendo siempre la dignidad de la persona por encima de cualquier actividad.<\/p>\n<p style=\"text-align: justify;\">As\u00ed lo explica Luis Sandoval, quien desde Senadis dict\u00f3 la capacitaci\u00f3n: \u201cCapacitamos sobre el enfoque de derechos de las personas con discapacidad. Pudimos comprender los principios fundamentales para garantizar la inclusi\u00f3n y la igualdad de oportunidades en personas con discapacidad en base a asegurar la participaci\u00f3n y el di\u00e1logo social, adem\u00e1s de la autonom\u00eda en la toma de decisiones. Entregamos tips para asegurarnos de la accesibilidad universal. Esta es la primera parte de un trabajo intersectorial para poder garantizar, en el mundo del arte, la inclusi\u00f3n de personas con discapacidad\u201d.<\/p>\n<p style=\"text-align: justify;\">La artista visual Cristina Guti\u00e9rrrez, integrante de RAVA, dijo que \u201ctuvimos una inducci\u00f3n acerca de las personas con discapacidad. Nosotros nos adjudicamos el proyecto Fondart donde vamos a hacer talleres para personas con discapacidad, as\u00ed que fue muy provechoso trabajar y aprender desde Senadis. Agradecemos a las escuelas que est\u00e1n involucradas para ir a hacer nuestros talleres y trabajos art\u00edsticos del proyecto RAVA\u201d.<\/p>\n<p style=\"text-align: justify;\">Los talleres de Conexi\u00f3n y bienestar a trav\u00e9s del arte comienzan este mi\u00e9rcoles 24 de abril en la Escuela Espa\u00f1a de Coyhaique, a cargos de los artistas Fredy Jofr\u00e9 y Paola Zapata. En total, ser\u00e1n 8 sesiones de experiencias creativas, exploratorias y sensoriales y una muestra final con los resultados. En mayo, con el mismo formato, Cristina Pustela y Tania Morgado trabajar\u00e1n con estudiantes de la Escuela Despertar de Puerto Ays\u00e9n.<\/p>\n<p style=\"text-align: justify;\">El seremi de Culturas Ays\u00e9n, Felipe Quiroz, cree que \u201ces fundamental que las culturas y las artes lleguen no solo a todos los rincones del pa\u00eds y de la regi\u00f3n; tambi\u00e9n que impacten en distintos p\u00fablicos. Como Gobierno, estamos orientados en promover el derecho a las culturas en su m\u00e1s amplio espectro, y proyectos como el de RAVA transitan hacia all\u00e1\u201d.<\/p>\n<\/div><\/section><\/div><div  style='height:50px' class='hr hr-invisible   avia-builder-el-6  el_after_av_one_full  el_before_av_social_share '><span class='hr-inner ' ><span class='hr-inner-style'><\/span><\/span><\/div><\/p>\n<div  class='av-social-sharing-box  avia-builder-el-7  el_after_av_hr  el_before_av_hr  '><div class='av-share-box'><h5 class='av-share-link-description av-no-toc '>Compartir esta noticia<\/h5><ul class='av-share-box-list noLightbox'><li class='av-share-link av-social-link-facebook' ><a target=\"_blank\" aria-label=\"Compartir en Facebook\" href='https:\/\/www.facebook.com\/sharer.php?u=https:\/\/radiorevelacionfm.cl\/?p=41527&#038;t=Red%20de%20Artistas%20Visuales%20de%20Ays%C3%A9n%20se%20capacita%20y%20lleva%20creativos%20talleres%20a%20personas%20en%20situaci%C3%B3n%20de%20discapacidad' aria-hidden='false' data-av_icon='\ue8f3' data-av_iconfont='entypo-fontello' title='' data-avia-related-tooltip='Compartir en Facebook' rel=\"noopener\"><span class='avia_hidden_link_text'>Compartir en Facebook<\/span><\/a><\/li><li class='av-share-link av-social-link-twitter' ><a target=\"_blank\" aria-label=\"Compartir en Twitter\" href='https:\/\/twitter.com\/share?text=Red%20de%20Artistas%20Visuales%20de%20Ays%C3%A9n%20se%20capacita%20y%20lleva%20creativos%20talleres%20a%20personas%20en%20situaci%C3%B3n%20de%20discapacidad&#038;url=https:\/\/radiorevelacionfm.cl\/?p=41527' aria-hidden='false' data-av_icon='\ue8f1' data-av_iconfont='entypo-fontello' title='' data-avia-related-tooltip='Compartir en Twitter' rel=\"noopener\"><span class='avia_hidden_link_text'>Compartir en Twitter<\/span><\/a><\/li><li class='av-share-link av-social-link-whatsapp' ><a target=\"_blank\" aria-label=\"Compartir en Whatsapp\" href='https:\/\/api.whatsapp.com\/send?text=https:\/\/radiorevelacionfm.cl\/?p=41527' aria-hidden='false' data-av_icon='\uf232' data-av_iconfont='entypo-fontello' title='' data-avia-related-tooltip='Compartir en Whatsapp' rel=\"noopener\"><span class='avia_hidden_link_text'>Compartir en Whatsapp<\/span><\/a><\/li><li class='av-share-link av-social-link-linkedin' ><a target=\"_blank\" aria-label=\"Compartir en LinkedIn\" href='https:\/\/linkedin.com\/shareArticle?mini=true&#038;title=Red%20de%20Artistas%20Visuales%20de%20Ays%C3%A9n%20se%20capacita%20y%20lleva%20creativos%20talleres%20a%20personas%20en%20situaci%C3%B3n%20de%20discapacidad&#038;url=https:\/\/radiorevelacionfm.cl\/?p=41527' aria-hidden='false' data-av_icon='\ue8fc' data-av_iconfont='entypo-fontello' title='' data-avia-related-tooltip='Compartir en LinkedIn' rel=\"noopener\"><span class='avia_hidden_link_text'>Compartir en LinkedIn<\/span><\/a><\/li><li class='av-share-link av-social-link-mail' ><a  aria-label=\"Compartir por correo\" href='mailto:?subject=Red%20de%20Artistas%20Visuales%20de%20Ays%C3%A9n%20se%20capacita%20y%20lleva%20creativos%20talleres%20a%20personas%20en%20situaci%C3%B3n%20de%20discapacidad&#038;body=https:\/\/radiorevelacionfm.cl\/?p=41527' aria-hidden='false' data-av_icon='\ue805' data-av_iconfont='entypo-fontello' title='' data-avia-related-tooltip='Compartir por correo'><span class='avia_hidden_link_text'>Compartir por correo<\/span><\/a><\/li><\/ul><\/div><\/div>\n<div  style='height:50px' class='hr hr-invisible   avia-builder-el-8  el_after_av_social_share  el_before_av_comments_list '><span class='hr-inner ' ><span class='hr-inner-style'><\/span><\/span><\/div>\n<div  class='av-buildercomment  av-blog-meta-html-info-disabled av-blog-meta-tag-disabled  '><\/div>\n","protected":false},"excerpt":{"rendered":"","protected":false},"author":1,"featured_media":41528,"comment_status":"open","ping_status":"open","sticky":false,"template":"","format":"standard","meta":{"footnotes":""},"categories":[52],"tags":[],"class_list":["post-41527","post","type-post","status-publish","format-standard","has-post-thumbnail","hentry","category-cultura"],"jetpack_featured_media_url":"https:\/\/radiorevelacionfm.cl\/wp-content\/uploads\/2024\/04\/capacitacion-talleres-rava2-1_optimized.jpg","_links":{"self":[{"href":"https:\/\/radiorevelacionfm.cl\/index.php?rest_route=\/wp\/v2\/posts\/41527","targetHints":{"allow":["GET"]}}],"collection":[{"href":"https:\/\/radiorevelacionfm.cl\/index.php?rest_route=\/wp\/v2\/posts"}],"about":[{"href":"https:\/\/radiorevelacionfm.cl\/index.php?rest_route=\/wp\/v2\/types\/post"}],"author":[{"embeddable":true,"href":"https:\/\/radiorevelacionfm.cl\/index.php?rest_route=\/wp\/v2\/users\/1"}],"replies":[{"embeddable":true,"href":"https:\/\/radiorevelacionfm.cl\/index.php?rest_route=%2Fwp%2Fv2%2Fcomments&post=41527"}],"version-history":[{"count":1,"href":"https:\/\/radiorevelacionfm.cl\/index.php?rest_route=\/wp\/v2\/posts\/41527\/revisions"}],"predecessor-version":[{"id":41529,"href":"https:\/\/radiorevelacionfm.cl\/index.php?rest_route=\/wp\/v2\/posts\/41527\/revisions\/41529"}],"wp:featuredmedia":[{"embeddable":true,"href":"https:\/\/radiorevelacionfm.cl\/index.php?rest_route=\/wp\/v2\/media\/41528"}],"wp:attachment":[{"href":"https:\/\/radiorevelacionfm.cl\/index.php?rest_route=%2Fwp%2Fv2%2Fmedia&parent=41527"}],"wp:term":[{"taxonomy":"category","embeddable":true,"href":"https:\/\/radiorevelacionfm.cl\/index.php?rest_route=%2Fwp%2Fv2%2Fcategories&post=41527"},{"taxonomy":"post_tag","embeddable":true,"href":"https:\/\/radiorevelacionfm.cl\/index.php?rest_route=%2Fwp%2Fv2%2Ftags&post=41527"}],"curies":[{"name":"wp","href":"https:\/\/api.w.org\/{rel}","templated":true}]}}