{"id":41519,"date":"2024-04-22T22:03:01","date_gmt":"2024-04-23T01:03:01","guid":{"rendered":"https:\/\/radiorevelacionfm.cl\/?p=41519"},"modified":"2024-04-22T22:03:01","modified_gmt":"2024-04-23T01:03:01","slug":"subsidio-de-calefaccion-2024-pago-de-beneficio-se-inicia-el-viernes-26-de-abril","status":"publish","type":"post","link":"https:\/\/radiorevelacionfm.cl\/?p=41519","title":{"rendered":"Subsidio de Calefacci\u00f3n 2024: Pago de beneficio se inicia el viernes 26 de abril"},"content":{"rendered":"<div class=\"flex_column av_one_full  flex_column_div av-zero-column-padding first  avia-builder-el-0  el_before_av_one_full  avia-builder-el-first  \" style='border-radius:0px; '><div  class='avia-image-container  av-styling-    avia-builder-el-1  avia-builder-el-no-sibling  avia-align-center '  itemprop=\"image\" itemscope=\"itemscope\" itemtype=\"https:\/\/schema.org\/ImageObject\"  ><div class='avia-image-container-inner'><div class='avia-image-overlay-wrap'><img decoding=\"async\" class='wp-image-41010 avia-img-lazy-loading-not-41010 avia_image' src=\"https:\/\/radiorevelacionfm.cl\/wp-content\/uploads\/2024\/04\/Bono-Calefaccion-1-1.jpg\" alt='' title='Bono-Calefaccion (1) (1)' height=\"600\" width=\"1067\"  itemprop=\"thumbnailUrl\" srcset=\"https:\/\/radiorevelacionfm.cl\/wp-content\/uploads\/2024\/04\/Bono-Calefaccion-1-1.jpg 1067w, https:\/\/radiorevelacionfm.cl\/wp-content\/uploads\/2024\/04\/Bono-Calefaccion-1-1-300x169.jpg 300w, https:\/\/radiorevelacionfm.cl\/wp-content\/uploads\/2024\/04\/Bono-Calefaccion-1-1-1030x579.jpg 1030w, https:\/\/radiorevelacionfm.cl\/wp-content\/uploads\/2024\/04\/Bono-Calefaccion-1-1-768x432.jpg 768w, https:\/\/radiorevelacionfm.cl\/wp-content\/uploads\/2024\/04\/Bono-Calefaccion-1-1-705x396.jpg 705w, https:\/\/radiorevelacionfm.cl\/wp-content\/uploads\/2024\/04\/Bono-Calefaccion-1-1-450x253.jpg 450w, https:\/\/radiorevelacionfm.cl\/wp-content\/uploads\/2024\/04\/Bono-Calefaccion-1-1-600x337.jpg 600w\" sizes=\"(max-width: 1067px) 100vw, 1067px\" \/><\/div><\/div><\/div><\/div><div class=\"flex_column av_one_full  flex_column_div av-zero-column-padding first  avia-builder-el-2  el_after_av_one_full  el_before_av_one_full  column-top-margin\" style='border-radius:0px; '><section class=\"av_textblock_section \"  itemscope=\"itemscope\" itemtype=\"https:\/\/schema.org\/BlogPosting\" itemprop=\"blogPost\" ><div class='avia_textblock  '   itemprop=\"text\" ><p style=\"text-align: center;\"><strong><span style=\"font-size: 18pt;\">Subsidio de Calefacci\u00f3n 2024: Pago de beneficio se inicia el viernes 26 de abril<\/span><\/strong><\/p>\n<div id=\"gtx-trans\" style=\"position: absolute; left: -50px; top: 4.31534px;\">\n<div class=\"gtx-trans-icon\"><\/div>\n<\/div>\n<\/div><\/section><\/div><div class=\"flex_column av_one_full  flex_column_div av-zero-column-padding first  avia-builder-el-4  el_after_av_one_full  el_before_av_hr  column-top-margin\" style='border-radius:0px; '><section class=\"av_textblock_section \"  itemscope=\"itemscope\" itemtype=\"https:\/\/schema.org\/BlogPosting\" itemprop=\"blogPost\" ><div class='avia_textblock  '   itemprop=\"text\" ><p style=\"text-align: justify;\"><i>Se puede consultar en la p\u00e1gina web\u00a0<\/i><i><u><a id=\"v1OWAf15ba653-5c07-ac41-9515-7183044beba2\" class=\"v1OWAAutoLink\" href=\"http:\/\/www.subsidiocalefaccion.gob.cl\/consulta\" target=\"_blank\" rel=\"noopener noreferrer\">www.subsidiocalefaccion.gob.cl\/consulta<\/a><\/u><\/i><i>\u00a0 con el Rut si es beneficiario del bono de $100.000.<\/i><\/p>\n<p style=\"text-align: justify;\">Este lunes la Seremi de Desarrollo Social y Familia Karina Acevedo dio a conocer que este viernes 26 de abril se encontrar\u00e1 disponible el pago del esperado Subsidio de Calefacci\u00f3n 2024, el que ser\u00e1 directamente depositado en las cuentas Rut de los 34.544 beneficiados de la regi\u00f3n de Ays\u00e9n.<\/p>\n<p style=\"text-align: justify;\">Hay que recordar que, tras diversas gestiones, este a\u00f1o aument\u00f3 la cobertura del beneficio, incluyendo a m\u00e1s de cuatro mil nuevos hogares, seg\u00fan inform\u00f3 la autoridad regional.<\/p>\n<p class=\"v1elementToProof\" style=\"text-align: justify;\">\u00abTenemos muy buenas noticias de Desarrollo Social y familia. Puedo contarles que el d\u00eda viernes 26 tenemos la fecha de pago del subsidio de calefacci\u00f3n que tanto nos han consultado para que puedan revisar si se han sido beneficiados o no, podr\u00e1n revisar con su Rut si el jefe de hogar de su registro, es beneficiado de este subsidio. Adem\u00e1s, lo m\u00e1s importante es contarles que en esta oportunidad para este pago subsidio 2024, tenemos 4211 nuevos hogares que han de recibir este beneficio, estamos muy contentos por la gesti\u00f3n realizada, que nos permite ampliar en cobertura en la regi\u00f3n de Ays\u00e9n\u00bb.<\/p>\n<p style=\"text-align: justify;\">En la p\u00e1gina web\u00a0<u><a id=\"v1OWA63fd567f-e0d2-8950-b85e-b616790af615\" class=\"v1OWAAutoLink\" href=\"http:\/\/www.subsidiocalefaccion.gob.cl\/consulta\" target=\"_blank\" rel=\"noopener noreferrer\">www.subsidiocalefaccion.gob.cl\/consulta<\/a><\/u>\u00a0\u00a0\u00a0se puede consultar digitando el Rut del interesado, beneficio que es entregado a\u00a0quienes pertenezcan al 80% m\u00e1s vulnerable, seg\u00fan el Registro Social de Hogares de acuerdo a los datos aportados hasta el 31 de diciembre 2023.\u00a0Hay que recordar que para la selecci\u00f3n de los hogares beneficiarios se prioriza a los grupos m\u00e1s vulnerables, seg\u00fan el orden de prelaci\u00f3n que se inicia con los\u00a0Usuarios del Subsistema Seguridades y Oportunidades, luego con los Participantes de la Red Local de Apoyos y Cuidados, en tercer lugar, est\u00e1n los hogares que tengan ni\u00f1os, ni\u00f1as o adolescentes en su composici\u00f3n, despu\u00e9s con presencia de alg\u00fan adulto mayor, Hogares con personas en situaci\u00f3n de dependencia y Hogares con jefatura de hogar femenina.<\/p>\n<\/div><\/section><\/div><div  style='height:50px' class='hr hr-invisible   avia-builder-el-6  el_after_av_one_full  el_before_av_social_share '><span class='hr-inner ' ><span class='hr-inner-style'><\/span><\/span><\/div><\/p>\n<div  class='av-social-sharing-box  avia-builder-el-7  el_after_av_hr  el_before_av_hr  '><div class='av-share-box'><h5 class='av-share-link-description av-no-toc '>Compartir esta noticia<\/h5><ul class='av-share-box-list noLightbox'><li class='av-share-link av-social-link-facebook' ><a target=\"_blank\" aria-label=\"Compartir en Facebook\" href='https:\/\/www.facebook.com\/sharer.php?u=https:\/\/radiorevelacionfm.cl\/?p=41519&#038;t=Subsidio%20de%20Calefacci%C3%B3n%202024%3A%20Pago%20de%20beneficio%20se%20inicia%20el%20viernes%2026%20de%20abril' aria-hidden='false' data-av_icon='\ue8f3' data-av_iconfont='entypo-fontello' title='' data-avia-related-tooltip='Compartir en Facebook' rel=\"noopener\"><span class='avia_hidden_link_text'>Compartir en Facebook<\/span><\/a><\/li><li class='av-share-link av-social-link-twitter' ><a target=\"_blank\" aria-label=\"Compartir en Twitter\" href='https:\/\/twitter.com\/share?text=Subsidio%20de%20Calefacci%C3%B3n%202024%3A%20Pago%20de%20beneficio%20se%20inicia%20el%20viernes%2026%20de%20abril&#038;url=https:\/\/radiorevelacionfm.cl\/?p=41519' aria-hidden='false' data-av_icon='\ue8f1' data-av_iconfont='entypo-fontello' title='' data-avia-related-tooltip='Compartir en Twitter' rel=\"noopener\"><span class='avia_hidden_link_text'>Compartir en Twitter<\/span><\/a><\/li><li class='av-share-link av-social-link-whatsapp' ><a target=\"_blank\" aria-label=\"Compartir en Whatsapp\" href='https:\/\/api.whatsapp.com\/send?text=https:\/\/radiorevelacionfm.cl\/?p=41519' aria-hidden='false' data-av_icon='\uf232' data-av_iconfont='entypo-fontello' title='' data-avia-related-tooltip='Compartir en Whatsapp' rel=\"noopener\"><span class='avia_hidden_link_text'>Compartir en Whatsapp<\/span><\/a><\/li><li class='av-share-link av-social-link-linkedin' ><a target=\"_blank\" aria-label=\"Compartir en LinkedIn\" href='https:\/\/linkedin.com\/shareArticle?mini=true&#038;title=Subsidio%20de%20Calefacci%C3%B3n%202024%3A%20Pago%20de%20beneficio%20se%20inicia%20el%20viernes%2026%20de%20abril&#038;url=https:\/\/radiorevelacionfm.cl\/?p=41519' aria-hidden='false' data-av_icon='\ue8fc' data-av_iconfont='entypo-fontello' title='' data-avia-related-tooltip='Compartir en LinkedIn' rel=\"noopener\"><span class='avia_hidden_link_text'>Compartir en LinkedIn<\/span><\/a><\/li><li class='av-share-link av-social-link-mail' ><a  aria-label=\"Compartir por correo\" href='mailto:?subject=Subsidio%20de%20Calefacci%C3%B3n%202024%3A%20Pago%20de%20beneficio%20se%20inicia%20el%20viernes%2026%20de%20abril&#038;body=https:\/\/radiorevelacionfm.cl\/?p=41519' aria-hidden='false' data-av_icon='\ue805' data-av_iconfont='entypo-fontello' title='' data-avia-related-tooltip='Compartir por correo'><span class='avia_hidden_link_text'>Compartir por correo<\/span><\/a><\/li><\/ul><\/div><\/div>\n<div  style='height:50px' class='hr hr-invisible   avia-builder-el-8  el_after_av_social_share  el_before_av_comments_list '><span class='hr-inner ' ><span class='hr-inner-style'><\/span><\/span><\/div>\n<div  class='av-buildercomment  av-blog-meta-html-info-disabled av-blog-meta-tag-disabled  '><\/div>\n","protected":false},"excerpt":{"rendered":"","protected":false},"author":1,"featured_media":41010,"comment_status":"open","ping_status":"open","sticky":false,"template":"","format":"standard","meta":{"footnotes":""},"categories":[38],"tags":[],"class_list":["post-41519","post","type-post","status-publish","format-standard","has-post-thumbnail","hentry","category-regional"],"jetpack_featured_media_url":"https:\/\/radiorevelacionfm.cl\/wp-content\/uploads\/2024\/04\/Bono-Calefaccion-1-1.jpg","_links":{"self":[{"href":"https:\/\/radiorevelacionfm.cl\/index.php?rest_route=\/wp\/v2\/posts\/41519","targetHints":{"allow":["GET"]}}],"collection":[{"href":"https:\/\/radiorevelacionfm.cl\/index.php?rest_route=\/wp\/v2\/posts"}],"about":[{"href":"https:\/\/radiorevelacionfm.cl\/index.php?rest_route=\/wp\/v2\/types\/post"}],"author":[{"embeddable":true,"href":"https:\/\/radiorevelacionfm.cl\/index.php?rest_route=\/wp\/v2\/users\/1"}],"replies":[{"embeddable":true,"href":"https:\/\/radiorevelacionfm.cl\/index.php?rest_route=%2Fwp%2Fv2%2Fcomments&post=41519"}],"version-history":[{"count":1,"href":"https:\/\/radiorevelacionfm.cl\/index.php?rest_route=\/wp\/v2\/posts\/41519\/revisions"}],"predecessor-version":[{"id":41520,"href":"https:\/\/radiorevelacionfm.cl\/index.php?rest_route=\/wp\/v2\/posts\/41519\/revisions\/41520"}],"wp:featuredmedia":[{"embeddable":true,"href":"https:\/\/radiorevelacionfm.cl\/index.php?rest_route=\/wp\/v2\/media\/41010"}],"wp:attachment":[{"href":"https:\/\/radiorevelacionfm.cl\/index.php?rest_route=%2Fwp%2Fv2%2Fmedia&parent=41519"}],"wp:term":[{"taxonomy":"category","embeddable":true,"href":"https:\/\/radiorevelacionfm.cl\/index.php?rest_route=%2Fwp%2Fv2%2Fcategories&post=41519"},{"taxonomy":"post_tag","embeddable":true,"href":"https:\/\/radiorevelacionfm.cl\/index.php?rest_route=%2Fwp%2Fv2%2Ftags&post=41519"}],"curies":[{"name":"wp","href":"https:\/\/api.w.org\/{rel}","templated":true}]}}