{"id":41513,"date":"2024-04-22T13:00:41","date_gmt":"2024-04-22T16:00:41","guid":{"rendered":"https:\/\/radiorevelacionfm.cl\/?p=41513"},"modified":"2024-04-22T13:00:41","modified_gmt":"2024-04-22T16:00:41","slug":"consejo-regional-aprueba-recursos-para-habilitacion-de-escuela-despertar","status":"publish","type":"post","link":"https:\/\/radiorevelacionfm.cl\/?p=41513","title":{"rendered":"Consejo Regional aprueba recursos para habilitaci\u00f3n de Escuela Despertar"},"content":{"rendered":"<div class=\"flex_column av_one_full  flex_column_div av-zero-column-padding first  avia-builder-el-0  el_before_av_one_full  avia-builder-el-first  \" style='border-radius:0px; '><div  class='avia-image-container  av-styling-    avia-builder-el-1  avia-builder-el-no-sibling  avia-align-center '  itemprop=\"image\" itemscope=\"itemscope\" itemtype=\"https:\/\/schema.org\/ImageObject\"  ><div class='avia-image-container-inner'><div class='avia-image-overlay-wrap'><img decoding=\"async\" class='wp-image-41514 avia-img-lazy-loading-not-41514 avia_image' src=\"https:\/\/radiorevelacionfm.cl\/wp-content\/uploads\/2024\/04\/WhatsApp-Image-2024-04-19-at-1.35.01-PM-1-1.jpeg\" alt='' title='WhatsApp Image 2024-04-19 at 1.35.01 PM (1) (1)' height=\"600\" width=\"1068\"  itemprop=\"thumbnailUrl\" srcset=\"https:\/\/radiorevelacionfm.cl\/wp-content\/uploads\/2024\/04\/WhatsApp-Image-2024-04-19-at-1.35.01-PM-1-1.jpeg 1068w, https:\/\/radiorevelacionfm.cl\/wp-content\/uploads\/2024\/04\/WhatsApp-Image-2024-04-19-at-1.35.01-PM-1-1-300x169.jpeg 300w, https:\/\/radiorevelacionfm.cl\/wp-content\/uploads\/2024\/04\/WhatsApp-Image-2024-04-19-at-1.35.01-PM-1-1-1030x579.jpeg 1030w, https:\/\/radiorevelacionfm.cl\/wp-content\/uploads\/2024\/04\/WhatsApp-Image-2024-04-19-at-1.35.01-PM-1-1-768x431.jpeg 768w, https:\/\/radiorevelacionfm.cl\/wp-content\/uploads\/2024\/04\/WhatsApp-Image-2024-04-19-at-1.35.01-PM-1-1-705x396.jpeg 705w, https:\/\/radiorevelacionfm.cl\/wp-content\/uploads\/2024\/04\/WhatsApp-Image-2024-04-19-at-1.35.01-PM-1-1-450x253.jpeg 450w, https:\/\/radiorevelacionfm.cl\/wp-content\/uploads\/2024\/04\/WhatsApp-Image-2024-04-19-at-1.35.01-PM-1-1-600x337.jpeg 600w\" sizes=\"(max-width: 1068px) 100vw, 1068px\" \/><\/div><\/div><\/div><\/div><div class=\"flex_column av_one_full  flex_column_div av-zero-column-padding first  avia-builder-el-2  el_after_av_one_full  el_before_av_one_full  column-top-margin\" style='border-radius:0px; '><section class=\"av_textblock_section \"  itemscope=\"itemscope\" itemtype=\"https:\/\/schema.org\/BlogPosting\" itemprop=\"blogPost\" ><div class='avia_textblock  '   itemprop=\"text\" ><p style=\"text-align: center;\"><strong><span style=\"font-size: 18pt;\">Consejo Regional aprueba recursos para habilitaci\u00f3n de Escuela Despertar<\/span><\/strong><\/p>\n<div id=\"gtx-trans\" style=\"position: absolute; left: -50px; top: 4.31534px;\">\n<div class=\"gtx-trans-icon\"><\/div>\n<\/div>\n<\/div><\/section><\/div><div class=\"flex_column av_one_full  flex_column_div av-zero-column-padding first  avia-builder-el-4  el_after_av_one_full  el_before_av_hr  column-top-margin\" style='border-radius:0px; '><section class=\"av_textblock_section \"  itemscope=\"itemscope\" itemtype=\"https:\/\/schema.org\/BlogPosting\" itemprop=\"blogPost\" ><div class='avia_textblock  '   itemprop=\"text\" ><p dir=\"ltr\" style=\"text-align: justify;\"><em>El \u00faltimo pleno del CORE Ays\u00e9n aprob\u00f3 una serie de transferencias de recursos que benefician en gran parte a la comuna de Ays\u00e9n, adem\u00e1s de avances en materia de seguridad y deportes.\u00a0<\/em><\/p>\n<p dir=\"ltr\" style=\"text-align: justify;\">Un gran impacto en el desarrollo y la calidad de vida de las y los habitantes de la comuna de Ays\u00e9n. Esta frase podr\u00eda perfectamente definir la \u00faltima sesi\u00f3n plenaria del Consejo Regional de Ays\u00e9n donde se aprobaron m\u00e1s de 6 proyectos para beneficio de los vecinos y vecinas de la comuna.<\/p>\n<p dir=\"ltr\" style=\"text-align: justify;\">Uno de los puntos m\u00e1s importantes fue el de la aprobaci\u00f3n de los recursos para la habilitaci\u00f3n de la Escuela Despertar, iniciativa puesta en tabla con car\u00e1cter de urgencia tras un compromiso adquirido por la Gobernadora Andrea Mac\u00edas, con la comunidad educativa del establecimiento en una reuni\u00f3n sostenida el pasado jueves en la noche.<\/p>\n<p dir=\"ltr\" style=\"text-align: justify;\">\u00abLa infraestructura hoy d\u00eda no entrega las condiciones en materia de seguridad, calefacci\u00f3n, en general para que ah\u00ed pueda funcionar una comunidad educativa, y es por eso que se avanz\u00f3 en la reposici\u00f3n y se resolvi\u00f3 financiar la reposici\u00f3n completa de la escuela despertar. Esto implica la necesidad de tener un espacio habilitado como mecanismo de contingencia para poder atender a los y las estudiantes mientras se est\u00e1 en proceso de construcci\u00f3n\u00bb, afirm\u00f3 la primera autoridad regional.<\/p>\n<p dir=\"ltr\" style=\"text-align: justify;\">El alcalde Julio Uribe calific\u00f3 como hist\u00f3rica la sesi\u00f3n en que tambi\u00e9n se aprobaron recursos para la ampliaci\u00f3n y mejoramiento del Cementerio Municipal, adem\u00e1s de varias iniciativas para el equipamiento y mejoramiento de la infraestructura del Polideportivo 21 de abril, en la antesala de la realizaci\u00f3n de los Juegos de la Araucan\u00eda 2024.<\/p>\n<p dir=\"ltr\" style=\"text-align: justify;\">\u00abLa inversi\u00f3n en deportes es invertir en lo social, implica muchos factores de salud mental, f\u00edsica, social y m\u00e1s a\u00fan en lo que respecta a los j\u00f3venes\u00bb, destac\u00f3 el presidente de la comisi\u00f3n de Desarrollo Social, Cultural y Deportivo, Jorge Sep\u00falveda.<\/p>\n<p dir=\"ltr\" style=\"text-align: justify;\">Otra demanda de hace a\u00f1os, que se vio resuelta en esta sesi\u00f3n plenaria es la de la construcci\u00f3n del Servicio Sanitario Rural del Sector R\u00edo Los Palos, que con estos recursos sectoriales aprobados por el CORE podr\u00e1n implementar un sistema de Agua Potable Rural (APR) para dicha comunidad.<\/p>\n<p dir=\"ltr\" style=\"text-align: justify;\">\u00abEsto es tremendamente significativo porque hablar de agua potable es hablar de un servicio b\u00e1sico para poder desarrollar la vida de las personas, la comunidad de R\u00edo Los Palos ha levantado esta demanda que es hist\u00f3rica, aqu\u00ed hay mucho trabajo detr\u00e1s, han pasado distintas administraciones pero tambi\u00e9n distintas dirigencias. Quiero felicitar y agradecer el trabajo de todos los y las dirigentes que durante estos a\u00f1os han logrado mantener en funcionamiento el comit\u00e9\u00bb, subray\u00f3 la Gobernadora Mac\u00edas.<\/p>\n<p dir=\"ltr\" style=\"text-align: justify;\">La iniciativa podr\u00eda estar comenzando su ejecuci\u00f3n en los pr\u00f3ximos meses, seg\u00fan explic\u00f3 el director de Obras Hidr\u00e1ulicas de la Seremi de Obras P\u00fablicas de Ays\u00e9n, Francisco Real.<\/p>\n<p dir=\"ltr\" style=\"text-align: justify;\">\u00abLa siguiente etapa es solicitar los fondos sectoriales, esperan contar con decreto tramitado en cgr a fines de mayo y estar publicando para comenzar con la obra en agosto de este a\u00f1o\u00bb, dijo.<\/p>\n<p dir=\"ltr\" style=\"text-align: justify;\"><strong>Compromiso en seguridad<\/strong><\/p>\n<p dir=\"ltr\" style=\"text-align: justify;\">Por otra parte, tras revisar el informe de la comisi\u00f3n de Seguridad y Emergencias, el pleno del CORE aprob\u00f3 por unanimidad la transferencia de recursos para la adquisici\u00f3n de 16 nuevos veh\u00edculos que pasar\u00e1n a formar parte de la flora de la Polic\u00eda de Investigaciones en la Regi\u00f3n.<\/p>\n<p dir=\"ltr\" style=\"text-align: justify;\">\u00abSi bien es cierto es un equipamiento para la PDI, es para cada uno de los ciudadanos de la regi\u00f3n de Ays\u00e9n, para poder llegar a todos los lugares, desde el sector de La Junta hasta Capit\u00e1n Prat y recorrer todo el territorio y llegar a cada uno de los ciudadanos que requieran de la presencia de la PDI\u00bb, expres\u00f3 la prefecta de la PDI Ays\u00e9n, Carolina Namor.<\/p>\n<p dir=\"ltr\" style=\"text-align: justify;\">Frente a esto el nuevo presidente de la comisi\u00f3n de Seguridad, el consejero Jorge Abello, valor\u00f3 el aporte que se hace desde el CORE Ays\u00e9n en materia investigativa.<\/p>\n<p dir=\"ltr\" style=\"text-align: justify;\">\u00abHoy d\u00eda podemos hacer un aporte importante en la renovaci\u00f3n de los veh\u00edculos para las tareas que tiene que hacer la polic\u00eda de investigaciones en muchas materias, inclusive en controlar el tema de las drogas\u00bb, concluy\u00f3.<\/p>\n<p dir=\"ltr\" style=\"text-align: justify;\">Entre otras materias tambi\u00e9n se aprobaron la primera asignaci\u00f3n directa del FNDR del a\u00f1o, para la ONG Ays\u00e9n Rehabilita; la transferencia para la mantenci\u00f3n de parques y \u00e1reas verdes en Chile Chico; para el programa de gesti\u00f3n de residuos de R\u00edo Ib\u00e1\u00f1ez, adem\u00e1s de 5 solicitudes de concesiones de uso gratuito a trav\u00e9s de Bienes Nacionales.<\/p>\n<div style=\"text-align: justify;\"><\/div>\n<\/div><\/section><\/div><div  style='height:50px' class='hr hr-invisible   avia-builder-el-6  el_after_av_one_full  el_before_av_social_share '><span class='hr-inner ' ><span class='hr-inner-style'><\/span><\/span><\/div><\/p>\n<div  class='av-social-sharing-box  avia-builder-el-7  el_after_av_hr  el_before_av_hr  '><div class='av-share-box'><h5 class='av-share-link-description av-no-toc '>Compartir esta noticia<\/h5><ul class='av-share-box-list noLightbox'><li class='av-share-link av-social-link-facebook' ><a target=\"_blank\" aria-label=\"Compartir en Facebook\" href='https:\/\/www.facebook.com\/sharer.php?u=https:\/\/radiorevelacionfm.cl\/?p=41513&#038;t=Consejo%20Regional%20aprueba%20recursos%20para%20habilitaci%C3%B3n%20de%20Escuela%20Despertar' aria-hidden='false' data-av_icon='\ue8f3' data-av_iconfont='entypo-fontello' title='' data-avia-related-tooltip='Compartir en Facebook' rel=\"noopener\"><span class='avia_hidden_link_text'>Compartir en Facebook<\/span><\/a><\/li><li class='av-share-link av-social-link-twitter' ><a target=\"_blank\" aria-label=\"Compartir en Twitter\" href='https:\/\/twitter.com\/share?text=Consejo%20Regional%20aprueba%20recursos%20para%20habilitaci%C3%B3n%20de%20Escuela%20Despertar&#038;url=https:\/\/radiorevelacionfm.cl\/?p=41513' aria-hidden='false' data-av_icon='\ue8f1' data-av_iconfont='entypo-fontello' title='' data-avia-related-tooltip='Compartir en Twitter' rel=\"noopener\"><span class='avia_hidden_link_text'>Compartir en Twitter<\/span><\/a><\/li><li class='av-share-link av-social-link-whatsapp' ><a target=\"_blank\" aria-label=\"Compartir en Whatsapp\" href='https:\/\/api.whatsapp.com\/send?text=https:\/\/radiorevelacionfm.cl\/?p=41513' aria-hidden='false' data-av_icon='\uf232' data-av_iconfont='entypo-fontello' title='' data-avia-related-tooltip='Compartir en Whatsapp' rel=\"noopener\"><span class='avia_hidden_link_text'>Compartir en Whatsapp<\/span><\/a><\/li><li class='av-share-link av-social-link-linkedin' ><a target=\"_blank\" aria-label=\"Compartir en LinkedIn\" href='https:\/\/linkedin.com\/shareArticle?mini=true&#038;title=Consejo%20Regional%20aprueba%20recursos%20para%20habilitaci%C3%B3n%20de%20Escuela%20Despertar&#038;url=https:\/\/radiorevelacionfm.cl\/?p=41513' aria-hidden='false' data-av_icon='\ue8fc' data-av_iconfont='entypo-fontello' title='' data-avia-related-tooltip='Compartir en LinkedIn' rel=\"noopener\"><span class='avia_hidden_link_text'>Compartir en LinkedIn<\/span><\/a><\/li><li class='av-share-link av-social-link-mail' ><a  aria-label=\"Compartir por correo\" href='mailto:?subject=Consejo%20Regional%20aprueba%20recursos%20para%20habilitaci%C3%B3n%20de%20Escuela%20Despertar&#038;body=https:\/\/radiorevelacionfm.cl\/?p=41513' aria-hidden='false' data-av_icon='\ue805' data-av_iconfont='entypo-fontello' title='' data-avia-related-tooltip='Compartir por correo'><span class='avia_hidden_link_text'>Compartir por correo<\/span><\/a><\/li><\/ul><\/div><\/div>\n<div  style='height:50px' class='hr hr-invisible   avia-builder-el-8  el_after_av_social_share  el_before_av_comments_list '><span class='hr-inner ' ><span class='hr-inner-style'><\/span><\/span><\/div>\n<div  class='av-buildercomment  av-blog-meta-html-info-disabled av-blog-meta-tag-disabled  '><\/div>\n","protected":false},"excerpt":{"rendered":"","protected":false},"author":1,"featured_media":41514,"comment_status":"open","ping_status":"open","sticky":false,"template":"","format":"standard","meta":{"footnotes":""},"categories":[38],"tags":[],"class_list":["post-41513","post","type-post","status-publish","format-standard","has-post-thumbnail","hentry","category-regional"],"jetpack_featured_media_url":"https:\/\/radiorevelacionfm.cl\/wp-content\/uploads\/2024\/04\/WhatsApp-Image-2024-04-19-at-1.35.01-PM-1-1.jpeg","_links":{"self":[{"href":"https:\/\/radiorevelacionfm.cl\/index.php?rest_route=\/wp\/v2\/posts\/41513","targetHints":{"allow":["GET"]}}],"collection":[{"href":"https:\/\/radiorevelacionfm.cl\/index.php?rest_route=\/wp\/v2\/posts"}],"about":[{"href":"https:\/\/radiorevelacionfm.cl\/index.php?rest_route=\/wp\/v2\/types\/post"}],"author":[{"embeddable":true,"href":"https:\/\/radiorevelacionfm.cl\/index.php?rest_route=\/wp\/v2\/users\/1"}],"replies":[{"embeddable":true,"href":"https:\/\/radiorevelacionfm.cl\/index.php?rest_route=%2Fwp%2Fv2%2Fcomments&post=41513"}],"version-history":[{"count":1,"href":"https:\/\/radiorevelacionfm.cl\/index.php?rest_route=\/wp\/v2\/posts\/41513\/revisions"}],"predecessor-version":[{"id":41515,"href":"https:\/\/radiorevelacionfm.cl\/index.php?rest_route=\/wp\/v2\/posts\/41513\/revisions\/41515"}],"wp:featuredmedia":[{"embeddable":true,"href":"https:\/\/radiorevelacionfm.cl\/index.php?rest_route=\/wp\/v2\/media\/41514"}],"wp:attachment":[{"href":"https:\/\/radiorevelacionfm.cl\/index.php?rest_route=%2Fwp%2Fv2%2Fmedia&parent=41513"}],"wp:term":[{"taxonomy":"category","embeddable":true,"href":"https:\/\/radiorevelacionfm.cl\/index.php?rest_route=%2Fwp%2Fv2%2Fcategories&post=41513"},{"taxonomy":"post_tag","embeddable":true,"href":"https:\/\/radiorevelacionfm.cl\/index.php?rest_route=%2Fwp%2Fv2%2Ftags&post=41513"}],"curies":[{"name":"wp","href":"https:\/\/api.w.org\/{rel}","templated":true}]}}