{"id":41510,"date":"2024-04-22T11:28:57","date_gmt":"2024-04-22T14:28:57","guid":{"rendered":"https:\/\/radiorevelacionfm.cl\/?p=41510"},"modified":"2024-04-22T11:28:57","modified_gmt":"2024-04-22T14:28:57","slug":"en-feria-victor-domingo-silva-de-coyhaique-autoridades-difunden-el-programa-ferias-libres-de-sercotec","status":"publish","type":"post","link":"https:\/\/radiorevelacionfm.cl\/?p=41510","title":{"rendered":"En Feria V\u00edctor Domingo Silva de Coyhaique, autoridades difunden el Programa \u201cFerias Libres\u201d de Sercotec"},"content":{"rendered":"<div class=\"flex_column av_one_full  flex_column_div av-zero-column-padding first  avia-builder-el-0  el_before_av_one_full  avia-builder-el-first  \" style='border-radius:0px; '><div  class='avia-image-container  av-styling-    avia-builder-el-1  avia-builder-el-no-sibling  avia-align-center '  itemprop=\"image\" itemscope=\"itemscope\" itemtype=\"https:\/\/schema.org\/ImageObject\"  ><div class='avia-image-container-inner'><div class='avia-image-overlay-wrap'><img decoding=\"async\" class='wp-image-41511 avia-img-lazy-loading-not-41511 avia_image' src=\"https:\/\/radiorevelacionfm.cl\/wp-content\/uploads\/2024\/04\/2-76-2-1.jpg\" alt='' title='2 (76) (2) (1)' height=\"754\" width=\"801\"  itemprop=\"thumbnailUrl\" srcset=\"https:\/\/radiorevelacionfm.cl\/wp-content\/uploads\/2024\/04\/2-76-2-1.jpg 801w, https:\/\/radiorevelacionfm.cl\/wp-content\/uploads\/2024\/04\/2-76-2-1-300x282.jpg 300w, https:\/\/radiorevelacionfm.cl\/wp-content\/uploads\/2024\/04\/2-76-2-1-768x723.jpg 768w, https:\/\/radiorevelacionfm.cl\/wp-content\/uploads\/2024\/04\/2-76-2-1-705x664.jpg 705w, https:\/\/radiorevelacionfm.cl\/wp-content\/uploads\/2024\/04\/2-76-2-1-450x424.jpg 450w, https:\/\/radiorevelacionfm.cl\/wp-content\/uploads\/2024\/04\/2-76-2-1-600x565.jpg 600w\" sizes=\"(max-width: 801px) 100vw, 801px\" \/><\/div><\/div><\/div><\/div><div class=\"flex_column av_one_full  flex_column_div av-zero-column-padding first  avia-builder-el-2  el_after_av_one_full  el_before_av_one_full  column-top-margin\" style='border-radius:0px; '><section class=\"av_textblock_section \"  itemscope=\"itemscope\" itemtype=\"https:\/\/schema.org\/BlogPosting\" itemprop=\"blogPost\" ><div class='avia_textblock  '   itemprop=\"text\" ><p style=\"text-align: center;\"><strong><span style=\"font-size: 18pt;\">En Feria V\u00edctor Domingo Silva de Coyhaique, autoridades difunden el Programa \u201cFerias Libres\u201d de Sercotec<\/span><\/strong><\/p>\n<div id=\"gtx-trans\" style=\"position: absolute; left: -50px; top: 4.31534px;\">\n<div class=\"gtx-trans-icon\"><\/div>\n<\/div>\n<\/div><\/section><\/div><div class=\"flex_column av_one_full  flex_column_div av-zero-column-padding first  avia-builder-el-4  el_after_av_one_full  el_before_av_hr  column-top-margin\" style='border-radius:0px; '><section class=\"av_textblock_section \"  itemscope=\"itemscope\" itemtype=\"https:\/\/schema.org\/BlogPosting\" itemprop=\"blogPost\" ><div class='avia_textblock  '   itemprop=\"text\" ><p style=\"text-align: justify;\"><em>Este programa tiene como objetivo promover el fortalecimiento integral de estos espacios de comercio, como sector clave de la econom\u00eda, la seguridad alimentaria y el patrimonio cultural del pa\u00eds. Otorga subsidios de hasta $30 millones, que las organizaciones pueden destinar a inversiones, capacitaciones, asistencia t\u00e9cnica, marketing, habilitaci\u00f3n de infraestructura, capital de trabajo y adquisici\u00f3n de activos fijos, como mobiliario e implementos tecnol\u00f3gicos.<\/em><\/p>\n<p style=\"text-align: justify;\">El n\u00famero de Ferias fue recientemente actualizado por el Localizador de Ferias Libres de la Oficina de Pol\u00edticas Agrarias (ODEPA), registr\u00e1ndose 2.505 Ferias Libres a nivel nacional, las cuales asocian comerciantes minoristas, trabajadores independientes, artesanos, productores, entre otros rubros que juegan un rol fundamental en la provisi\u00f3n de productos a menores precios. En Coyhaique, la Feria V\u00edctor Domingo Silva, es un verdadero patrimonio de nuestra comuna. Se encuentra activa desde hace m\u00e1s de 4 d\u00e9cadas, donde familias enteras han formado parte de este espacio ciudadano el que a su vez se ha convertido en una fuente laboral que a trav\u00e9s de la venta de verduras, frutas, le\u00f1a y ropa; muchas familias feriantes han podido, por ejemplo; financiar los estudios superiores de sus hijos. Esa lucha constante de levantarse una y otra vez para lograr avanzar y conseguir objetivos es una de las razones que llena de orgullo a las y los fundadores de esta feria libre, que se convirti\u00f3 en un actor fundamental de la econom\u00eda territorial y tambi\u00e9n de la seguridad alimentaria regional. Espacio en donde el desarrollo de la feria como tal, se construye en di\u00e1logo constante, con los vecinos del sector y el Municipio local.<\/p>\n<p style=\"text-align: justify;\">Hasta la Feria V\u00edctor Domingo Silva (beneficiarios del programa 2023) llegaron autoridades para hacer entrega de elementos adquiridos gracias a este fondo y adem\u00e1s, para difundir los alcances de la postulaci\u00f3n 2024. En ese contexto el Seremi de Econom\u00eda; Felipe Rojas Pizarro mencion\u00f3 que: <em>\u201cConocemos la importancia de las ferias en Chile y en Ays\u00e9n, donde tenemos presencia de ferias en Coyhaique, Puerto Ays\u00e9n y otras localidades. A todos ellos les invitamos a postular a este fondo que es una gran oportunidad para poder seguir vincul\u00e1ndose con la comunidad, hacer un trabajo m\u00e1s colaborativo entre los distintos socios, proyectar y robustecer la feria con un impulso que siempre es necesario.\u201d<\/em><\/p>\n<p style=\"text-align: justify;\">El fondo concursable Ferias Libres entrega un subsidio a las organizaciones de hasta $30 millones para cofinanciar un proyecto que incluya inversiones, capacitaciones, asistencia t\u00e9cnica, marketing, habilitaci\u00f3n de infraestructura y adquisici\u00f3n de activos fijos, como mobiliario e implementos tecnol\u00f3gicos y capital de trabajo. Considera un aporte de la feria del 10% sobre el valor del subsidio de Sercotec. La Directora Regional de Sercotec, Nelly Vargas Mansilla hizo extensiva la invitaci\u00f3n a informarse y postular: <em>\u201c<\/em><em>Invitamos a toda la comunidad y en especial a los y las feriantes para que postulen a este programa que estar\u00e1 abierto hasta el d\u00eda Lunes 13 de mayo, es un fondo concursable, no reembolsable de 30 millones de pesos, con un coaporte del 10%, as\u00ed que dejamos a todas y todos invitados a postular mediante <\/em><a href=\"http:\/\/www.sercotec.cl\"><em>www.sercotec.cl<\/em><\/a><em>.\u201d<\/em><\/p>\n<p style=\"text-align: justify;\">Franco Fournier, Dirigente de la Feria Libre VDS, quienes fueron beneficiarios de este fondo, coment\u00f3 que: <em>\u201cNos adjudicamos este programa el a\u00f1o pasado y nos sirvi\u00f3 much\u00edsimo para poder adquirir una serie de insumos y mejorar nuestra funci\u00f3n; desde toldos, impresoras, data, polar para todas y todos, credenciales y por sobre todo merchandising, que para nosotros es muy \u00fatil. \u00a0As\u00ed que este 2024, invito a todos para que postulen a Ferias Libres de Sercotec, porque es una gran oportunidad.\u201d<\/em><\/p>\n<p style=\"text-align: justify;\">Para este a\u00f1o el programa incorpor\u00f3 2 l\u00edneas de financiamiento<strong>;<\/strong> una orientada a proyectos de reactivaci\u00f3n y crecimiento de la feria; y la segunda apunta a modernizar e implementar medidas innovadoras en estos espacios de comercio. Adem\u00e1s se pone \u00e9nfasis en seguridad, fomentando que las organizaciones puedan destinar parte de los recursos a implementar medidas preventivas al interior de las ferias.<\/p>\n<p style=\"text-align: justify;\">Finalmente, el Alcalde de la Comuna de Coyhaique, Carlos Gatica Villegas, remarc\u00f3 la importancia de este fondo y del mismo modo, invit\u00f3 a postular: <em>\u201cEl mensaje es uno; postulen al fondo de Ferias Libres porque se ver\u00e1n sumamente beneficiados. Son hasta 30 millones de pesos, aprov\u00e9chenlo porque es una gran oportunidad donde pueden adquirir una serie de productos que les ayudar\u00e1n a mejorar su condici\u00f3n de desarrollo productivo y lo que hacen por nuestra hermosa comuna.\u201d<\/em><\/p>\n<p style=\"text-align: justify;\">Pueden postular Ferias libres de al menos 15 puestos, representadas a trav\u00e9s de organizaciones legalmente constituidas (Personalidad Jur\u00eddica) como asociaciones empresariales, asociaciones gremiales, sindicatos de trabajadores independientes, asociaciones ind\u00edgenas, organizaciones funcionales u otro tipo de organizaciones habilitadas jur\u00eddicamente, existentes al interior de la feria.<\/p>\n<p style=\"text-align: justify;\">Informaci\u00f3n y postulaciones, hasta el lunes 13 de mayo a las 15:00 PM, mediante www.sercotec.cl<\/p>\n<\/div><\/section><\/div><div  style='height:50px' class='hr hr-invisible   avia-builder-el-6  el_after_av_one_full  el_before_av_social_share '><span class='hr-inner ' ><span class='hr-inner-style'><\/span><\/span><\/div><\/p>\n<div  class='av-social-sharing-box  avia-builder-el-7  el_after_av_hr  el_before_av_hr  '><div class='av-share-box'><h5 class='av-share-link-description av-no-toc '>Compartir esta noticia<\/h5><ul class='av-share-box-list noLightbox'><li class='av-share-link av-social-link-facebook' ><a target=\"_blank\" aria-label=\"Compartir en Facebook\" href='https:\/\/www.facebook.com\/sharer.php?u=https:\/\/radiorevelacionfm.cl\/?p=41510&#038;t=En%20Feria%20V%C3%ADctor%20Domingo%20Silva%20de%20Coyhaique%2C%20autoridades%20difunden%20el%20Programa%20%E2%80%9CFerias%20Libres%E2%80%9D%20de%20Sercotec' aria-hidden='false' data-av_icon='\ue8f3' data-av_iconfont='entypo-fontello' title='' data-avia-related-tooltip='Compartir en Facebook' rel=\"noopener\"><span class='avia_hidden_link_text'>Compartir en Facebook<\/span><\/a><\/li><li class='av-share-link av-social-link-twitter' ><a target=\"_blank\" aria-label=\"Compartir en Twitter\" href='https:\/\/twitter.com\/share?text=En%20Feria%20V%C3%ADctor%20Domingo%20Silva%20de%20Coyhaique%2C%20autoridades%20difunden%20el%20Programa%20%E2%80%9CFerias%20Libres%E2%80%9D%20de%20Sercotec&#038;url=https:\/\/radiorevelacionfm.cl\/?p=41510' aria-hidden='false' data-av_icon='\ue8f1' data-av_iconfont='entypo-fontello' title='' data-avia-related-tooltip='Compartir en Twitter' rel=\"noopener\"><span class='avia_hidden_link_text'>Compartir en Twitter<\/span><\/a><\/li><li class='av-share-link av-social-link-whatsapp' ><a target=\"_blank\" aria-label=\"Compartir en Whatsapp\" href='https:\/\/api.whatsapp.com\/send?text=https:\/\/radiorevelacionfm.cl\/?p=41510' aria-hidden='false' data-av_icon='\uf232' data-av_iconfont='entypo-fontello' title='' data-avia-related-tooltip='Compartir en Whatsapp' rel=\"noopener\"><span class='avia_hidden_link_text'>Compartir en Whatsapp<\/span><\/a><\/li><li class='av-share-link av-social-link-linkedin' ><a target=\"_blank\" aria-label=\"Compartir en LinkedIn\" href='https:\/\/linkedin.com\/shareArticle?mini=true&#038;title=En%20Feria%20V%C3%ADctor%20Domingo%20Silva%20de%20Coyhaique%2C%20autoridades%20difunden%20el%20Programa%20%E2%80%9CFerias%20Libres%E2%80%9D%20de%20Sercotec&#038;url=https:\/\/radiorevelacionfm.cl\/?p=41510' aria-hidden='false' data-av_icon='\ue8fc' data-av_iconfont='entypo-fontello' title='' data-avia-related-tooltip='Compartir en LinkedIn' rel=\"noopener\"><span class='avia_hidden_link_text'>Compartir en LinkedIn<\/span><\/a><\/li><li class='av-share-link av-social-link-mail' ><a  aria-label=\"Compartir por correo\" href='mailto:?subject=En%20Feria%20V%C3%ADctor%20Domingo%20Silva%20de%20Coyhaique%2C%20autoridades%20difunden%20el%20Programa%20%E2%80%9CFerias%20Libres%E2%80%9D%20de%20Sercotec&#038;body=https:\/\/radiorevelacionfm.cl\/?p=41510' aria-hidden='false' data-av_icon='\ue805' data-av_iconfont='entypo-fontello' title='' data-avia-related-tooltip='Compartir por correo'><span class='avia_hidden_link_text'>Compartir por correo<\/span><\/a><\/li><\/ul><\/div><\/div>\n<div  style='height:50px' class='hr hr-invisible   avia-builder-el-8  el_after_av_social_share  el_before_av_comments_list '><span class='hr-inner ' ><span class='hr-inner-style'><\/span><\/span><\/div>\n<div  class='av-buildercomment  av-blog-meta-html-info-disabled av-blog-meta-tag-disabled  '><\/div>\n","protected":false},"excerpt":{"rendered":"","protected":false},"author":1,"featured_media":41511,"comment_status":"open","ping_status":"open","sticky":false,"template":"","format":"standard","meta":{"footnotes":""},"categories":[38],"tags":[],"class_list":["post-41510","post","type-post","status-publish","format-standard","has-post-thumbnail","hentry","category-regional"],"jetpack_featured_media_url":"https:\/\/radiorevelacionfm.cl\/wp-content\/uploads\/2024\/04\/2-76-2-1.jpg","_links":{"self":[{"href":"https:\/\/radiorevelacionfm.cl\/index.php?rest_route=\/wp\/v2\/posts\/41510","targetHints":{"allow":["GET"]}}],"collection":[{"href":"https:\/\/radiorevelacionfm.cl\/index.php?rest_route=\/wp\/v2\/posts"}],"about":[{"href":"https:\/\/radiorevelacionfm.cl\/index.php?rest_route=\/wp\/v2\/types\/post"}],"author":[{"embeddable":true,"href":"https:\/\/radiorevelacionfm.cl\/index.php?rest_route=\/wp\/v2\/users\/1"}],"replies":[{"embeddable":true,"href":"https:\/\/radiorevelacionfm.cl\/index.php?rest_route=%2Fwp%2Fv2%2Fcomments&post=41510"}],"version-history":[{"count":1,"href":"https:\/\/radiorevelacionfm.cl\/index.php?rest_route=\/wp\/v2\/posts\/41510\/revisions"}],"predecessor-version":[{"id":41512,"href":"https:\/\/radiorevelacionfm.cl\/index.php?rest_route=\/wp\/v2\/posts\/41510\/revisions\/41512"}],"wp:featuredmedia":[{"embeddable":true,"href":"https:\/\/radiorevelacionfm.cl\/index.php?rest_route=\/wp\/v2\/media\/41511"}],"wp:attachment":[{"href":"https:\/\/radiorevelacionfm.cl\/index.php?rest_route=%2Fwp%2Fv2%2Fmedia&parent=41510"}],"wp:term":[{"taxonomy":"category","embeddable":true,"href":"https:\/\/radiorevelacionfm.cl\/index.php?rest_route=%2Fwp%2Fv2%2Fcategories&post=41510"},{"taxonomy":"post_tag","embeddable":true,"href":"https:\/\/radiorevelacionfm.cl\/index.php?rest_route=%2Fwp%2Fv2%2Ftags&post=41510"}],"curies":[{"name":"wp","href":"https:\/\/api.w.org\/{rel}","templated":true}]}}