{"id":4149,"date":"2021-05-13T20:21:05","date_gmt":"2021-05-13T23:21:05","guid":{"rendered":"https:\/\/radiorevelacionfm.cl\/?p=4149"},"modified":"2021-05-13T20:21:05","modified_gmt":"2021-05-13T23:21:05","slug":"carabineros-realizara-amplio-despliegue-para-garantizar-la-seguridad-en-historico-proceso-eleccionario","status":"publish","type":"post","link":"https:\/\/radiorevelacionfm.cl\/?p=4149","title":{"rendered":"Carabineros realizar\u00e1 amplio despliegue para garantizar la seguridad en hist\u00f3rico proceso eleccionario"},"content":{"rendered":"<div class=\"flex_column av_one_full  flex_column_div av-zero-column-padding first  avia-builder-el-0  el_before_av_one_full  avia-builder-el-first  \" style='border-radius:0px; '><div  class='avia-image-container  av-styling-    avia-builder-el-1  avia-builder-el-no-sibling  avia-align-center '  itemprop=\"image\" itemscope=\"itemscope\" itemtype=\"https:\/\/schema.org\/ImageObject\"  ><div class='avia-image-container-inner'><div class='avia-image-overlay-wrap'><img decoding=\"async\" class='wp-image-4150 avia-img-lazy-loading-not-4150 avia_image' src=\"https:\/\/radiorevelacionfm.cl\/wp-content\/uploads\/2021\/05\/IMG_0799-2.jpg\" alt='' title='IMG_0799 (2)' height=\"600\" width=\"900\"  itemprop=\"thumbnailUrl\" srcset=\"https:\/\/radiorevelacionfm.cl\/wp-content\/uploads\/2021\/05\/IMG_0799-2.jpg 900w, https:\/\/radiorevelacionfm.cl\/wp-content\/uploads\/2021\/05\/IMG_0799-2-300x200.jpg 300w, https:\/\/radiorevelacionfm.cl\/wp-content\/uploads\/2021\/05\/IMG_0799-2-768x512.jpg 768w, https:\/\/radiorevelacionfm.cl\/wp-content\/uploads\/2021\/05\/IMG_0799-2-705x470.jpg 705w, https:\/\/radiorevelacionfm.cl\/wp-content\/uploads\/2021\/05\/IMG_0799-2-600x400.jpg 600w\" sizes=\"(max-width: 900px) 100vw, 900px\" \/><\/div><\/div><\/div><\/div><div class=\"flex_column av_one_full  flex_column_div av-zero-column-padding first  avia-builder-el-2  el_after_av_one_full  el_before_av_one_full  column-top-margin\" style='border-radius:0px; '><section class=\"av_textblock_section \"  itemscope=\"itemscope\" itemtype=\"https:\/\/schema.org\/BlogPosting\" itemprop=\"blogPost\" ><div class='avia_textblock  '   itemprop=\"text\" ><p style=\"text-align: center;\"><strong><span style=\"font-size: 18pt;\">Carabineros realizar\u00e1 amplio despliegue para garantizar la seguridad en hist\u00f3rico proceso eleccionario\u00a0<\/span><\/strong><\/p>\n<div id=\"gtx-trans\" style=\"position: absolute; left: -50px; top: 4.31534px;\">\n<div class=\"gtx-trans-icon\"><\/div>\n<\/div>\n<\/div><\/section><\/div><div class=\"flex_column av_one_full  flex_column_div av-zero-column-padding first  avia-builder-el-4  el_after_av_one_full  el_before_av_hr  column-top-margin\" style='border-radius:0px; '><section class=\"av_textblock_section \"  itemscope=\"itemscope\" itemtype=\"https:\/\/schema.org\/BlogPosting\" itemprop=\"blogPost\" ><div class='avia_textblock  '   itemprop=\"text\" ><p class=\"v1MsoNormal\" style=\"text-align: justify;\">Un doble e hist\u00f3rico proceso electoral es el que se desarrollar\u00e1 el pr\u00f3ximo 15 y 16 de mayo donde se elegir\u00e1n convencionales constituyentes, alcaldes, concejales y gobernadores, proceso para el cual Carabineros ha contemplado un despliegue a nivel nacional de m\u00e1s de 13 mil efectivos, de los cuales m\u00e1s de 80 de ellos resguardar\u00e1n el proceso a lo largo de la regi\u00f3n de Ays\u00e9n.<\/p>\n<p class=\"v1MsoNormal\" style=\"text-align: justify;\">De conformidad a lo establecido en el art\u00edculo 110 de la Ley 18.700 sobre Votaciones Populares y Escrutinios, desde el segundo d\u00eda anterior a un acto electoral o plebiscito y hasta el t\u00e9rmino de las funciones de los colegios escrutadores, el resguardo del orden p\u00fablico corresponder\u00e1 a las Fuerzas Armadas y a Carabineros.<\/p>\n<p class=\"v1MsoNormal\" style=\"text-align: justify;\">En el territorio existe un padr\u00f3n electoral de 98.605 personas, proceso que contempla 314 mesas receptoras de sufragios en 37 locales de votaci\u00f3n distribuidas en las 10 comunas de la Regi\u00f3n.<\/p>\n<p class=\"v1MsoNormal\" style=\"text-align: justify;\">El General Hugo Zenteno V\u00e1squez, Jefe de la XI Zona de Carabineros Ays\u00e9n, indic\u00f3 que 48 horas antes del inicio del proceso, el personal ya ha sido movilizado, con la finalidad de garantizar la seguridad de las votaciones.<\/p>\n<p class=\"v1MsoNormal\" style=\"text-align: justify;\">\u00abEs un hecho muy importante, \u00fanico e hist\u00f3rico respecto a las elecciones. Nuestro personal de Carabineros est\u00e1 ya desplegado y ha realizado las escoltas respectivas de los votos y utensilios. A partir de hoy jueves comenzamos con vigilancias especiales a los locales de votaci\u00f3n que son 37 en nuestra regi\u00f3n. Nuestro personal va a estar muy temprano el d\u00eda s\u00e1bado y domingo para brindar la seguridad en la parte exterior de acuerdo a la planificaci\u00f3n y anillos de seguridad\u00bb, expres\u00f3 el Oficial General.<\/p>\n<p class=\"v1MsoNormal\" style=\"text-align: justify;\"><b>Per\u00edmetros<\/b><\/p>\n<p class=\"v1MsoNormal\" style=\"text-align: justify;\">En tal sentido, el servicio por parte de Carabineros se desarrollar\u00e1 en el per\u00edmetro exterior de los locales de votaci\u00f3n, donde un primer anillo estar\u00e1 a cargo de personal de orden, seguridad y tr\u00e1nsito, el cual otorgar\u00e1 informaci\u00f3n y orientaci\u00f3n respecto a los sectores por donde deben desplazarse los electores. El segundo per\u00edmetro estar\u00e1 a cargo de la b\u00fasqueda de informaci\u00f3n sobre riesgos probables, en tanto que el tercer anillo integrado por personal motorizado y de orden p\u00fablico apoyar\u00e1 el proceso en t\u00e9rminos de seguridad del acto c\u00edvico, garantizando en todo momento un acceso expedito a los locales de votaci\u00f3n.<\/p>\n<p class=\"v1MsoNormal\" style=\"text-align: justify;\">Dicha labor se desarrollar\u00e1 sin afectaci\u00f3n a los servicios ordinarios o cobertura brindada por el Plan Cuadrante de Seguridad Preventiva en Coyhaique y Puerto Ays\u00e9n, sumado a los servicios de patrullaje de car\u00e1cter permanente que la Instituci\u00f3n mantiene en las diversas comunas y localidades de la regi\u00f3n.<\/p>\n<p class=\"v1MsoNormal\" style=\"text-align: justify;\">Desde el mi\u00e9rcoles, Carabineros ha implementado un servicio especial, el cual contempla el traslado y custodia del material electoral hasta los distintos locales de votaci\u00f3n distribuidos a lo largo del territorio regional.<\/p>\n<p class=\"v1MsoNormal\" style=\"text-align: justify;\">La Instituci\u00f3n inst\u00f3 a la comunidad a informarse sobre su local y mesa de votaci\u00f3n, concurrir a tiempo, portar la documentaci\u00f3n requerida, ir con ropa c\u00f3moda e hidratarse. Recuerde que estamos en pandemia, utilice mascarilla, alcohol gel y mantenga la distancia f\u00edsica.<\/p>\n<p class=\"v1MsoNormal\" style=\"text-align: justify;\">\u00abVamos a brindar toda la cobertura necesaria para que el proceso se realice dentro de los m\u00e1rgenes de seguridad. Debemos entender que estamos en una pandemia, en un estado de excepci\u00f3n y debemos ser responsables con la salud\u00bb, expres\u00f3 el General Hugo Zenteno.<\/p>\n<p style=\"text-align: justify;\">Carabineros recuerda que se encuentra prohibido fotografiar o filmar el voto, evitando de esta manera exponerse a una detenci\u00f3n y sanciones que van desde una multa a penas privativas de libertad frente a este tipo de pr\u00e1cticas.<\/p>\n<\/div><\/section><\/div><div  style='height:50px' class='hr hr-invisible   avia-builder-el-6  el_after_av_one_full  el_before_av_social_share '><span class='hr-inner ' ><span class='hr-inner-style'><\/span><\/span><\/div><\/p>\n<div  class='av-social-sharing-box  avia-builder-el-7  el_after_av_hr  el_before_av_hr  '><div class='av-share-box'><h5 class='av-share-link-description av-no-toc '>Compartir esta noticia<\/h5><ul class='av-share-box-list noLightbox'><li class='av-share-link av-social-link-facebook' ><a target=\"_blank\" aria-label=\"Compartir en Facebook\" href='https:\/\/www.facebook.com\/sharer.php?u=https:\/\/radiorevelacionfm.cl\/?p=4149&#038;t=Carabineros%20realizar%C3%A1%20amplio%20despliegue%20para%20garantizar%20la%20seguridad%20en%20hist%C3%B3rico%20proceso%20eleccionario' aria-hidden='false' data-av_icon='\ue8f3' data-av_iconfont='entypo-fontello' title='' data-avia-related-tooltip='Compartir en Facebook' rel=\"noopener\"><span class='avia_hidden_link_text'>Compartir en Facebook<\/span><\/a><\/li><li class='av-share-link av-social-link-twitter' ><a target=\"_blank\" aria-label=\"Compartir en Twitter\" href='https:\/\/twitter.com\/share?text=Carabineros%20realizar%C3%A1%20amplio%20despliegue%20para%20garantizar%20la%20seguridad%20en%20hist%C3%B3rico%20proceso%20eleccionario&#038;url=https:\/\/radiorevelacionfm.cl\/?p=4149' aria-hidden='false' data-av_icon='\ue8f1' data-av_iconfont='entypo-fontello' title='' data-avia-related-tooltip='Compartir en Twitter' rel=\"noopener\"><span class='avia_hidden_link_text'>Compartir en Twitter<\/span><\/a><\/li><li class='av-share-link av-social-link-whatsapp' ><a target=\"_blank\" aria-label=\"Compartir en Whatsapp\" href='https:\/\/api.whatsapp.com\/send?text=https:\/\/radiorevelacionfm.cl\/?p=4149' aria-hidden='false' data-av_icon='\uf232' data-av_iconfont='entypo-fontello' title='' data-avia-related-tooltip='Compartir en Whatsapp' rel=\"noopener\"><span class='avia_hidden_link_text'>Compartir en Whatsapp<\/span><\/a><\/li><li class='av-share-link av-social-link-linkedin' ><a target=\"_blank\" aria-label=\"Compartir en LinkedIn\" href='https:\/\/linkedin.com\/shareArticle?mini=true&#038;title=Carabineros%20realizar%C3%A1%20amplio%20despliegue%20para%20garantizar%20la%20seguridad%20en%20hist%C3%B3rico%20proceso%20eleccionario&#038;url=https:\/\/radiorevelacionfm.cl\/?p=4149' aria-hidden='false' data-av_icon='\ue8fc' data-av_iconfont='entypo-fontello' title='' data-avia-related-tooltip='Compartir en LinkedIn' rel=\"noopener\"><span class='avia_hidden_link_text'>Compartir en LinkedIn<\/span><\/a><\/li><li class='av-share-link av-social-link-mail' ><a  aria-label=\"Compartir por correo\" href='mailto:?subject=Carabineros%20realizar%C3%A1%20amplio%20despliegue%20para%20garantizar%20la%20seguridad%20en%20hist%C3%B3rico%20proceso%20eleccionario&#038;body=https:\/\/radiorevelacionfm.cl\/?p=4149' aria-hidden='false' data-av_icon='\ue805' data-av_iconfont='entypo-fontello' title='' data-avia-related-tooltip='Compartir por correo'><span class='avia_hidden_link_text'>Compartir por correo<\/span><\/a><\/li><\/ul><\/div><\/div>\n<div  style='height:50px' class='hr hr-invisible   avia-builder-el-8  el_after_av_social_share  el_before_av_comments_list '><span class='hr-inner ' ><span class='hr-inner-style'><\/span><\/span><\/div>\n<div  class='av-buildercomment  av-blog-meta-html-info-disabled av-blog-meta-tag-disabled  '><\/div>\n","protected":false},"excerpt":{"rendered":"","protected":false},"author":1,"featured_media":4150,"comment_status":"open","ping_status":"open","sticky":false,"template":"","format":"standard","meta":{"footnotes":""},"categories":[36],"tags":[],"class_list":["post-4149","post","type-post","status-publish","format-standard","has-post-thumbnail","hentry","category-policial"],"jetpack_featured_media_url":"https:\/\/radiorevelacionfm.cl\/wp-content\/uploads\/2021\/05\/IMG_0799-2.jpg","_links":{"self":[{"href":"https:\/\/radiorevelacionfm.cl\/index.php?rest_route=\/wp\/v2\/posts\/4149","targetHints":{"allow":["GET"]}}],"collection":[{"href":"https:\/\/radiorevelacionfm.cl\/index.php?rest_route=\/wp\/v2\/posts"}],"about":[{"href":"https:\/\/radiorevelacionfm.cl\/index.php?rest_route=\/wp\/v2\/types\/post"}],"author":[{"embeddable":true,"href":"https:\/\/radiorevelacionfm.cl\/index.php?rest_route=\/wp\/v2\/users\/1"}],"replies":[{"embeddable":true,"href":"https:\/\/radiorevelacionfm.cl\/index.php?rest_route=%2Fwp%2Fv2%2Fcomments&post=4149"}],"version-history":[{"count":1,"href":"https:\/\/radiorevelacionfm.cl\/index.php?rest_route=\/wp\/v2\/posts\/4149\/revisions"}],"predecessor-version":[{"id":4151,"href":"https:\/\/radiorevelacionfm.cl\/index.php?rest_route=\/wp\/v2\/posts\/4149\/revisions\/4151"}],"wp:featuredmedia":[{"embeddable":true,"href":"https:\/\/radiorevelacionfm.cl\/index.php?rest_route=\/wp\/v2\/media\/4150"}],"wp:attachment":[{"href":"https:\/\/radiorevelacionfm.cl\/index.php?rest_route=%2Fwp%2Fv2%2Fmedia&parent=4149"}],"wp:term":[{"taxonomy":"category","embeddable":true,"href":"https:\/\/radiorevelacionfm.cl\/index.php?rest_route=%2Fwp%2Fv2%2Fcategories&post=4149"},{"taxonomy":"post_tag","embeddable":true,"href":"https:\/\/radiorevelacionfm.cl\/index.php?rest_route=%2Fwp%2Fv2%2Ftags&post=4149"}],"curies":[{"name":"wp","href":"https:\/\/api.w.org\/{rel}","templated":true}]}}