{"id":41459,"date":"2024-04-20T12:13:27","date_gmt":"2024-04-20T15:13:27","guid":{"rendered":"https:\/\/radiorevelacionfm.cl\/?p=41459"},"modified":"2024-04-20T12:13:27","modified_gmt":"2024-04-20T15:13:27","slug":"con-el-programa-mira-para-arriba-promueven-la-seguridad-electrica-en-la-region-de-aysen","status":"publish","type":"post","link":"https:\/\/radiorevelacionfm.cl\/?p=41459","title":{"rendered":"Con el programa \u201cMira para Arriba\u201d promueven la seguridad el\u00e9ctrica en la Regi\u00f3n de Ays\u00e9n"},"content":{"rendered":"<div class=\"flex_column av_one_full  flex_column_div av-zero-column-padding first  avia-builder-el-0  el_before_av_one_full  avia-builder-el-first  \" style='border-radius:0px; '><div  class='avia-image-container  av-styling-    avia-builder-el-1  avia-builder-el-no-sibling  avia-align-center '  itemprop=\"image\" itemscope=\"itemscope\" itemtype=\"https:\/\/schema.org\/ImageObject\"  ><div class='avia-image-container-inner'><div class='avia-image-overlay-wrap'><img decoding=\"async\" class='wp-image-41460 avia-img-lazy-loading-not-41460 avia_image' src=\"https:\/\/radiorevelacionfm.cl\/wp-content\/uploads\/2024\/04\/Mira-para-arriba-ABRIL1-1-1.jpeg\" alt='' title='Mira para arriba (ABRIL)1 (1) (1)' height=\"600\" width=\"1065\"  itemprop=\"thumbnailUrl\" srcset=\"https:\/\/radiorevelacionfm.cl\/wp-content\/uploads\/2024\/04\/Mira-para-arriba-ABRIL1-1-1.jpeg 1065w, https:\/\/radiorevelacionfm.cl\/wp-content\/uploads\/2024\/04\/Mira-para-arriba-ABRIL1-1-1-300x169.jpeg 300w, https:\/\/radiorevelacionfm.cl\/wp-content\/uploads\/2024\/04\/Mira-para-arriba-ABRIL1-1-1-1030x580.jpeg 1030w, https:\/\/radiorevelacionfm.cl\/wp-content\/uploads\/2024\/04\/Mira-para-arriba-ABRIL1-1-1-768x433.jpeg 768w, https:\/\/radiorevelacionfm.cl\/wp-content\/uploads\/2024\/04\/Mira-para-arriba-ABRIL1-1-1-705x397.jpeg 705w, https:\/\/radiorevelacionfm.cl\/wp-content\/uploads\/2024\/04\/Mira-para-arriba-ABRIL1-1-1-450x254.jpeg 450w, https:\/\/radiorevelacionfm.cl\/wp-content\/uploads\/2024\/04\/Mira-para-arriba-ABRIL1-1-1-600x338.jpeg 600w\" sizes=\"(max-width: 1065px) 100vw, 1065px\" \/><\/div><\/div><\/div><\/div><div class=\"flex_column av_one_full  flex_column_div av-zero-column-padding first  avia-builder-el-2  el_after_av_one_full  el_before_av_one_full  column-top-margin\" style='border-radius:0px; '><section class=\"av_textblock_section \"  itemscope=\"itemscope\" itemtype=\"https:\/\/schema.org\/BlogPosting\" itemprop=\"blogPost\" ><div class='avia_textblock  '   itemprop=\"text\" ><p style=\"text-align: center;\"><strong><span style=\"font-size: 18pt;\">Con el programa \u201cMira para Arriba\u201d promueven la seguridad el\u00e9ctrica en la Regi\u00f3n de Ays\u00e9n<\/span><\/strong><\/p>\n<div id=\"gtx-trans\" style=\"position: absolute; left: -50px; top: 4.31534px;\">\n<div class=\"gtx-trans-icon\"><\/div>\n<\/div>\n<\/div><\/section><\/div><div class=\"flex_column av_one_full  flex_column_div av-zero-column-padding first  avia-builder-el-4  el_after_av_one_full  el_before_av_hr  column-top-margin\" style='border-radius:0px; '><section class=\"av_textblock_section \"  itemscope=\"itemscope\" itemtype=\"https:\/\/schema.org\/BlogPosting\" itemprop=\"blogPost\" ><div class='avia_textblock  '   itemprop=\"text\" ><p style=\"text-align: justify;\">Edelaysen, parte de Grupo Saesa, llev\u00f3 la campa\u00f1a de concientizaci\u00f3n sobre seguridad el\u00e9ctrica en el sur de la regi\u00f3n de Ays\u00e9n. Durante su recorrido por las comunas de O\u2019Higgins, Cochrane, Chile Chico y Coyhaique, se difundi\u00f3 el programa \u201cMira para Arriba\u201d, con el objetivo de prevenir posibles accidentes por contacto el\u00e9ctrico y proteger tanto a sus clientes como a la comunidad en general.<\/p>\n<p style=\"text-align: justify;\">Patricio Raimilla, jefe de Servicio al Cliente de Edelaysen, coment\u00f3 sobre la relevancia de la iniciativa realizada argumentando que: \u201cEn Edelaysen nuestra principal preocupaci\u00f3n es garantizar la seguridad de nuestros clientes, empresas y de toda la comunidad. Con el programa \u201cMira para Arriba\u201d, reafirmamos nuestro compromiso con la seguridad el\u00e9ctrica y con la promoci\u00f3n de pr\u00e1cticas seguras en el entorno laboral y dom\u00e9stico\u201d.<\/p>\n<p style=\"text-align: justify;\">Marcela Ulloa, relatora de esta capacitaci\u00f3n agreg\u00f3: \u201cInvitamos a toda la comunidad a mantener una distancia de todo el tendido el\u00e9ctrico, la distancia de seguridad que nosotros les indicamos siempre es trabajar o hacer actividades a m\u00e1s de 2 metros de las l\u00edneas energizadas, avisarnos cada vez que requieran de nuestro servicio, estamos dispuestos para atender sus consultas y requerimientos\u201d.<\/p>\n<p style=\"text-align: justify;\">La iniciativa se ha centrado en destacar la importancia de la responsabilidad al trabajar cerca del cableado el\u00e9ctrico, resaltando los riesgos asociados con el contacto accidental con cables el\u00e9ctricos y proporcionando consejos para prevenir tales incidentes.<\/p>\n<p style=\"text-align: justify;\">Hans Kunz prevencionista de empresa Flesan en Coyhaique destac\u00f3: \u201cLa capacitaci\u00f3n fue entretenida, interesante, aprendimos muchas cosas, cosas que no sab\u00edamos y que nos sirvieron para darnos cuenta de los riesgos y peligros asociados que tenemos al trabajar cerca de un tendido el\u00e9ctrico, para de esta forma poder prevenir accidentes o incidentes dentro de nuestro proyecto\u201d.<\/p>\n<p style=\"text-align: justify;\">Dentro de las actividades programadas en cada comuna, se realizaron visitas radiales que permitieron difundir este programa a toda la comunidad, dando \u00e9nfasis en la importancia de mirar hacia arriba e invitando tanto a clientes, empresas, entidades p\u00fablicas y vecinos en general que dichas instancias pueden ser solicitadas al correo electr\u00f3nico\u00a0<a href=\"mailto:miraparaarriba@saesa.cl\">miraparaarriba@saesa.cl<\/a><\/p>\n<\/div><\/section><\/div><div  style='height:50px' class='hr hr-invisible   avia-builder-el-6  el_after_av_one_full  el_before_av_social_share '><span class='hr-inner ' ><span class='hr-inner-style'><\/span><\/span><\/div><\/p>\n<div  class='av-social-sharing-box  avia-builder-el-7  el_after_av_hr  el_before_av_hr  '><div class='av-share-box'><h5 class='av-share-link-description av-no-toc '>Compartir esta noticia<\/h5><ul class='av-share-box-list noLightbox'><li class='av-share-link av-social-link-facebook' ><a target=\"_blank\" aria-label=\"Compartir en Facebook\" href='https:\/\/www.facebook.com\/sharer.php?u=https:\/\/radiorevelacionfm.cl\/?p=41459&#038;t=Con%20el%20programa%20%E2%80%9CMira%20para%20Arriba%E2%80%9D%20promueven%20la%20seguridad%20el%C3%A9ctrica%20en%20la%20Regi%C3%B3n%20de%20Ays%C3%A9n' aria-hidden='false' data-av_icon='\ue8f3' data-av_iconfont='entypo-fontello' title='' data-avia-related-tooltip='Compartir en Facebook' rel=\"noopener\"><span class='avia_hidden_link_text'>Compartir en Facebook<\/span><\/a><\/li><li class='av-share-link av-social-link-twitter' ><a target=\"_blank\" aria-label=\"Compartir en Twitter\" href='https:\/\/twitter.com\/share?text=Con%20el%20programa%20%E2%80%9CMira%20para%20Arriba%E2%80%9D%20promueven%20la%20seguridad%20el%C3%A9ctrica%20en%20la%20Regi%C3%B3n%20de%20Ays%C3%A9n&#038;url=https:\/\/radiorevelacionfm.cl\/?p=41459' aria-hidden='false' data-av_icon='\ue8f1' data-av_iconfont='entypo-fontello' title='' data-avia-related-tooltip='Compartir en Twitter' rel=\"noopener\"><span class='avia_hidden_link_text'>Compartir en Twitter<\/span><\/a><\/li><li class='av-share-link av-social-link-whatsapp' ><a target=\"_blank\" aria-label=\"Compartir en Whatsapp\" href='https:\/\/api.whatsapp.com\/send?text=https:\/\/radiorevelacionfm.cl\/?p=41459' aria-hidden='false' data-av_icon='\uf232' data-av_iconfont='entypo-fontello' title='' data-avia-related-tooltip='Compartir en Whatsapp' rel=\"noopener\"><span class='avia_hidden_link_text'>Compartir en Whatsapp<\/span><\/a><\/li><li class='av-share-link av-social-link-linkedin' ><a target=\"_blank\" aria-label=\"Compartir en LinkedIn\" href='https:\/\/linkedin.com\/shareArticle?mini=true&#038;title=Con%20el%20programa%20%E2%80%9CMira%20para%20Arriba%E2%80%9D%20promueven%20la%20seguridad%20el%C3%A9ctrica%20en%20la%20Regi%C3%B3n%20de%20Ays%C3%A9n&#038;url=https:\/\/radiorevelacionfm.cl\/?p=41459' aria-hidden='false' data-av_icon='\ue8fc' data-av_iconfont='entypo-fontello' title='' data-avia-related-tooltip='Compartir en LinkedIn' rel=\"noopener\"><span class='avia_hidden_link_text'>Compartir en LinkedIn<\/span><\/a><\/li><li class='av-share-link av-social-link-mail' ><a  aria-label=\"Compartir por correo\" href='mailto:?subject=Con%20el%20programa%20%E2%80%9CMira%20para%20Arriba%E2%80%9D%20promueven%20la%20seguridad%20el%C3%A9ctrica%20en%20la%20Regi%C3%B3n%20de%20Ays%C3%A9n&#038;body=https:\/\/radiorevelacionfm.cl\/?p=41459' aria-hidden='false' data-av_icon='\ue805' data-av_iconfont='entypo-fontello' title='' data-avia-related-tooltip='Compartir por correo'><span class='avia_hidden_link_text'>Compartir por correo<\/span><\/a><\/li><\/ul><\/div><\/div>\n<div  style='height:50px' class='hr hr-invisible   avia-builder-el-8  el_after_av_social_share  el_before_av_comments_list '><span class='hr-inner ' ><span class='hr-inner-style'><\/span><\/span><\/div>\n<div  class='av-buildercomment  av-blog-meta-html-info-disabled av-blog-meta-tag-disabled  '><\/div>\n","protected":false},"excerpt":{"rendered":"","protected":false},"author":1,"featured_media":41460,"comment_status":"open","ping_status":"open","sticky":false,"template":"","format":"standard","meta":{"footnotes":""},"categories":[38],"tags":[],"class_list":["post-41459","post","type-post","status-publish","format-standard","has-post-thumbnail","hentry","category-regional"],"jetpack_featured_media_url":"https:\/\/radiorevelacionfm.cl\/wp-content\/uploads\/2024\/04\/Mira-para-arriba-ABRIL1-1-1.jpeg","_links":{"self":[{"href":"https:\/\/radiorevelacionfm.cl\/index.php?rest_route=\/wp\/v2\/posts\/41459","targetHints":{"allow":["GET"]}}],"collection":[{"href":"https:\/\/radiorevelacionfm.cl\/index.php?rest_route=\/wp\/v2\/posts"}],"about":[{"href":"https:\/\/radiorevelacionfm.cl\/index.php?rest_route=\/wp\/v2\/types\/post"}],"author":[{"embeddable":true,"href":"https:\/\/radiorevelacionfm.cl\/index.php?rest_route=\/wp\/v2\/users\/1"}],"replies":[{"embeddable":true,"href":"https:\/\/radiorevelacionfm.cl\/index.php?rest_route=%2Fwp%2Fv2%2Fcomments&post=41459"}],"version-history":[{"count":1,"href":"https:\/\/radiorevelacionfm.cl\/index.php?rest_route=\/wp\/v2\/posts\/41459\/revisions"}],"predecessor-version":[{"id":41461,"href":"https:\/\/radiorevelacionfm.cl\/index.php?rest_route=\/wp\/v2\/posts\/41459\/revisions\/41461"}],"wp:featuredmedia":[{"embeddable":true,"href":"https:\/\/radiorevelacionfm.cl\/index.php?rest_route=\/wp\/v2\/media\/41460"}],"wp:attachment":[{"href":"https:\/\/radiorevelacionfm.cl\/index.php?rest_route=%2Fwp%2Fv2%2Fmedia&parent=41459"}],"wp:term":[{"taxonomy":"category","embeddable":true,"href":"https:\/\/radiorevelacionfm.cl\/index.php?rest_route=%2Fwp%2Fv2%2Fcategories&post=41459"},{"taxonomy":"post_tag","embeddable":true,"href":"https:\/\/radiorevelacionfm.cl\/index.php?rest_route=%2Fwp%2Fv2%2Ftags&post=41459"}],"curies":[{"name":"wp","href":"https:\/\/api.w.org\/{rel}","templated":true}]}}