{"id":41456,"date":"2024-04-19T23:26:28","date_gmt":"2024-04-20T02:26:28","guid":{"rendered":"https:\/\/radiorevelacionfm.cl\/?p=41456"},"modified":"2024-04-19T23:26:28","modified_gmt":"2024-04-20T02:26:28","slug":"constatan-en-terreno-avance-del-proyecto-de-construccion-de-red-contra-incendios-que-se-ejecuta-en-cdp-de-puerto-aysen","status":"publish","type":"post","link":"https:\/\/radiorevelacionfm.cl\/?p=41456","title":{"rendered":"Constatan en terreno avance del proyecto de construcci\u00f3n de red contra incendios que se ejecuta en CDP de Puerto Ays\u00e9n"},"content":{"rendered":"<div class=\"flex_column av_one_full  flex_column_div av-zero-column-padding first  avia-builder-el-0  el_before_av_one_full  avia-builder-el-first  \" style='border-radius:0px; '><div  class='avia-image-container  av-styling-    avia-builder-el-1  avia-builder-el-no-sibling  avia-align-center '  itemprop=\"image\" itemscope=\"itemscope\" itemtype=\"https:\/\/schema.org\/ImageObject\"  ><div class='avia-image-container-inner'><div class='avia-image-overlay-wrap'><img decoding=\"async\" class='wp-image-41457 avia-img-lazy-loading-not-41457 avia_image' src=\"https:\/\/radiorevelacionfm.cl\/wp-content\/uploads\/2024\/04\/visita-2-1_optimized-1.jpg\" alt='' title='visita-2-(1)_optimized (1)' height=\"600\" width=\"800\"  itemprop=\"thumbnailUrl\" srcset=\"https:\/\/radiorevelacionfm.cl\/wp-content\/uploads\/2024\/04\/visita-2-1_optimized-1.jpg 800w, https:\/\/radiorevelacionfm.cl\/wp-content\/uploads\/2024\/04\/visita-2-1_optimized-1-300x225.jpg 300w, https:\/\/radiorevelacionfm.cl\/wp-content\/uploads\/2024\/04\/visita-2-1_optimized-1-768x576.jpg 768w, https:\/\/radiorevelacionfm.cl\/wp-content\/uploads\/2024\/04\/visita-2-1_optimized-1-705x529.jpg 705w, https:\/\/radiorevelacionfm.cl\/wp-content\/uploads\/2024\/04\/visita-2-1_optimized-1-450x338.jpg 450w, https:\/\/radiorevelacionfm.cl\/wp-content\/uploads\/2024\/04\/visita-2-1_optimized-1-600x450.jpg 600w\" sizes=\"(max-width: 800px) 100vw, 800px\" \/><\/div><\/div><\/div><\/div>\n<div class=\"flex_column av_one_full  flex_column_div av-zero-column-padding first  avia-builder-el-2  el_after_av_one_full  el_before_av_one_full  column-top-margin\" style='border-radius:0px; '><section class=\"av_textblock_section \"  itemscope=\"itemscope\" itemtype=\"https:\/\/schema.org\/BlogPosting\" itemprop=\"blogPost\" ><div class='avia_textblock  '   itemprop=\"text\" ><p style=\"text-align: center;\"><strong><span style=\"font-size: 18pt;\">Constatan en terreno avance del proyecto de construcci\u00f3n de red contra incendios que se ejecuta en CDP de Puerto Ays\u00e9n <\/span><\/strong><\/p>\n<div id=\"gtx-trans\" style=\"position: absolute; left: -50px; top: 4.31534px;\">\n<div class=\"gtx-trans-icon\"><\/div>\n<\/div>\n<\/div><\/section><\/div><div class=\"flex_column av_one_full  flex_column_div av-zero-column-padding first  avia-builder-el-4  el_after_av_one_full  el_before_av_hr  column-top-margin\" style='border-radius:0px; '><section class=\"av_textblock_section \"  itemscope=\"itemscope\" itemtype=\"https:\/\/schema.org\/BlogPosting\" itemprop=\"blogPost\" ><div class='avia_textblock  '   itemprop=\"text\" ><p style=\"text-align: justify;\">Con el objetivo de conocer el estado de avance del proyecto de construcci\u00f3n de redes contra incendio que se ejecuta en el Centro de Detenci\u00f3n Preventiva de Puerto Ays\u00e9n, el martes reci\u00e9n pasado el Seremi de Justicia y Derechos Humanos Samuel Navarro acompa\u00f1ado del Alcaide (s) Mayor Alex Carrasco constataron en terreno dichos trabajos, cabe mencionar que esta obra alcanza una inversi\u00f3n de 571 millones de pesos y se espera sea entregada a fines de junio pr\u00f3ximo.<\/p>\n<p style=\"text-align: justify;\">Respecto a esta visita en terreno, el Seremi Samuel Navarro indic\u00f3 que \u201crealizamos una visita inspectiva al Centro de Detenci\u00f3n Preventiva de Ays\u00e9n para ver el estado de avance de los trabajos de las redes contra incendio que se est\u00e1n instalando, y que van a dar cobertura a todo el recinto penal, en este sentido estamos muy contentos que esta obra que iniciamos en el mes de febrero van con un nivel de avance bastante significativo, esperamos que puedan concluir dentro del plazo que est\u00e1 fijado y de esta forma entregar este proyecto de inversi\u00f3n que se ha hecho con fondos sectoriales y que \u00a0alcanza una inversi\u00f3n importante de recursos, en ese sentido creemos que es un avance significativo poder ir haciendo las mejoras que requiere el recinto penal y as\u00ed brindar protecci\u00f3n y seguridad tanto para las personas privadas de libertad como al personal de Gendarmer\u00eda de Chile que trabaja en este recinto\u201d.<\/p>\n<p style=\"text-align: justify;\">El supervisor de la obra Elias Nahuelp\u00e1n se refiri\u00f3 a los trabajos que desarrollan se\u00f1alando que \u201chasta la fecha hemos considerado un gran y notable avance en todo lo que es la parte estructural y la parte de redes, mencionar que esta obra consta de 2 estanques con una capacidad m\u00e1xima de 2 metros c\u00fabicos y una sala de bomba, los cuales van a distribuir aproximadamente en un largo de un poco m\u00e1s de 300 metros lineales que son todo lo que es la red h\u00fameda que se va a distribuir dentro de las distintas \u00e1rea de la unidad penal, ya sean en todos los sectores y en conjunto una red seca que va a estar a disposici\u00f3n del Cuerpo de Bomberos, y esperamos poder entregarla en la fecha \u00a0programada que es a fines del mes de junio\u201d.<\/p>\n<p style=\"text-align: justify;\">Finalmente, el Alcaide (s) del Centro de Detenci\u00f3n Preventiva de Puerto Ays\u00e9n, Mayor Alex Carrasco indic\u00f3 que \u201cGendarmer\u00eda esta hace bastante tiempo preocupado tanto del proceso de reinserci\u00f3n de las personas privadas de libertad y de contar con todas las condiciones que nos permitan como instituci\u00f3n reaccionar de manera adecuada frente a una contingencia como puede ser un posible foco de incendio al interior del recinto, a ra\u00edz de lo mismo comenzaron los trabajos de redes contra incendio que como ya lo se\u00f1al\u00e9 anteriormente, vienen a mejorar y dar un poco mas de tranquilidad a las personas privadas de libertad ante cualquier caso que pueda afectar su estad\u00eda al interior del recinto. Ahora el protocolo de contingencia de la unidad va a tener que ser modificado con la finalidad de abordar y reaccionar de una manera totalmente distinta a como lo estaba haciendo el recinto, con mayor cantidad de implementos y mejor tecnolog\u00eda obviamente, toda por un mejor reaccionar institucional\u201d concluy\u00f3.<\/p>\n<\/div><\/section><\/div><\/p>\n<div  style='height:50px' class='hr hr-invisible   avia-builder-el-6  el_after_av_one_full  el_before_av_social_share '><span class='hr-inner ' ><span class='hr-inner-style'><\/span><\/span><\/div>\n<div  class='av-social-sharing-box  avia-builder-el-7  el_after_av_hr  el_before_av_hr  '><div class='av-share-box'><h5 class='av-share-link-description av-no-toc '>Compartir esta noticia<\/h5><ul class='av-share-box-list noLightbox'><li class='av-share-link av-social-link-facebook' ><a target=\"_blank\" aria-label=\"Compartir en Facebook\" href='https:\/\/www.facebook.com\/sharer.php?u=https:\/\/radiorevelacionfm.cl\/?p=41456&#038;t=Constatan%20en%20terreno%20avance%20del%20proyecto%20de%20construcci%C3%B3n%20de%20red%20contra%20incendios%20que%20se%20ejecuta%20en%20CDP%20de%20Puerto%20Ays%C3%A9n' aria-hidden='false' data-av_icon='\ue8f3' data-av_iconfont='entypo-fontello' title='' data-avia-related-tooltip='Compartir en Facebook' rel=\"noopener\"><span class='avia_hidden_link_text'>Compartir en Facebook<\/span><\/a><\/li><li class='av-share-link av-social-link-twitter' ><a target=\"_blank\" aria-label=\"Compartir en Twitter\" href='https:\/\/twitter.com\/share?text=Constatan%20en%20terreno%20avance%20del%20proyecto%20de%20construcci%C3%B3n%20de%20red%20contra%20incendios%20que%20se%20ejecuta%20en%20CDP%20de%20Puerto%20Ays%C3%A9n&#038;url=https:\/\/radiorevelacionfm.cl\/?p=41456' aria-hidden='false' data-av_icon='\ue8f1' data-av_iconfont='entypo-fontello' title='' data-avia-related-tooltip='Compartir en Twitter' rel=\"noopener\"><span class='avia_hidden_link_text'>Compartir en Twitter<\/span><\/a><\/li><li class='av-share-link av-social-link-whatsapp' ><a target=\"_blank\" aria-label=\"Compartir en Whatsapp\" href='https:\/\/api.whatsapp.com\/send?text=https:\/\/radiorevelacionfm.cl\/?p=41456' aria-hidden='false' data-av_icon='\uf232' data-av_iconfont='entypo-fontello' title='' data-avia-related-tooltip='Compartir en Whatsapp' rel=\"noopener\"><span class='avia_hidden_link_text'>Compartir en Whatsapp<\/span><\/a><\/li><li class='av-share-link av-social-link-linkedin' ><a target=\"_blank\" aria-label=\"Compartir en LinkedIn\" href='https:\/\/linkedin.com\/shareArticle?mini=true&#038;title=Constatan%20en%20terreno%20avance%20del%20proyecto%20de%20construcci%C3%B3n%20de%20red%20contra%20incendios%20que%20se%20ejecuta%20en%20CDP%20de%20Puerto%20Ays%C3%A9n&#038;url=https:\/\/radiorevelacionfm.cl\/?p=41456' aria-hidden='false' data-av_icon='\ue8fc' data-av_iconfont='entypo-fontello' title='' data-avia-related-tooltip='Compartir en LinkedIn' rel=\"noopener\"><span class='avia_hidden_link_text'>Compartir en LinkedIn<\/span><\/a><\/li><li class='av-share-link av-social-link-mail' ><a  aria-label=\"Compartir por correo\" href='mailto:?subject=Constatan%20en%20terreno%20avance%20del%20proyecto%20de%20construcci%C3%B3n%20de%20red%20contra%20incendios%20que%20se%20ejecuta%20en%20CDP%20de%20Puerto%20Ays%C3%A9n&#038;body=https:\/\/radiorevelacionfm.cl\/?p=41456' aria-hidden='false' data-av_icon='\ue805' data-av_iconfont='entypo-fontello' title='' data-avia-related-tooltip='Compartir por correo'><span class='avia_hidden_link_text'>Compartir por correo<\/span><\/a><\/li><\/ul><\/div><\/div>\n<div  style='height:50px' class='hr hr-invisible   avia-builder-el-8  el_after_av_social_share  el_before_av_comments_list '><span class='hr-inner ' ><span class='hr-inner-style'><\/span><\/span><\/div>\n<div  class='av-buildercomment  av-blog-meta-html-info-disabled av-blog-meta-tag-disabled  '><\/div>\n","protected":false},"excerpt":{"rendered":"","protected":false},"author":1,"featured_media":41457,"comment_status":"open","ping_status":"open","sticky":false,"template":"","format":"standard","meta":{"footnotes":""},"categories":[55],"tags":[],"class_list":["post-41456","post","type-post","status-publish","format-standard","has-post-thumbnail","hentry","category-justicia"],"jetpack_featured_media_url":"https:\/\/radiorevelacionfm.cl\/wp-content\/uploads\/2024\/04\/visita-2-1_optimized-1.jpg","_links":{"self":[{"href":"https:\/\/radiorevelacionfm.cl\/index.php?rest_route=\/wp\/v2\/posts\/41456","targetHints":{"allow":["GET"]}}],"collection":[{"href":"https:\/\/radiorevelacionfm.cl\/index.php?rest_route=\/wp\/v2\/posts"}],"about":[{"href":"https:\/\/radiorevelacionfm.cl\/index.php?rest_route=\/wp\/v2\/types\/post"}],"author":[{"embeddable":true,"href":"https:\/\/radiorevelacionfm.cl\/index.php?rest_route=\/wp\/v2\/users\/1"}],"replies":[{"embeddable":true,"href":"https:\/\/radiorevelacionfm.cl\/index.php?rest_route=%2Fwp%2Fv2%2Fcomments&post=41456"}],"version-history":[{"count":2,"href":"https:\/\/radiorevelacionfm.cl\/index.php?rest_route=\/wp\/v2\/posts\/41456\/revisions"}],"predecessor-version":[{"id":41477,"href":"https:\/\/radiorevelacionfm.cl\/index.php?rest_route=\/wp\/v2\/posts\/41456\/revisions\/41477"}],"wp:featuredmedia":[{"embeddable":true,"href":"https:\/\/radiorevelacionfm.cl\/index.php?rest_route=\/wp\/v2\/media\/41457"}],"wp:attachment":[{"href":"https:\/\/radiorevelacionfm.cl\/index.php?rest_route=%2Fwp%2Fv2%2Fmedia&parent=41456"}],"wp:term":[{"taxonomy":"category","embeddable":true,"href":"https:\/\/radiorevelacionfm.cl\/index.php?rest_route=%2Fwp%2Fv2%2Fcategories&post=41456"},{"taxonomy":"post_tag","embeddable":true,"href":"https:\/\/radiorevelacionfm.cl\/index.php?rest_route=%2Fwp%2Fv2%2Ftags&post=41456"}],"curies":[{"name":"wp","href":"https:\/\/api.w.org\/{rel}","templated":true}]}}