{"id":41453,"date":"2024-04-19T21:54:08","date_gmt":"2024-04-20T00:54:08","guid":{"rendered":"https:\/\/radiorevelacionfm.cl\/?p=41453"},"modified":"2024-04-19T21:54:08","modified_gmt":"2024-04-20T00:54:08","slug":"gestiones-conjuntas-permiten-asegurar-recursos-para-planta-de-tratamiento-de-aguas-de-valle-simpson","status":"publish","type":"post","link":"https:\/\/radiorevelacionfm.cl\/?p=41453","title":{"rendered":"Gestiones conjuntas permiten asegurar recursos para planta de tratamiento de aguas de Valle Simpson"},"content":{"rendered":"<div class=\"flex_column av_one_full  flex_column_div av-zero-column-padding first  avia-builder-el-0  el_before_av_one_full  avia-builder-el-first  \" style='border-radius:0px; '><div  class='avia-image-container  av-styling-    avia-builder-el-1  avia-builder-el-no-sibling  avia-align-center '  itemprop=\"image\" itemscope=\"itemscope\" itemtype=\"https:\/\/schema.org\/ImageObject\"  ><div class='avia-image-container-inner'><div class='avia-image-overlay-wrap'><img decoding=\"async\" class='wp-image-41454 avia-img-lazy-loading-not-41454 avia_image' src=\"https:\/\/radiorevelacionfm.cl\/wp-content\/uploads\/2024\/04\/Foto-reunion-Ministra-Toha-1-1.jpeg\" alt='' title='Foto reuni\u00f3n Ministra Toh\u00e1 (1) (1)' height=\"600\" width=\"900\"  itemprop=\"thumbnailUrl\" srcset=\"https:\/\/radiorevelacionfm.cl\/wp-content\/uploads\/2024\/04\/Foto-reunion-Ministra-Toha-1-1.jpeg 900w, https:\/\/radiorevelacionfm.cl\/wp-content\/uploads\/2024\/04\/Foto-reunion-Ministra-Toha-1-1-300x200.jpeg 300w, https:\/\/radiorevelacionfm.cl\/wp-content\/uploads\/2024\/04\/Foto-reunion-Ministra-Toha-1-1-768x512.jpeg 768w, https:\/\/radiorevelacionfm.cl\/wp-content\/uploads\/2024\/04\/Foto-reunion-Ministra-Toha-1-1-705x470.jpeg 705w, https:\/\/radiorevelacionfm.cl\/wp-content\/uploads\/2024\/04\/Foto-reunion-Ministra-Toha-1-1-450x300.jpeg 450w, https:\/\/radiorevelacionfm.cl\/wp-content\/uploads\/2024\/04\/Foto-reunion-Ministra-Toha-1-1-600x400.jpeg 600w\" sizes=\"(max-width: 900px) 100vw, 900px\" \/><\/div><\/div><\/div><\/div><div class=\"flex_column av_one_full  flex_column_div av-zero-column-padding first  avia-builder-el-2  el_after_av_one_full  el_before_av_one_full  column-top-margin\" style='border-radius:0px; '><section class=\"av_textblock_section \"  itemscope=\"itemscope\" itemtype=\"https:\/\/schema.org\/BlogPosting\" itemprop=\"blogPost\" ><div class='avia_textblock  '   itemprop=\"text\" ><p style=\"text-align: center;\"><strong><span style=\"font-size: 18pt;\">Gestiones conjuntas permiten asegurar recursos para planta de tratamiento de aguas de Valle Simpson<\/span><\/strong><\/p>\n<div id=\"gtx-trans\" style=\"position: absolute; left: -50px; top: 4.31534px;\">\n<div class=\"gtx-trans-icon\"><\/div>\n<\/div>\n<\/div><\/section><\/div><div class=\"flex_column av_one_full  flex_column_div av-zero-column-padding first  avia-builder-el-4  el_after_av_one_full  el_before_av_hr  column-top-margin\" style='border-radius:0px; '><section class=\"av_textblock_section \"  itemscope=\"itemscope\" itemtype=\"https:\/\/schema.org\/BlogPosting\" itemprop=\"blogPost\" ><div class='avia_textblock  '   itemprop=\"text\" ><p style=\"font-weight: 400; text-align: justify;\"><em>La comitiva regional adem\u00e1s estuvo compuesta por la concejala Yohana Hern\u00e1ndez y la presidenta de la Junta de Vecinos, Ilse Vel\u00e1zquez, las que valoraron los resultados de la reuni\u00f3n con la titular de interior Carolina Toh\u00e1\u00a0 y con la Subsecretaria de Desarrollo Regional. \u00a0<\/em><\/p>\n<p style=\"font-weight: 400; text-align: justify;\">El diputado Miguel \u00c1ngel Calisto, junto al alcalde de Coyhaique Carlos Gatica, la concejala Yohana Hern\u00e1ndez y la presidenta de la junta de Vecinos de Valle Simpson, Ilse Vel\u00e1squez, sostuvieron una reuni\u00f3n con la ministra del Interior Carolina Toh\u00e1, instancia donde le plantearon la necesidad de poder contar con los recursos para la ampliaci\u00f3n de la planta de tratamiento de aguas para esta localidad.<\/p>\n<p style=\"font-weight: 400; text-align: justify;\">Esto viene siendo una problem\u00e1tica desde hace ya muchos a\u00f1os en Valle Simpson, donde su planta de tratamiento de aguas servidas ha colapsado debido a su construcci\u00f3n, la cual no contemplaba el crecimiento poblacional que ha tenido esta localidad durante el \u00faltimo tiempo, lo que se traduce en malos olores, colapso de las c\u00e1maras de tratamiento de desechos, y calles anegadas.<\/p>\n<p style=\"font-weight: 400; text-align: justify;\">Es precisamente el motivo de este viaje a Santiago, donde se busc\u00f3 conseguir financiamiento para conseguir soluciones concretas a la problem\u00e1tica, las cifras necesarias para resolver el problema con la planta de tratamiento asciende a un monto superior a los 280 millones de pesos.<\/p>\n<p style=\"font-weight: 400; text-align: justify;\">El edil junto a la concejala y la dirigente social se reunieron previamente por este mismo tema con la Subsecretaria de Desarrollo Regional, Francisca Perales. La ministra Toh\u00e1 manifest\u00f3 su disposici\u00f3n para avanzar en esta materia y disponer de los recursos necesarios para concretar las mejoras a esta planta, lo que beneficiar\u00e1 a las vecinas y vecinos de Valle Simpson.<\/p>\n<p style=\"font-weight: 400; text-align: justify;\">Seg\u00fan el diputado Calisto, \u201cla planta de tratamiento ya no da abasto Tenemos el compromiso por parte de la Subdere y de la ministra del Interior para agilizar los recursos necesarios para que se pueda solucionar de forma definitiva la planta de tratamiento, y as\u00ed proyectar el desarrollo de esta localidad\u201d.<\/p>\n<p style=\"font-weight: 400; text-align: justify;\">\u201cQuiero resaltar el trabajo del alcalde, la concejala y los dirigentes por buscar medidas concretas y avanzar en una soluci\u00f3n a un problema que se arrastra por muchos a\u00f1os\u201d, indic\u00f3 el legislador.<\/p>\n<p style=\"font-weight: 400; text-align: justify;\">Por su parte, el alcalde Gatica afirm\u00f3 que \u201cestamos muy contentos. Como municipio est\u00e1bamos buscando una soluci\u00f3n concreta y se nos prioriz\u00f3 el desarrollo de este estudio para la ampliaci\u00f3n de la planta de tratamiento de aguas, como as\u00ed tambi\u00e9n la proyecci\u00f3n de otra planta en otro lugar. Todo esto ser\u00e1 determinado en el estudio del Programa de Mejoramiento de Barrios que estamos ejecutando\u201d.<\/p>\n<p style=\"font-weight: 400; text-align: justify;\">\u201cLlegamos a una soluci\u00f3n concreta para un problema que ven\u00eda por m\u00e1s de 14 a\u00f1os y que por su puesto, hoy con el trabajo conjunto que realizamos ac\u00e1, vamos a tener mejoras sustanciales en la calidad de vida de todos los habitantes de Valle Simpson\u201d, indic\u00f3 el edil.<\/p>\n<p style=\"font-weight: 400; text-align: justify;\">La concejala Yohana Hern\u00e1ndez afirm\u00f3 que \u201cla planta colapso. Este tema lo venimos presentando en el consejo municipal hace varios meses. Decidimos viajar a Santiago pedir los recursos. Muy contenta y satisfecha por las respuestas de la Subdere y la ministra. Vamos a trabajar de forma paralela la nueva planta de tratamiento, m\u00e1s alejada de la localidad. Agradecemos las gestiones del diputado Calisto\u201d.<\/p>\n<p style=\"font-weight: 400; text-align: justify;\">Finalmente, la presidenta de la Junta de Vecinos de Valle Simpson, Ilse Vel\u00e1squez, indic\u00f3 que \u201cnuestra planta de tratamiento est\u00e1 con las c\u00e1maras colapsadas. Tuvimos una reuni\u00f3n muy importante con la Subdere y ya se est\u00e1n trabajando los recursos. Tambi\u00e9n se est\u00e1 pidiendo a corto o largo plazo de una planta de tratamiento definitiva, como as\u00ed tambi\u00e9n un alcantarillado. La ministra Toh\u00e1 tambi\u00e9n hizo un gran compromiso, por lo que me voy contenta\u201d.<\/p>\n<\/div><\/section><\/div><div  style='height:50px' class='hr hr-invisible   avia-builder-el-6  el_after_av_one_full  el_before_av_social_share '><span class='hr-inner ' ><span class='hr-inner-style'><\/span><\/span><\/div><\/p>\n<div  class='av-social-sharing-box  avia-builder-el-7  el_after_av_hr  el_before_av_hr  '><div class='av-share-box'><h5 class='av-share-link-description av-no-toc '>Compartir esta noticia<\/h5><ul class='av-share-box-list noLightbox'><li class='av-share-link av-social-link-facebook' ><a target=\"_blank\" aria-label=\"Compartir en Facebook\" href='https:\/\/www.facebook.com\/sharer.php?u=https:\/\/radiorevelacionfm.cl\/?p=41453&#038;t=Gestiones%20conjuntas%20permiten%20asegurar%20recursos%20para%20planta%20de%20tratamiento%20de%20aguas%20de%20Valle%20Simpson' aria-hidden='false' data-av_icon='\ue8f3' data-av_iconfont='entypo-fontello' title='' data-avia-related-tooltip='Compartir en Facebook' rel=\"noopener\"><span class='avia_hidden_link_text'>Compartir en Facebook<\/span><\/a><\/li><li class='av-share-link av-social-link-twitter' ><a target=\"_blank\" aria-label=\"Compartir en Twitter\" href='https:\/\/twitter.com\/share?text=Gestiones%20conjuntas%20permiten%20asegurar%20recursos%20para%20planta%20de%20tratamiento%20de%20aguas%20de%20Valle%20Simpson&#038;url=https:\/\/radiorevelacionfm.cl\/?p=41453' aria-hidden='false' data-av_icon='\ue8f1' data-av_iconfont='entypo-fontello' title='' data-avia-related-tooltip='Compartir en Twitter' rel=\"noopener\"><span class='avia_hidden_link_text'>Compartir en Twitter<\/span><\/a><\/li><li class='av-share-link av-social-link-whatsapp' ><a target=\"_blank\" aria-label=\"Compartir en Whatsapp\" href='https:\/\/api.whatsapp.com\/send?text=https:\/\/radiorevelacionfm.cl\/?p=41453' aria-hidden='false' data-av_icon='\uf232' data-av_iconfont='entypo-fontello' title='' data-avia-related-tooltip='Compartir en Whatsapp' rel=\"noopener\"><span class='avia_hidden_link_text'>Compartir en Whatsapp<\/span><\/a><\/li><li class='av-share-link av-social-link-linkedin' ><a target=\"_blank\" aria-label=\"Compartir en LinkedIn\" href='https:\/\/linkedin.com\/shareArticle?mini=true&#038;title=Gestiones%20conjuntas%20permiten%20asegurar%20recursos%20para%20planta%20de%20tratamiento%20de%20aguas%20de%20Valle%20Simpson&#038;url=https:\/\/radiorevelacionfm.cl\/?p=41453' aria-hidden='false' data-av_icon='\ue8fc' data-av_iconfont='entypo-fontello' title='' data-avia-related-tooltip='Compartir en LinkedIn' rel=\"noopener\"><span class='avia_hidden_link_text'>Compartir en LinkedIn<\/span><\/a><\/li><li class='av-share-link av-social-link-mail' ><a  aria-label=\"Compartir por correo\" href='mailto:?subject=Gestiones%20conjuntas%20permiten%20asegurar%20recursos%20para%20planta%20de%20tratamiento%20de%20aguas%20de%20Valle%20Simpson&#038;body=https:\/\/radiorevelacionfm.cl\/?p=41453' aria-hidden='false' data-av_icon='\ue805' data-av_iconfont='entypo-fontello' title='' data-avia-related-tooltip='Compartir por correo'><span class='avia_hidden_link_text'>Compartir por correo<\/span><\/a><\/li><\/ul><\/div><\/div>\n<div  style='height:50px' class='hr hr-invisible   avia-builder-el-8  el_after_av_social_share  el_before_av_comments_list '><span class='hr-inner ' ><span class='hr-inner-style'><\/span><\/span><\/div>\n<div  class='av-buildercomment  av-blog-meta-html-info-disabled av-blog-meta-tag-disabled  '><\/div>\n","protected":false},"excerpt":{"rendered":"","protected":false},"author":1,"featured_media":41454,"comment_status":"open","ping_status":"open","sticky":false,"template":"","format":"standard","meta":{"footnotes":""},"categories":[38],"tags":[],"class_list":["post-41453","post","type-post","status-publish","format-standard","has-post-thumbnail","hentry","category-regional"],"jetpack_featured_media_url":"https:\/\/radiorevelacionfm.cl\/wp-content\/uploads\/2024\/04\/Foto-reunion-Ministra-Toha-1-1.jpeg","_links":{"self":[{"href":"https:\/\/radiorevelacionfm.cl\/index.php?rest_route=\/wp\/v2\/posts\/41453","targetHints":{"allow":["GET"]}}],"collection":[{"href":"https:\/\/radiorevelacionfm.cl\/index.php?rest_route=\/wp\/v2\/posts"}],"about":[{"href":"https:\/\/radiorevelacionfm.cl\/index.php?rest_route=\/wp\/v2\/types\/post"}],"author":[{"embeddable":true,"href":"https:\/\/radiorevelacionfm.cl\/index.php?rest_route=\/wp\/v2\/users\/1"}],"replies":[{"embeddable":true,"href":"https:\/\/radiorevelacionfm.cl\/index.php?rest_route=%2Fwp%2Fv2%2Fcomments&post=41453"}],"version-history":[{"count":1,"href":"https:\/\/radiorevelacionfm.cl\/index.php?rest_route=\/wp\/v2\/posts\/41453\/revisions"}],"predecessor-version":[{"id":41455,"href":"https:\/\/radiorevelacionfm.cl\/index.php?rest_route=\/wp\/v2\/posts\/41453\/revisions\/41455"}],"wp:featuredmedia":[{"embeddable":true,"href":"https:\/\/radiorevelacionfm.cl\/index.php?rest_route=\/wp\/v2\/media\/41454"}],"wp:attachment":[{"href":"https:\/\/radiorevelacionfm.cl\/index.php?rest_route=%2Fwp%2Fv2%2Fmedia&parent=41453"}],"wp:term":[{"taxonomy":"category","embeddable":true,"href":"https:\/\/radiorevelacionfm.cl\/index.php?rest_route=%2Fwp%2Fv2%2Fcategories&post=41453"},{"taxonomy":"post_tag","embeddable":true,"href":"https:\/\/radiorevelacionfm.cl\/index.php?rest_route=%2Fwp%2Fv2%2Ftags&post=41453"}],"curies":[{"name":"wp","href":"https:\/\/api.w.org\/{rel}","templated":true}]}}