{"id":41450,"date":"2024-04-19T16:39:30","date_gmt":"2024-04-19T19:39:30","guid":{"rendered":"https:\/\/radiorevelacionfm.cl\/?p=41450"},"modified":"2024-04-19T16:39:30","modified_gmt":"2024-04-19T19:39:30","slug":"consejeros-regionales-refutan-acusaciones-de-la-gobernadora-y-critican-su-gestion-autoritaria-y-deficiente","status":"publish","type":"post","link":"https:\/\/radiorevelacionfm.cl\/?p=41450","title":{"rendered":"Consejeros Regionales refutan acusaciones de la Gobernadora y critican su gesti\u00f3n autoritaria y deficiente"},"content":{"rendered":"<div class=\"flex_column av_one_full  flex_column_div av-zero-column-padding first  avia-builder-el-0  el_before_av_one_full  avia-builder-el-first  \" style='border-radius:0px; '><div  class='avia-image-container  av-styling-    avia-builder-el-1  avia-builder-el-no-sibling  avia-align-center '  itemprop=\"image\" itemscope=\"itemscope\" itemtype=\"https:\/\/schema.org\/ImageObject\"  ><div class='avia-image-container-inner'><div class='avia-image-overlay-wrap'><img decoding=\"async\" class='wp-image-41451 avia-img-lazy-loading-not-41451 avia_image' src=\"https:\/\/radiorevelacionfm.cl\/wp-content\/uploads\/2024\/04\/img_20240418_124300-1_optimized.jpg\" alt='' title='img_20240418_124300-(1)_optimized' height=\"600\" width=\"958\"  itemprop=\"thumbnailUrl\" srcset=\"https:\/\/radiorevelacionfm.cl\/wp-content\/uploads\/2024\/04\/img_20240418_124300-1_optimized.jpg 958w, https:\/\/radiorevelacionfm.cl\/wp-content\/uploads\/2024\/04\/img_20240418_124300-1_optimized-300x188.jpg 300w, https:\/\/radiorevelacionfm.cl\/wp-content\/uploads\/2024\/04\/img_20240418_124300-1_optimized-768x481.jpg 768w, https:\/\/radiorevelacionfm.cl\/wp-content\/uploads\/2024\/04\/img_20240418_124300-1_optimized-705x442.jpg 705w, https:\/\/radiorevelacionfm.cl\/wp-content\/uploads\/2024\/04\/img_20240418_124300-1_optimized-450x282.jpg 450w, https:\/\/radiorevelacionfm.cl\/wp-content\/uploads\/2024\/04\/img_20240418_124300-1_optimized-600x376.jpg 600w\" sizes=\"(max-width: 958px) 100vw, 958px\" \/><\/div><\/div><\/div><\/div><div class=\"flex_column av_one_full  flex_column_div av-zero-column-padding first  avia-builder-el-2  el_after_av_one_full  el_before_av_one_full  column-top-margin\" style='border-radius:0px; '><section class=\"av_textblock_section \"  itemscope=\"itemscope\" itemtype=\"https:\/\/schema.org\/BlogPosting\" itemprop=\"blogPost\" ><div class='avia_textblock  '   itemprop=\"text\" ><p style=\"text-align: center;\"><strong><span style=\"font-size: 18pt;\">Consejeros Regionales refutan acusaciones de la Gobernadora y critican su gesti\u00f3n autoritaria y deficiente<\/span><\/strong><\/p>\n<div id=\"gtx-trans\" style=\"position: absolute; left: -50px; top: 4.31534px;\">\n<div class=\"gtx-trans-icon\"><\/div>\n<\/div>\n<\/div><\/section><\/div><div class=\"flex_column av_one_full  flex_column_div av-zero-column-padding first  avia-builder-el-4  el_after_av_one_full  el_before_av_hr  column-top-margin\" style='border-radius:0px; '><section class=\"av_textblock_section \"  itemscope=\"itemscope\" itemtype=\"https:\/\/schema.org\/BlogPosting\" itemprop=\"blogPost\" ><div class='avia_textblock  '   itemprop=\"text\" ><p style=\"text-align: justify;\">Los Consejeros Regionales han rechazado en su mayor\u00eda las acusaciones de la Gobernadora Regional, quien tild\u00f3 al Consejo Regional de \u00abobstruccionista\u00bb y de oponerse constantemente a su gesti\u00f3n. Para ellos, lo esperado con la descentralizaci\u00f3n era un liderazgo que promoviera un proyecto de desarrollo regional inclusivo y convocante, pero en su lugar observan una gesti\u00f3n marcada por un enfoque unipersonal y pol\u00edtico-ideol\u00f3gico.<\/p>\n<p style=\"text-align: justify;\">Consideran que la baja ejecuci\u00f3n presupuestaria, la gesti\u00f3n deficiente, donde un aspecto son las\u00a0 constantes\u00a0 representaciones de Contralor\u00eda que en definitiva\u00a0 frenan la inversi\u00f3n regional, sumado a un clima laboral deteriorado son factores que sin duda afectan la gesti\u00f3n del gobierno regional y no cumplen las expectativas de la ciudadan\u00eda. Adem\u00e1s, se\u00f1alan incidentes como la controversia en la CRUBC y la reciente exclusi\u00f3n del sector privado en una convocatoria en la provincia del Chubut, lo que refuerza su cr\u00edtica hacia la falta de liderazgo tanto dentro como fuera del Gobierno Regional, enfatizan los Cores, el liderazgo de la gobernadora es\u00a0 carente de di\u00e1logo, con sectores productivos y autoridades regionales que son marginadas de las propuestas de desarrollo regional.<\/p>\n<p style=\"text-align: justify;\">Los Consejeros reiteran su compromiso de apoyar al gobierno regional, pero tambi\u00e9n insisten en su papel como ente fiscalizador de las acciones de la Gobernadora. Afirman que el mandato ciudadano otorgado a la Gobernadora debe cumplirse con altos est\u00e1ndares de gesti\u00f3n, y est\u00e1n dispuestos como siempre a cuestionar cualquier acci\u00f3n que no est\u00e9 en l\u00ednea con un buen desempe\u00f1o.<\/p>\n<\/div><\/section><\/div><div  style='height:50px' class='hr hr-invisible   avia-builder-el-6  el_after_av_one_full  el_before_av_social_share '><span class='hr-inner ' ><span class='hr-inner-style'><\/span><\/span><\/div><\/p>\n<div  class='av-social-sharing-box  avia-builder-el-7  el_after_av_hr  el_before_av_hr  '><div class='av-share-box'><h5 class='av-share-link-description av-no-toc '>Compartir esta noticia<\/h5><ul class='av-share-box-list noLightbox'><li class='av-share-link av-social-link-facebook' ><a target=\"_blank\" aria-label=\"Compartir en Facebook\" href='https:\/\/www.facebook.com\/sharer.php?u=https:\/\/radiorevelacionfm.cl\/?p=41450&#038;t=Consejeros%20Regionales%20refutan%20acusaciones%20de%20la%20Gobernadora%20y%20critican%20su%20gesti%C3%B3n%20autoritaria%20y%20deficiente' aria-hidden='false' data-av_icon='\ue8f3' data-av_iconfont='entypo-fontello' title='' data-avia-related-tooltip='Compartir en Facebook' rel=\"noopener\"><span class='avia_hidden_link_text'>Compartir en Facebook<\/span><\/a><\/li><li class='av-share-link av-social-link-twitter' ><a target=\"_blank\" aria-label=\"Compartir en Twitter\" href='https:\/\/twitter.com\/share?text=Consejeros%20Regionales%20refutan%20acusaciones%20de%20la%20Gobernadora%20y%20critican%20su%20gesti%C3%B3n%20autoritaria%20y%20deficiente&#038;url=https:\/\/radiorevelacionfm.cl\/?p=41450' aria-hidden='false' data-av_icon='\ue8f1' data-av_iconfont='entypo-fontello' title='' data-avia-related-tooltip='Compartir en Twitter' rel=\"noopener\"><span class='avia_hidden_link_text'>Compartir en Twitter<\/span><\/a><\/li><li class='av-share-link av-social-link-whatsapp' ><a target=\"_blank\" aria-label=\"Compartir en Whatsapp\" href='https:\/\/api.whatsapp.com\/send?text=https:\/\/radiorevelacionfm.cl\/?p=41450' aria-hidden='false' data-av_icon='\uf232' data-av_iconfont='entypo-fontello' title='' data-avia-related-tooltip='Compartir en Whatsapp' rel=\"noopener\"><span class='avia_hidden_link_text'>Compartir en Whatsapp<\/span><\/a><\/li><li class='av-share-link av-social-link-linkedin' ><a target=\"_blank\" aria-label=\"Compartir en LinkedIn\" href='https:\/\/linkedin.com\/shareArticle?mini=true&#038;title=Consejeros%20Regionales%20refutan%20acusaciones%20de%20la%20Gobernadora%20y%20critican%20su%20gesti%C3%B3n%20autoritaria%20y%20deficiente&#038;url=https:\/\/radiorevelacionfm.cl\/?p=41450' aria-hidden='false' data-av_icon='\ue8fc' data-av_iconfont='entypo-fontello' title='' data-avia-related-tooltip='Compartir en LinkedIn' rel=\"noopener\"><span class='avia_hidden_link_text'>Compartir en LinkedIn<\/span><\/a><\/li><li class='av-share-link av-social-link-mail' ><a  aria-label=\"Compartir por correo\" href='mailto:?subject=Consejeros%20Regionales%20refutan%20acusaciones%20de%20la%20Gobernadora%20y%20critican%20su%20gesti%C3%B3n%20autoritaria%20y%20deficiente&#038;body=https:\/\/radiorevelacionfm.cl\/?p=41450' aria-hidden='false' data-av_icon='\ue805' data-av_iconfont='entypo-fontello' title='' data-avia-related-tooltip='Compartir por correo'><span class='avia_hidden_link_text'>Compartir por correo<\/span><\/a><\/li><\/ul><\/div><\/div>\n<div  style='height:50px' class='hr hr-invisible   avia-builder-el-8  el_after_av_social_share  el_before_av_comments_list '><span class='hr-inner ' ><span class='hr-inner-style'><\/span><\/span><\/div>\n<div  class='av-buildercomment  av-blog-meta-html-info-disabled av-blog-meta-tag-disabled  '><\/div>\n","protected":false},"excerpt":{"rendered":"","protected":false},"author":1,"featured_media":41451,"comment_status":"open","ping_status":"open","sticky":false,"template":"","format":"standard","meta":{"footnotes":""},"categories":[38],"tags":[],"class_list":["post-41450","post","type-post","status-publish","format-standard","has-post-thumbnail","hentry","category-regional"],"jetpack_featured_media_url":"https:\/\/radiorevelacionfm.cl\/wp-content\/uploads\/2024\/04\/img_20240418_124300-1_optimized.jpg","_links":{"self":[{"href":"https:\/\/radiorevelacionfm.cl\/index.php?rest_route=\/wp\/v2\/posts\/41450","targetHints":{"allow":["GET"]}}],"collection":[{"href":"https:\/\/radiorevelacionfm.cl\/index.php?rest_route=\/wp\/v2\/posts"}],"about":[{"href":"https:\/\/radiorevelacionfm.cl\/index.php?rest_route=\/wp\/v2\/types\/post"}],"author":[{"embeddable":true,"href":"https:\/\/radiorevelacionfm.cl\/index.php?rest_route=\/wp\/v2\/users\/1"}],"replies":[{"embeddable":true,"href":"https:\/\/radiorevelacionfm.cl\/index.php?rest_route=%2Fwp%2Fv2%2Fcomments&post=41450"}],"version-history":[{"count":1,"href":"https:\/\/radiorevelacionfm.cl\/index.php?rest_route=\/wp\/v2\/posts\/41450\/revisions"}],"predecessor-version":[{"id":41452,"href":"https:\/\/radiorevelacionfm.cl\/index.php?rest_route=\/wp\/v2\/posts\/41450\/revisions\/41452"}],"wp:featuredmedia":[{"embeddable":true,"href":"https:\/\/radiorevelacionfm.cl\/index.php?rest_route=\/wp\/v2\/media\/41451"}],"wp:attachment":[{"href":"https:\/\/radiorevelacionfm.cl\/index.php?rest_route=%2Fwp%2Fv2%2Fmedia&parent=41450"}],"wp:term":[{"taxonomy":"category","embeddable":true,"href":"https:\/\/radiorevelacionfm.cl\/index.php?rest_route=%2Fwp%2Fv2%2Fcategories&post=41450"},{"taxonomy":"post_tag","embeddable":true,"href":"https:\/\/radiorevelacionfm.cl\/index.php?rest_route=%2Fwp%2Fv2%2Ftags&post=41450"}],"curies":[{"name":"wp","href":"https:\/\/api.w.org\/{rel}","templated":true}]}}