{"id":41442,"date":"2024-04-19T15:38:18","date_gmt":"2024-04-19T18:38:18","guid":{"rendered":"https:\/\/radiorevelacionfm.cl\/?p=41442"},"modified":"2024-04-19T15:38:18","modified_gmt":"2024-04-19T18:38:18","slug":"fondo-crece-2024-desde-coyhaique-sercotec-abre-programa-nacional-para-el-fortalecimiento-de-pymes","status":"publish","type":"post","link":"https:\/\/radiorevelacionfm.cl\/?p=41442","title":{"rendered":"Fondo Crece 2024: Desde Coyhaique Sercotec abre programa nacional para el fortalecimiento de pymes"},"content":{"rendered":"<div class=\"flex_column av_one_full  flex_column_div av-zero-column-padding first  avia-builder-el-0  el_before_av_one_full  avia-builder-el-first  \" style='border-radius:0px; '><div  class='avia-image-container  av-styling-    avia-builder-el-1  avia-builder-el-no-sibling  avia-align-center '  itemprop=\"image\" itemscope=\"itemscope\" itemtype=\"https:\/\/schema.org\/ImageObject\"  ><div class='avia-image-container-inner'><div class='avia-image-overlay-wrap'><img decoding=\"async\" class='wp-image-41443 avia-img-lazy-loading-not-41443 avia_image' src=\"https:\/\/radiorevelacionfm.cl\/wp-content\/uploads\/2024\/04\/lanzamiento-nacional-del-programa-crece-2024-1_optimized-1.jpg\" alt='' title='lanzamiento-nacional-del-programa-crece-2024-(1)_optimized (1)' height=\"600\" width=\"1067\"  itemprop=\"thumbnailUrl\" srcset=\"https:\/\/radiorevelacionfm.cl\/wp-content\/uploads\/2024\/04\/lanzamiento-nacional-del-programa-crece-2024-1_optimized-1.jpg 1067w, https:\/\/radiorevelacionfm.cl\/wp-content\/uploads\/2024\/04\/lanzamiento-nacional-del-programa-crece-2024-1_optimized-1-300x169.jpg 300w, https:\/\/radiorevelacionfm.cl\/wp-content\/uploads\/2024\/04\/lanzamiento-nacional-del-programa-crece-2024-1_optimized-1-1030x579.jpg 1030w, https:\/\/radiorevelacionfm.cl\/wp-content\/uploads\/2024\/04\/lanzamiento-nacional-del-programa-crece-2024-1_optimized-1-768x432.jpg 768w, https:\/\/radiorevelacionfm.cl\/wp-content\/uploads\/2024\/04\/lanzamiento-nacional-del-programa-crece-2024-1_optimized-1-705x396.jpg 705w, https:\/\/radiorevelacionfm.cl\/wp-content\/uploads\/2024\/04\/lanzamiento-nacional-del-programa-crece-2024-1_optimized-1-450x253.jpg 450w, https:\/\/radiorevelacionfm.cl\/wp-content\/uploads\/2024\/04\/lanzamiento-nacional-del-programa-crece-2024-1_optimized-1-600x337.jpg 600w\" sizes=\"(max-width: 1067px) 100vw, 1067px\" \/><\/div><\/div><\/div><\/div><div class=\"flex_column av_one_full  flex_column_div av-zero-column-padding first  avia-builder-el-2  el_after_av_one_full  el_before_av_one_full  column-top-margin\" style='border-radius:0px; '><section class=\"av_textblock_section \"  itemscope=\"itemscope\" itemtype=\"https:\/\/schema.org\/BlogPosting\" itemprop=\"blogPost\" ><div class='avia_textblock  '   itemprop=\"text\" ><p style=\"text-align: center;\"><strong><span style=\"font-size: 18pt;\">Fondo Crece 2024: Desde Coyhaique Sercotec abre programa nacional para el fortalecimiento de pymes <\/span><\/strong><\/p>\n<div id=\"gtx-trans\" style=\"position: absolute; left: -50px; top: 4.31534px;\">\n<div class=\"gtx-trans-icon\"><\/div>\n<\/div>\n<\/div><\/section><\/div><div class=\"flex_column av_one_full  flex_column_div av-zero-column-padding first  avia-builder-el-4  el_after_av_one_full  el_before_av_hr  column-top-margin\" style='border-radius:0px; '><section class=\"av_textblock_section \"  itemscope=\"itemscope\" itemtype=\"https:\/\/schema.org\/BlogPosting\" itemprop=\"blogPost\" ><div class='avia_textblock  '   itemprop=\"text\" ><p style=\"text-align: justify;\"><em>El fondo de casi $7 mil millones otorga subsidios para el crecimiento de las peque\u00f1as empresas, contribuyendo a la generaci\u00f3n de empleos y el aumento de ventas. En un hito de descentralizaci\u00f3n, el programa fue lanzado por primera vez fuera de la Regi\u00f3n Metropolitana, en una zona marcada por dificultades de aislamiento geogr\u00e1fico.<\/em><\/p>\n<p style=\"text-align: justify;\">Para las peque\u00f1as empresas que busquen un nuevo impulso en su desarrollo empresarial, el Servicio de Cooperaci\u00f3n T\u00e9cnica, SERCOTEC,\u00a0 dependiente del Ministerio de Econom\u00eda, Fomento y Turismo, abri\u00f3 las postulaciones a un fondo concursable que permite realizar inversiones que fortalezcan la competitividad y el crecimiento de las pymes del pa\u00eds.<\/p>\n<p style=\"text-align: justify;\">Se trata del <strong>Fondo Crece<\/strong>, el cual otorga subsidios de $5 millones para financiar capacitaciones, infraestructura, activos y capital de trabajo que contribuyan al desarrollo y la consolidaci\u00f3n de la empresa, o que le permita acceder a nuevas oportunidades de negocio.<\/p>\n<p style=\"text-align: justify;\">El lanzamiento de la convocatoria nacional fue realizado desde la Cervecer\u00eda Hudson de Coyhaique, empresa beneficiaria del programa en el a\u00f1o 2023 con cuyos recursos pudo invertir en maquinarias para escalar su producci\u00f3n.<\/p>\n<p style=\"text-align: justify;\">En el lugar, la gerenta general de Sercotec, Mar\u00eda Jos\u00e9 Becerra Moro, enfatiz\u00f3 sobre la importancia de haber llevado el anuncio de la convocatoria hasta una zona marcada por las dificultades del aislamiento geogr\u00e1fico. \u201cNuestro compromiso con la descentralizaci\u00f3n se demuestra con hechos concretos, por ello estamos muy orgullosos como Sercotec de poder estar lanzando por primera vez en la historia el programa Crece desde una regi\u00f3n, desde la Patagonia chilena. Este programa cuenta con una inversi\u00f3n p\u00fablica de 6.937 millones de pesos, que podr\u00e1 beneficiar a 1.171 micro y peque\u00f1as empresas y cooperativas de Chile\u201d, se\u00f1al\u00f3.<\/p>\n<p style=\"text-align: justify;\">En tanto, el seremi de Gobierno (s), Samuel Navarro, coment\u00f3 que \u201cnos parece muy importante estar participando de este lanzamiento del programa Crece de Sercotec que permite que las empresas privadas puedan postular a fondos para el desarrollo y la innovaci\u00f3n, para mejorar sus procesos y su plan de trabajo. Eso nos parece muy relevante en este a\u00f1o del despegue econ\u00f3mico, en el que el gobierno est\u00e1 avanzando en distintas materias y este es un apoyo m\u00e1s a la empresa privada\u201d.<\/p>\n<p style=\"text-align: justify;\">El seremi de Econom\u00eda, Fomento y Turismo, Felipe Rojas, ahond\u00f3 en que \u201cel programa Crece genera una serie de oportunidades para los emprendedores de las distintas regiones. Nosotros en esta ocasi\u00f3n estamos en la regi\u00f3n de Ays\u00e9n, donde hemos conocido una serie de experiencias donde el instrumento Crece les ha generado un espacio para que las empresas crezcan, se diversifiquen y alcancen nuevos mercados\u201d.<\/p>\n<p style=\"text-align: justify;\">Por su parte, la gobernadora regional, Andrea Mac\u00edas, destac\u00f3 el impulso que representa este tipo de programas para el emprendimiento local, lo que se ve reflejado en la historia de la Cervecer\u00eda Hudson. \u201cCuando la pol\u00edtica p\u00fablica mira efectivamente a las personas logramos cumplir el objetivo, que en este caso es hacer que un emprendimiento pueda crecer. Con mucho orgullo hoy d\u00eda, gracias al aporte tanto de Sercotec como del programa Impulsa del Gobierno Regional, vemos a esta cervecer\u00eda que es nuestra, que es regional, que nos dice \u2018dejamos de ser micro empresa para transformarnos en una peque\u00f1a empresa\u2019. Eso es lo que nosotros debemos propiciar\u201d.<\/p>\n<p style=\"text-align: justify;\">Isabel Weber, due\u00f1a de la Cervecer\u00eda Hudson, valor\u00f3 el impulso que brinda este programa a las peque\u00f1as empresas para su desarrollo. \u201cGracias a los recursos que nos adjudicamos el a\u00f1o pasado pudimos incorporar muchos elementos que nos permitieron consolidar nuestra tienda, poder mejorar nuestra puesta en escena, mejorar nuestras capacidades de venta al cliente y, de esa manera, consolidar nuestro nivel de ventas\u201d, cont\u00f3.<\/p>\n<p style=\"text-align: justify;\">Un an\u00e1lisis al impacto del programa en base a las empresas beneficiarias del 2021 mostr\u00f3 que m\u00e1s de la mitad aument\u00f3 sus ventas un a\u00f1o despu\u00e9s de acceder al fondo, totalizando un incremento que super\u00f3 los 75 mil millones de pesos. Adem\u00e1s, estas empresas generaron 3.793 nuevos empleos producto de su crecimiento.<\/p>\n<p style=\"text-align: justify;\"><strong>Requisitos para postular<\/strong><\/p>\n<p style=\"text-align: justify;\">El programa est\u00e1 dirigido a dos perfiles de postulantes:<\/p>\n<p style=\"text-align: justify;\">&#8211; Personas naturales o jur\u00eddicas, con inicio de actividades en primera categor\u00eda ante el SII y ventas netas anuales de entre 200 y 25.000 UF. Excepcionalmente tambi\u00e9n podr\u00e1n postular empresas con menos de un a\u00f1o de antig\u00fcedad, que demuestren ventas de al menos 20 UF, y que cuenten con un m\u00ednimo de 3 meses de inicio de actividades desde la fecha de apertura de la convocatoria.<\/p>\n<p style=\"text-align: justify;\">&#8211; Cooperativas con iniciaci\u00f3n de actividades en primera categor\u00eda, que registren ventas promedio por asociado inferiores a las 25.000 UF. Esto se calcula con el monto de las ventas totales de la cooperativa dividido por el n\u00famero de asociados.<\/p>\n<p style=\"text-align: justify;\">Las empresas y cooperativas que deseen postular no deben tener deudas laborales ni tributarias morosas, y el titular no puede estar en el Registro Nacional de Deudores de Pensi\u00f3n de Alimentos<\/p>\n<p style=\"text-align: justify;\">Se debe considerar que cada empresa o cooperativa que resulte beneficiaria deber\u00e1 realizar un aporte, cuyo monto corresponder\u00e1 a un porcentaje del subsidio de Sercotec, y deber\u00e1 financiar cualquier impuesto asociado a su proyecto.<\/p>\n<p style=\"text-align: justify;\"><strong>La postulaci\u00f3n se realiza en el sitio <\/strong><a href=\"http:\/\/www.sercotec.cl\"><strong>www.sercotec.cl<\/strong><\/a><strong>, hasta el viernes 3 de mayo.<\/strong><\/p>\n<\/div><\/section><\/div><div  style='height:50px' class='hr hr-invisible   avia-builder-el-6  el_after_av_one_full  el_before_av_social_share '><span class='hr-inner ' ><span class='hr-inner-style'><\/span><\/span><\/div><\/p>\n<div  class='av-social-sharing-box  avia-builder-el-7  el_after_av_hr  el_before_av_hr  '><div class='av-share-box'><h5 class='av-share-link-description av-no-toc '>Compartir esta noticia<\/h5><ul class='av-share-box-list noLightbox'><li class='av-share-link av-social-link-facebook' ><a target=\"_blank\" aria-label=\"Compartir en Facebook\" href='https:\/\/www.facebook.com\/sharer.php?u=https:\/\/radiorevelacionfm.cl\/?p=41442&#038;t=Fondo%20Crece%202024%3A%20Desde%20Coyhaique%20Sercotec%20abre%20programa%20nacional%20para%20el%20fortalecimiento%20de%20pymes' aria-hidden='false' data-av_icon='\ue8f3' data-av_iconfont='entypo-fontello' title='' data-avia-related-tooltip='Compartir en Facebook' rel=\"noopener\"><span class='avia_hidden_link_text'>Compartir en Facebook<\/span><\/a><\/li><li class='av-share-link av-social-link-twitter' ><a target=\"_blank\" aria-label=\"Compartir en Twitter\" href='https:\/\/twitter.com\/share?text=Fondo%20Crece%202024%3A%20Desde%20Coyhaique%20Sercotec%20abre%20programa%20nacional%20para%20el%20fortalecimiento%20de%20pymes&#038;url=https:\/\/radiorevelacionfm.cl\/?p=41442' aria-hidden='false' data-av_icon='\ue8f1' data-av_iconfont='entypo-fontello' title='' data-avia-related-tooltip='Compartir en Twitter' rel=\"noopener\"><span class='avia_hidden_link_text'>Compartir en Twitter<\/span><\/a><\/li><li class='av-share-link av-social-link-whatsapp' ><a target=\"_blank\" aria-label=\"Compartir en Whatsapp\" href='https:\/\/api.whatsapp.com\/send?text=https:\/\/radiorevelacionfm.cl\/?p=41442' aria-hidden='false' data-av_icon='\uf232' data-av_iconfont='entypo-fontello' title='' data-avia-related-tooltip='Compartir en Whatsapp' rel=\"noopener\"><span class='avia_hidden_link_text'>Compartir en Whatsapp<\/span><\/a><\/li><li class='av-share-link av-social-link-linkedin' ><a target=\"_blank\" aria-label=\"Compartir en LinkedIn\" href='https:\/\/linkedin.com\/shareArticle?mini=true&#038;title=Fondo%20Crece%202024%3A%20Desde%20Coyhaique%20Sercotec%20abre%20programa%20nacional%20para%20el%20fortalecimiento%20de%20pymes&#038;url=https:\/\/radiorevelacionfm.cl\/?p=41442' aria-hidden='false' data-av_icon='\ue8fc' data-av_iconfont='entypo-fontello' title='' data-avia-related-tooltip='Compartir en LinkedIn' rel=\"noopener\"><span class='avia_hidden_link_text'>Compartir en LinkedIn<\/span><\/a><\/li><li class='av-share-link av-social-link-mail' ><a  aria-label=\"Compartir por correo\" href='mailto:?subject=Fondo%20Crece%202024%3A%20Desde%20Coyhaique%20Sercotec%20abre%20programa%20nacional%20para%20el%20fortalecimiento%20de%20pymes&#038;body=https:\/\/radiorevelacionfm.cl\/?p=41442' aria-hidden='false' data-av_icon='\ue805' data-av_iconfont='entypo-fontello' title='' data-avia-related-tooltip='Compartir por correo'><span class='avia_hidden_link_text'>Compartir por correo<\/span><\/a><\/li><\/ul><\/div><\/div>\n<div  style='height:50px' class='hr hr-invisible   avia-builder-el-8  el_after_av_social_share  el_before_av_comments_list '><span class='hr-inner ' ><span class='hr-inner-style'><\/span><\/span><\/div>\n<div  class='av-buildercomment  av-blog-meta-html-info-disabled av-blog-meta-tag-disabled  '><\/div>\n","protected":false},"excerpt":{"rendered":"","protected":false},"author":1,"featured_media":41443,"comment_status":"open","ping_status":"open","sticky":false,"template":"","format":"standard","meta":{"footnotes":""},"categories":[38],"tags":[],"class_list":["post-41442","post","type-post","status-publish","format-standard","has-post-thumbnail","hentry","category-regional"],"jetpack_featured_media_url":"https:\/\/radiorevelacionfm.cl\/wp-content\/uploads\/2024\/04\/lanzamiento-nacional-del-programa-crece-2024-1_optimized-1.jpg","_links":{"self":[{"href":"https:\/\/radiorevelacionfm.cl\/index.php?rest_route=\/wp\/v2\/posts\/41442","targetHints":{"allow":["GET"]}}],"collection":[{"href":"https:\/\/radiorevelacionfm.cl\/index.php?rest_route=\/wp\/v2\/posts"}],"about":[{"href":"https:\/\/radiorevelacionfm.cl\/index.php?rest_route=\/wp\/v2\/types\/post"}],"author":[{"embeddable":true,"href":"https:\/\/radiorevelacionfm.cl\/index.php?rest_route=\/wp\/v2\/users\/1"}],"replies":[{"embeddable":true,"href":"https:\/\/radiorevelacionfm.cl\/index.php?rest_route=%2Fwp%2Fv2%2Fcomments&post=41442"}],"version-history":[{"count":1,"href":"https:\/\/radiorevelacionfm.cl\/index.php?rest_route=\/wp\/v2\/posts\/41442\/revisions"}],"predecessor-version":[{"id":41444,"href":"https:\/\/radiorevelacionfm.cl\/index.php?rest_route=\/wp\/v2\/posts\/41442\/revisions\/41444"}],"wp:featuredmedia":[{"embeddable":true,"href":"https:\/\/radiorevelacionfm.cl\/index.php?rest_route=\/wp\/v2\/media\/41443"}],"wp:attachment":[{"href":"https:\/\/radiorevelacionfm.cl\/index.php?rest_route=%2Fwp%2Fv2%2Fmedia&parent=41442"}],"wp:term":[{"taxonomy":"category","embeddable":true,"href":"https:\/\/radiorevelacionfm.cl\/index.php?rest_route=%2Fwp%2Fv2%2Fcategories&post=41442"},{"taxonomy":"post_tag","embeddable":true,"href":"https:\/\/radiorevelacionfm.cl\/index.php?rest_route=%2Fwp%2Fv2%2Ftags&post=41442"}],"curies":[{"name":"wp","href":"https:\/\/api.w.org\/{rel}","templated":true}]}}