{"id":4144,"date":"2021-05-13T19:55:17","date_gmt":"2021-05-13T22:55:17","guid":{"rendered":"https:\/\/radiorevelacionfm.cl\/?p=4144"},"modified":"2021-05-13T19:55:17","modified_gmt":"2021-05-13T22:55:17","slug":"autoridades-del-trabajo-explican-normativa-laboral-y-feriado-en-las-elecciones-de-este-fin-de-semana","status":"publish","type":"post","link":"https:\/\/radiorevelacionfm.cl\/?p=4144","title":{"rendered":"Autoridades del Trabajo explican normativa laboral y feriado en las elecciones de este fin de semana"},"content":{"rendered":"<div class=\"flex_column av_one_full  flex_column_div av-zero-column-padding first  avia-builder-el-0  el_before_av_one_full  avia-builder-el-first  \" style='border-radius:0px; '><div  class='avia-image-container  av-styling-    avia-builder-el-1  avia-builder-el-no-sibling  avia-align-center '  itemprop=\"image\" itemscope=\"itemscope\" itemtype=\"https:\/\/schema.org\/ImageObject\"  ><div class='avia-image-container-inner'><div class='avia-image-overlay-wrap'><img decoding=\"async\" class='wp-image-0 avia-img-lazy-loading-not-0 avia_image' src=\"https:\/\/radiorevelacionfm.cl\/wp-content\/uploads\/2021\/05\/seremi_juntoadt_optimized-1.jpg\" alt='' title=''   itemprop=\"thumbnailUrl\"  \/><\/div><\/div><\/div><\/div><div class=\"flex_column av_one_full  flex_column_div av-zero-column-padding first  avia-builder-el-2  el_after_av_one_full  el_before_av_one_full  column-top-margin\" style='border-radius:0px; '><section class=\"av_textblock_section \"  itemscope=\"itemscope\" itemtype=\"https:\/\/schema.org\/BlogPosting\" itemprop=\"blogPost\" ><div class='avia_textblock  '   itemprop=\"text\" ><p style=\"text-align: center;\"><strong><span style=\"font-size: 18pt;\">Autoridades del Trabajo explican normativa laboral y feriado en las elecciones de este fin de semana<\/span><\/strong><\/p>\n<div id=\"gtx-trans\" style=\"position: absolute; left: -50px; top: 4.31534px;\">\n<div class=\"gtx-trans-icon\"><\/div>\n<\/div>\n<\/div><\/section><\/div><div class=\"flex_column av_one_full  flex_column_div av-zero-column-padding first  avia-builder-el-4  el_after_av_one_full  el_before_av_hr  column-top-margin\" style='border-radius:0px; '><section class=\"av_textblock_section \"  itemscope=\"itemscope\" itemtype=\"https:\/\/schema.org\/BlogPosting\" itemprop=\"blogPost\" ><div class='avia_textblock  '   itemprop=\"text\" ><p style=\"text-align: justify;\">Este 15 y 16 de mayo se realizar\u00e1n elecciones de convencionales constituyentes, gobernadores regionales, alcaldes y concejales en nuestro pa\u00eds y la Direcci\u00f3n del Trabajo (DT) inform\u00f3 que fiscalizar\u00e1 el permiso de 2 horas para concurrir a votar en las elecciones y el feriado obligatorio e irrenunciable de los trabajadores del comercio.<\/p>\n<p style=\"text-align: justify;\">En virtud de la Ley N\u00b0 21.341, publicada este mi\u00e9rcoles 12 de mayo en el Diario Oficial, quedan exceptuados del feriado del comercio los dependientes de expendio de combustibles, farmacias de urgencia y de las farmacias que deban cumplir turnos fijados por la autoridad sanitaria.<\/p>\n<p style=\"text-align: justify;\">Con respecto a la importancia de explicar la normativa para los trabajadores y en particular, la nueva normativa para el comercio, la Seremi de Trabajo y Previsi\u00f3n Social, Andrea Ponce, coment\u00f3: \u201cNos encontramos pr\u00f3ximos a unas nuevas elecciones en nuestro pa\u00eds, este s\u00e1bado 15 y el domingo 16 de mayo, es por ese motivo que estamos con el Director del Trabajo(s) para explicar esta nueva ley que habla de un feriado irrenunciable para estas elecciones y explicar tambi\u00e9n a los trabajadores y trabajadoras de nuestra regi\u00f3n, cu\u00e1les son sus permisos para poder votar\u201d.<\/p>\n<p style=\"text-align: justify;\">Christian Aros, Director Regional del Trabajo(s) entreg\u00f3 detalles sobre la norma legal que rige para estas elecciones en espec\u00edfico en el sector <strong>comercio<\/strong>, \u201cEl pr\u00f3ximo 15 y 16 de mayo es feriado irrenunciable para todos los trabajadores del comercio. Este feriado es un poco distinto a los feriados que estamos acostumbrados a ver del 1 de mayo o el 18 de septiembre, porque establece una limitaci\u00f3n mucho mayor a las actividades de comercio que pueden funcionar. S\u00f3lo podr\u00e1n funcionar las actividades de comercio relacionadas con el expendio de combustible, las farmacias de turno, las farmacias autorizadas para funcionar por la autoridad sanitaria y, adem\u00e1s, los locales comerciales que sean atendidos por sus propios due\u00f1os\u201d.<\/p>\n<p style=\"text-align: justify;\">El inicio del feriado ser\u00e1 a las 21:00 horas del viernes 14 y terminar\u00e1 a las 6:00 horas del d\u00eda 17 de mayo. Lo anterior, salvo las alteraciones horarias que se produzcan con motivo de la rotaci\u00f3n en los turnos de trabajo.<\/p>\n<p style=\"text-align: justify;\"><strong><u>Dos horas para sufragar<\/u><\/strong><\/p>\n<p style=\"text-align: justify;\">En relaci\u00f3n a los <strong>trabajadores de otras \u00e1reas<\/strong>, Aros afirm\u00f3, \u201cDebemos adem\u00e1s recordarles a los empleadores que los trabajadores cuentan con 2 horas de permiso para poder ir a sus lugares de votaci\u00f3n y votar durante la jornada de trabajo, lo cual deben convenir directamente con su empleador para decidir si van al inicio, a la mitad o al final de la jornada, pero esto es antes del cierre de las mesas de votaciones, que es a las 18 horas\u201d, puntualiz\u00f3.<\/p>\n<p style=\"text-align: justify;\">Este permiso de dos horas es \u00fanico, es decir, en el caso de las elecciones del 15 y 16 de mayo solo se puede utilizar uno de los dos d\u00edas, sin que ello pueda implicar un menoscabo en sus remuneraciones.<\/p>\n<p style=\"text-align: justify;\">En este sentido, la Seremi Andrea Ponce solicit\u00f3 a los empleadores tener en cuenta el contexto de emergencia sanitaria en que se realizan estas elecciones \u201ces importante hacer un llamado a los empleadores de nuestra regi\u00f3n, a que si bien la ley habla de dos horas de permiso para ir a votar, tengan consideraci\u00f3n con los trabajadores porque hoy d\u00eda el periodo en que puede votar una persona se puede extender, en atenci\u00f3n a las medidas sanitarias, el distanciamiento social, las personas que pueden entrar a los lugares de votaci\u00f3n, entre otros. Entonces, les pedimos conversar con los trabajadores y tener consideraci\u00f3n si alguien se demora m\u00e1s de las dos horas. Lo importante es protegernos, recordar la mascarilla, la distancia social, el alcohol gel y cuidarnos entre todos\u201d, coment\u00f3 la Seremi de Trabajo y Previsi\u00f3n Social de Ays\u00e9n.<\/p>\n<p style=\"text-align: justify;\"><strong><u>Vocales de mesa<\/u><\/strong><\/p>\n<p style=\"text-align: justify;\">Aquellos trabajadores que los d\u00edas 15 y 16 de mayo deben trabajar, pero al mismo tiempo han sido designados vocales de mesa receptoras de sufragios, miembros de colegios escrutadores o delegados de la Junta Electoral, deber\u00e1n recibir los permisos de sus empleadores para cumplir con tales responsabilidades c\u00edvicas sin descuento de sus remuneraciones.<\/p>\n<p style=\"text-align: justify;\"><strong><u>Denuncias y Sanciones <\/u><\/strong><\/p>\n<p style=\"text-align: justify;\">Si alg\u00fan trabajador necesita denunciar que no se respet\u00f3 su feriado irrenunciable en el comercio o el derecho de 2 horas para votar, puede colocar la denuncia. El Director Regional(s) explic\u00f3 los canales para realizarla:<\/p>\n<p style=\"text-align: justify;\">\u201cTenemos varias alternativas, primero en la p\u00e1gina de la Direcci\u00f3n del Trabajo, <a href=\"http:\/\/www.direcciondeltrabajo.cl\">www.direcciondeltrabajo.cl<\/a> , en el banner \u201cMi DT\u201d, donde cualquier trabajador con su clave \u00fanica puede ingresar e interponer la denuncia respectiva. O llamando a los tel\u00e9fonos de la Direcci\u00f3n del Trabajo, l\u00ednea 600, que estar\u00e1n disponibles todo el fin de semana. Adem\u00e1s, dispondremos de fiscalizadores de turno en las tres inspecciones de la regi\u00f3n, que estar\u00e1n fiscalizando ese d\u00eda a que se autoricen las 2 horas de permiso para las votaciones y que no est\u00e9n funcionando aquellos locales que tienen prohibido su funcionamiento\u201d, afirm\u00f3 Christian Aros, siendo el n\u00famero de orientaciones y denuncias, el 600 450 4000.<\/p>\n<p style=\"text-align: justify;\">Las multas a las que se exponen los empleadores que incumplan las normas legales ya se\u00f1aladas son las siguientes:<\/p>\n<p style=\"text-align: justify;\">No otorgar permiso de 2 horas para votar:<\/p>\n<ul style=\"text-align: justify;\">\n<li>Empresas con entre 1 y 49 trabajadores: 9 UTM.<\/li>\n<li>Empresas con entre 50 y 199 trabajadores: 30 UTM.<\/li>\n<li>Empresas con 200 y m\u00e1s trabajadores: 40 UTM.<\/li>\n<\/ul>\n<p style=\"text-align: justify;\">No otorgar permiso para ser vocal de mesa, miembro de colegio escrutador o delegado ante la Junta Electoral:<\/p>\n<ul style=\"text-align: justify;\">\n<li>Empresas con entre 1 y 49 trabajadores: 9 UTM.<\/li>\n<li>Empresas con entre 50 y 199 trabajadores: 30 UTM.<\/li>\n<li>Empresas con 200 y m\u00e1s trabajadores: 40 UTM.<\/li>\n<\/ul>\n<p style=\"text-align: justify;\">No respetar feriado obligatorio e irrenunciable:<\/p>\n<ul style=\"text-align: justify;\">\n<li>Empresas con entre 1 y 49 trabajadores: 5 UTM.<\/li>\n<li>Empresas con entre 50 y 199 trabajadores: 10 UTM.<\/li>\n<li>Empresas con 200 y m\u00e1s trabajadores: 20 UTM.<\/li>\n<\/ul>\n<p style=\"text-align: justify;\">Las multas por no cumplir con este feriado se aplican por cada trabajador sorprendido en infracci\u00f3n.<\/p>\n<p style=\"text-align: justify;\">Todos los derechos ya descritos \u2013tanto los de \u00edndole electoral como los del feriado del comercio- ser\u00e1n fiscalizados tambi\u00e9n los d\u00edas domingo 13 de junio y domingo 18 de julio, cuando, respectivamente, tengan lugar eventuales segundas vueltas para la elecci\u00f3n de gobernadores y las primarias presidenciales y parlamentarias.<\/p>\n<\/div><\/section><\/div><div  style='height:50px' class='hr hr-invisible   avia-builder-el-6  el_after_av_one_full  el_before_av_social_share '><span class='hr-inner ' ><span class='hr-inner-style'><\/span><\/span><\/div><\/p>\n<div  class='av-social-sharing-box  avia-builder-el-7  el_after_av_hr  el_before_av_hr  '><div class='av-share-box'><h5 class='av-share-link-description av-no-toc '>Compartir esta noticia<\/h5><ul class='av-share-box-list noLightbox'><li class='av-share-link av-social-link-facebook' ><a target=\"_blank\" aria-label=\"Compartir en Facebook\" href='https:\/\/www.facebook.com\/sharer.php?u=https:\/\/radiorevelacionfm.cl\/?p=4144&#038;t=Autoridades%20del%20Trabajo%20explican%20normativa%20laboral%20y%20feriado%20en%20las%20elecciones%20de%20este%20fin%20de%20semana' aria-hidden='false' data-av_icon='\ue8f3' data-av_iconfont='entypo-fontello' title='' data-avia-related-tooltip='Compartir en Facebook' rel=\"noopener\"><span class='avia_hidden_link_text'>Compartir en Facebook<\/span><\/a><\/li><li class='av-share-link av-social-link-twitter' ><a target=\"_blank\" aria-label=\"Compartir en Twitter\" href='https:\/\/twitter.com\/share?text=Autoridades%20del%20Trabajo%20explican%20normativa%20laboral%20y%20feriado%20en%20las%20elecciones%20de%20este%20fin%20de%20semana&#038;url=https:\/\/radiorevelacionfm.cl\/?p=4144' aria-hidden='false' data-av_icon='\ue8f1' data-av_iconfont='entypo-fontello' title='' data-avia-related-tooltip='Compartir en Twitter' rel=\"noopener\"><span class='avia_hidden_link_text'>Compartir en Twitter<\/span><\/a><\/li><li class='av-share-link av-social-link-whatsapp' ><a target=\"_blank\" aria-label=\"Compartir en Whatsapp\" href='https:\/\/api.whatsapp.com\/send?text=https:\/\/radiorevelacionfm.cl\/?p=4144' aria-hidden='false' data-av_icon='\uf232' data-av_iconfont='entypo-fontello' title='' data-avia-related-tooltip='Compartir en Whatsapp' rel=\"noopener\"><span class='avia_hidden_link_text'>Compartir en Whatsapp<\/span><\/a><\/li><li class='av-share-link av-social-link-linkedin' ><a target=\"_blank\" aria-label=\"Compartir en LinkedIn\" href='https:\/\/linkedin.com\/shareArticle?mini=true&#038;title=Autoridades%20del%20Trabajo%20explican%20normativa%20laboral%20y%20feriado%20en%20las%20elecciones%20de%20este%20fin%20de%20semana&#038;url=https:\/\/radiorevelacionfm.cl\/?p=4144' aria-hidden='false' data-av_icon='\ue8fc' data-av_iconfont='entypo-fontello' title='' data-avia-related-tooltip='Compartir en LinkedIn' rel=\"noopener\"><span class='avia_hidden_link_text'>Compartir en LinkedIn<\/span><\/a><\/li><li class='av-share-link av-social-link-mail' ><a  aria-label=\"Compartir por correo\" href='mailto:?subject=Autoridades%20del%20Trabajo%20explican%20normativa%20laboral%20y%20feriado%20en%20las%20elecciones%20de%20este%20fin%20de%20semana&#038;body=https:\/\/radiorevelacionfm.cl\/?p=4144' aria-hidden='false' data-av_icon='\ue805' data-av_iconfont='entypo-fontello' title='' data-avia-related-tooltip='Compartir por correo'><span class='avia_hidden_link_text'>Compartir por correo<\/span><\/a><\/li><\/ul><\/div><\/div>\n<div  style='height:50px' class='hr hr-invisible   avia-builder-el-8  el_after_av_social_share  el_before_av_comments_list '><span class='hr-inner ' ><span class='hr-inner-style'><\/span><\/span><\/div>\n<div  class='av-buildercomment  av-blog-meta-html-info-disabled av-blog-meta-tag-disabled  '><\/div>\n","protected":false},"excerpt":{"rendered":"","protected":false},"author":1,"featured_media":0,"comment_status":"open","ping_status":"open","sticky":false,"template":"","format":"standard","meta":{"footnotes":""},"categories":[56],"tags":[],"class_list":["post-4144","post","type-post","status-publish","format-standard","hentry","category-trabajo"],"jetpack_featured_media_url":"","_links":{"self":[{"href":"https:\/\/radiorevelacionfm.cl\/index.php?rest_route=\/wp\/v2\/posts\/4144","targetHints":{"allow":["GET"]}}],"collection":[{"href":"https:\/\/radiorevelacionfm.cl\/index.php?rest_route=\/wp\/v2\/posts"}],"about":[{"href":"https:\/\/radiorevelacionfm.cl\/index.php?rest_route=\/wp\/v2\/types\/post"}],"author":[{"embeddable":true,"href":"https:\/\/radiorevelacionfm.cl\/index.php?rest_route=\/wp\/v2\/users\/1"}],"replies":[{"embeddable":true,"href":"https:\/\/radiorevelacionfm.cl\/index.php?rest_route=%2Fwp%2Fv2%2Fcomments&post=4144"}],"version-history":[{"count":1,"href":"https:\/\/radiorevelacionfm.cl\/index.php?rest_route=\/wp\/v2\/posts\/4144\/revisions"}],"predecessor-version":[{"id":4148,"href":"https:\/\/radiorevelacionfm.cl\/index.php?rest_route=\/wp\/v2\/posts\/4144\/revisions\/4148"}],"wp:attachment":[{"href":"https:\/\/radiorevelacionfm.cl\/index.php?rest_route=%2Fwp%2Fv2%2Fmedia&parent=4144"}],"wp:term":[{"taxonomy":"category","embeddable":true,"href":"https:\/\/radiorevelacionfm.cl\/index.php?rest_route=%2Fwp%2Fv2%2Fcategories&post=4144"},{"taxonomy":"post_tag","embeddable":true,"href":"https:\/\/radiorevelacionfm.cl\/index.php?rest_route=%2Fwp%2Fv2%2Ftags&post=4144"}],"curies":[{"name":"wp","href":"https:\/\/api.w.org\/{rel}","templated":true}]}}