{"id":41439,"date":"2024-04-19T15:23:59","date_gmt":"2024-04-19T18:23:59","guid":{"rendered":"https:\/\/radiorevelacionfm.cl\/?p=41439"},"modified":"2024-04-19T15:23:59","modified_gmt":"2024-04-19T18:23:59","slug":"experiencias-agroturisticas-la-apuesta-de-este-fin-de-semana-puerto-guadal","status":"publish","type":"post","link":"https:\/\/radiorevelacionfm.cl\/?p=41439","title":{"rendered":"Experiencias agrotur\u00edsticas: La apuesta de este fin de semana Puerto Guadal"},"content":{"rendered":"<div class=\"flex_column av_one_full  flex_column_div av-zero-column-padding first  avia-builder-el-0  el_before_av_one_full  avia-builder-el-first  \" style='border-radius:0px; '><div  class='avia-image-container  av-styling-    avia-builder-el-1  avia-builder-el-no-sibling  avia-align-center '  itemprop=\"image\" itemscope=\"itemscope\" itemtype=\"https:\/\/schema.org\/ImageObject\"  ><div class='avia-image-container-inner'><div class='avia-image-overlay-wrap'><img decoding=\"async\" class='wp-image-41440 avia-img-lazy-loading-not-41440 avia_image' src=\"https:\/\/radiorevelacionfm.cl\/wp-content\/uploads\/2024\/04\/Festival-de-la-Cosecha-2-1-1.jpg\" alt='' title='Festival de la Cosecha 2 (1) (1)' height=\"800\" width=\"803\"  itemprop=\"thumbnailUrl\" srcset=\"https:\/\/radiorevelacionfm.cl\/wp-content\/uploads\/2024\/04\/Festival-de-la-Cosecha-2-1-1.jpg 803w, https:\/\/radiorevelacionfm.cl\/wp-content\/uploads\/2024\/04\/Festival-de-la-Cosecha-2-1-1-300x300.jpg 300w, https:\/\/radiorevelacionfm.cl\/wp-content\/uploads\/2024\/04\/Festival-de-la-Cosecha-2-1-1-80x80.jpg 80w, https:\/\/radiorevelacionfm.cl\/wp-content\/uploads\/2024\/04\/Festival-de-la-Cosecha-2-1-1-768x765.jpg 768w, https:\/\/radiorevelacionfm.cl\/wp-content\/uploads\/2024\/04\/Festival-de-la-Cosecha-2-1-1-36x36.jpg 36w, https:\/\/radiorevelacionfm.cl\/wp-content\/uploads\/2024\/04\/Festival-de-la-Cosecha-2-1-1-180x180.jpg 180w, https:\/\/radiorevelacionfm.cl\/wp-content\/uploads\/2024\/04\/Festival-de-la-Cosecha-2-1-1-705x702.jpg 705w, https:\/\/radiorevelacionfm.cl\/wp-content\/uploads\/2024\/04\/Festival-de-la-Cosecha-2-1-1-120x120.jpg 120w, https:\/\/radiorevelacionfm.cl\/wp-content\/uploads\/2024\/04\/Festival-de-la-Cosecha-2-1-1-450x448.jpg 450w, https:\/\/radiorevelacionfm.cl\/wp-content\/uploads\/2024\/04\/Festival-de-la-Cosecha-2-1-1-600x598.jpg 600w, https:\/\/radiorevelacionfm.cl\/wp-content\/uploads\/2024\/04\/Festival-de-la-Cosecha-2-1-1-100x100.jpg 100w\" sizes=\"(max-width: 803px) 100vw, 803px\" \/><\/div><\/div><\/div><\/div><div class=\"flex_column av_one_full  flex_column_div av-zero-column-padding first  avia-builder-el-2  el_after_av_one_full  el_before_av_one_full  column-top-margin\" style='border-radius:0px; '><section class=\"av_textblock_section \"  itemscope=\"itemscope\" itemtype=\"https:\/\/schema.org\/BlogPosting\" itemprop=\"blogPost\" ><div class='avia_textblock  '   itemprop=\"text\" ><p style=\"text-align: center;\"><span style=\"font-size: 18pt;\"><b><span lang=\"ES-TRAD\">Experiencias agrotur\u00edsticas: La apuesta de este fin de semana Puerto Guadal<\/span><\/b><\/span><\/p>\n<div id=\"gtx-trans\" style=\"position: absolute; left: -50px; top: 4.31534px;\">\n<div class=\"gtx-trans-icon\"><\/div>\n<\/div>\n<\/div><\/section><\/div><div class=\"flex_column av_one_full  flex_column_div av-zero-column-padding first  avia-builder-el-4  el_after_av_one_full  el_before_av_hr  column-top-margin\" style='border-radius:0px; '><section class=\"av_textblock_section \"  itemscope=\"itemscope\" itemtype=\"https:\/\/schema.org\/BlogPosting\" itemprop=\"blogPost\" ><div class='avia_textblock  '   itemprop=\"text\" ><p class=\"v1MsoNormal\" style=\"text-align: justify;\"><span lang=\"ES-TRAD\">Con una ocupaci\u00f3n total de las plazas disponibles para el taller de charcuter\u00eda avanza la organizaci\u00f3n del\u00a05\u00b0 Festival de la Cosecha de Puerto Guadal, que se desarrollar\u00e1 los d\u00edas s\u00e1bado 20 y domingo 21 en Puerto Guadal.\u00a0 Las dos jornadas forman parte de un encuentro que la AG de Turismo, Artesan\u00eda y Cultura viene realizando desde el a\u00f1o 2017 y que en esta ocasi\u00f3n se enmarca en el proyecto \u00ab<i>Arte de la Cosecha y Cocina en el Chelenko<\/i>\u00bb financiado por el Ministerio de las Culturas, las Artes y el Patrimonio a trav\u00e9s del FONDART Regional en la l\u00ednea de Culturas Regionales modalidad del Fomento del Turismo Cultural, con el apoyo de la Municipalidad de Chile Chico, que facilit\u00f3 el quincho local.<\/span><\/p>\n<p class=\"v1MsoNormal\" style=\"text-align: justify;\"><span lang=\"ES-TRAD\">\u00ab<i>Es un festival que parti\u00f3 en 2017, a mucho pulso, queriendo relevar recetas, del oficio de la cosecha, nosotros tenemos una gran abundancia de frutas, de hongos en esta zona, y queremos destacarlo, mostrarlo tambi\u00e9n a las otras comunidades, y este a\u00f1o claramente ha sido invitarlos a que nos visiten, y tenemos una amplia gama de actividades para este fin de semana<\/i>\u00bb se\u00f1al\u00f3 al respecto Fernanda Solar Vera, de la comisi\u00f3n organizadora.<\/span><\/p>\n<p class=\"v1MsoNormal\" style=\"text-align: justify;\"><span lang=\"ES-TRAD\">El\u00a0taller de charcuter\u00eda\u00a0se desarrollar\u00e1 durante todo el\u00a0s\u00e1bado 20 y se enfocar\u00e1 en la preparaci\u00f3n de vienesas de liebre y queso de cabeza de cordero, y ser\u00e1 impartido por el chef Emerson Y\u00e1\u00f1ez (quien desarroll\u00f3 un taller similar en la muestra de 2023). Y en paralelo preparaci\u00f3n de vienesa de liebre y queso de cabeza de cordero<\/span><\/p>\n<p class=\"v1MsoNormal\" style=\"text-align: justify;\"><span lang=\"ES-TRAD\">Ese s\u00e1bado, adem\u00e1s, desde las 9:30 hrs en la plaza se realizar\u00e1 una actividad de cosecha participativa de mosqueta, que confluir\u00e1 en la preparaci\u00f3n conjunta de mermelada con lo recolectado. Es gratuita y abierta a todo p\u00fablico, requiri\u00e9ndose s\u00f3lo que cada asistente concurra con su bolsa\/canasto y cuchillo.\u00a0<\/span><\/p>\n<p class=\"v1MsoNormal\" style=\"text-align: justify;\"><span lang=\"ES-TRAD\">En paralelo, desde las 14:00 hrs y tambi\u00e9n desde la plaza, se iniciar\u00e1 el proceso de\u00a0recolecci\u00f3n participativa de hongos, que incluir\u00e1 identificaci\u00f3n y preparaci\u00f3n. Gratuita tambi\u00e9n, se solicita a los participantes llegar con malla\/canasto y cuchillo.<\/span><\/p>\n<p class=\"v1MsoNormal\" style=\"text-align: justify;\"><span lang=\"ES-TRAD\">Inscripciones al tel\u00e9fono +569 4029 4884.<\/span><\/p>\n<p class=\"v1MsoNormal\" style=\"text-align: justify;\"><strong><span lang=\"ES-TRAD\">Festival de la Cosecha<\/span><\/strong><\/p>\n<p class=\"v1MsoNormal\" style=\"text-align: justify;\"><span lang=\"ES-TRAD\">El\u00a0domingo 21\u00a0se instalar\u00e1 la\u00a0Feria Emprendimiento Productos Locales\u00a0a partir de las 10:00 hrs, en el marco del\u00a0Festival de la Cosecha\u00a0que desde las 11:30 hrs contar\u00e1 con la participaci\u00f3n del\u00a0cantautor y payador regional Jorge Contreras. A las 14:00 hrs se realizar\u00e1 una demostraci\u00f3n de producci\u00f3n comunitaria de jugo\u00a0y\u00a0chicha de manzana.<\/span><\/p>\n<p class=\"v1MsoNormal\" style=\"text-align: justify;\"><span lang=\"ES-TRAD\">\u00ab<i>Hacemos extensiva la invitaci\u00f3n a todos. Vamos a tener una actividad de elaboraci\u00f3n de chicha comunitaria. As\u00ed que est\u00e1 la m\u00e1quina con nuestro socio esper\u00e1ndolo. La gente puede traer sus cajones de manzanas, sus botellas, y pueden llevarse toda su producci\u00f3n a la casa para aprovechar todos estos \u00e1rboles y esta abundancia de manzanas que tenemos en el pueblo.\u00a0 As\u00ed que los esperamos con los brazos abiertos, como nos encanta recibir a la gente de la regi\u00f3n, y va a haber m\u00fasica y comida asegurada. As\u00ed que los esperamos<\/i>\u00bb puntualiz\u00f3 Fernanda Solar.<\/span><\/p>\n<p class=\"v1MsoNormal\" style=\"text-align: justify;\"><span lang=\"ES-TRAD\">A las 12:30 hrs se realizar\u00e1 el\u00a0taller de cocina en vivo de\u00a0jarabe de sauco\u00a0a cargo de Josefina Ruiz de ArteChelenko, para a las 13:30 hrs continuar con la\u00a0muestra de charcuter\u00eda y producci\u00f3n local, concluyendo con la presentaci\u00f3n del grupo\u00a0Buena Yunta\u00a0y\u00a0V\u00edctor San Mart\u00edn.<\/span><\/p>\n<p class=\"v1MsoNormal\" style=\"text-align: justify;\"><span lang=\"ES-TRAD\">A las 15:00 hrs se dar\u00e1 curso a la\u00a0cocina vegana en vivo del emprendimiento \u00abDe La Ra\u00edz\u00bb de Puerto Cisnes.\u00a0 Y a las 16:30 hrs se presentar\u00e1 la agrupaci\u00f3n \u00abLas dos hileras\u00bb de Cochrane, para concluir con un\u00a0taller de cocina para ni\u00f1as y ni\u00f1os para preparar empanadas de manzana, acompa\u00f1ados por sus padres.<\/span><\/p>\n<p class=\"v1MsoNormal\" style=\"text-align: justify;\"><span lang=\"ES-TRAD\">Durante el mes de mayo continuar\u00e1 la segunda etapa del proyecto\u00a0\u00abArte de la Cosecha y Cocina en el Chelenko\u00bb, con la semana de\u00a0formaci\u00f3n art\u00edstica y cultura\u00a0en alianza con la\u00a0escuela Bernardo O&#8217;Higgins\u00a0de Puerto Guadal\u00a0y la\u00a0compa\u00f1\u00eda de teatro \u00abVuelo\u00bb.<\/span><\/p>\n<p class=\"v1MsoNormal\" style=\"text-align: justify;\"><span lang=\"ES-TRAD\">M\u00e1s informaci\u00f3n en el\u00a0<a href=\"https:\/\/www.facebook.com\/AGTURISMOPUERTOGUADAL\" target=\"_blank\" rel=\"noopener noreferrer\">Facebook<\/a>\u00a0e\u00a0<a href=\"https:\/\/www.instagram.com\/agturismoguadal\/\" target=\"_blank\" rel=\"noopener noreferrer\">Instagram<\/a>\u00a0de la Asociaci\u00f3n Gremial de Turismo, Artesan\u00eda y Cultura de Puerto Guadal.<\/span><\/p>\n<\/div><\/section><\/div><div  style='height:50px' class='hr hr-invisible   avia-builder-el-6  el_after_av_one_full  el_before_av_social_share '><span class='hr-inner ' ><span class='hr-inner-style'><\/span><\/span><\/div><\/p>\n<div  class='av-social-sharing-box  avia-builder-el-7  el_after_av_hr  el_before_av_hr  '><div class='av-share-box'><h5 class='av-share-link-description av-no-toc '>Compartir esta noticia<\/h5><ul class='av-share-box-list noLightbox'><li class='av-share-link av-social-link-facebook' ><a target=\"_blank\" aria-label=\"Compartir en Facebook\" href='https:\/\/www.facebook.com\/sharer.php?u=https:\/\/radiorevelacionfm.cl\/?p=41439&#038;t=Experiencias%20agrotur%C3%ADsticas%3A%20La%20apuesta%20de%20este%20fin%20de%20semana%20Puerto%20Guadal' aria-hidden='false' data-av_icon='\ue8f3' data-av_iconfont='entypo-fontello' title='' data-avia-related-tooltip='Compartir en Facebook' rel=\"noopener\"><span class='avia_hidden_link_text'>Compartir en Facebook<\/span><\/a><\/li><li class='av-share-link av-social-link-twitter' ><a target=\"_blank\" aria-label=\"Compartir en Twitter\" href='https:\/\/twitter.com\/share?text=Experiencias%20agrotur%C3%ADsticas%3A%20La%20apuesta%20de%20este%20fin%20de%20semana%20Puerto%20Guadal&#038;url=https:\/\/radiorevelacionfm.cl\/?p=41439' aria-hidden='false' data-av_icon='\ue8f1' data-av_iconfont='entypo-fontello' title='' data-avia-related-tooltip='Compartir en Twitter' rel=\"noopener\"><span class='avia_hidden_link_text'>Compartir en Twitter<\/span><\/a><\/li><li class='av-share-link av-social-link-whatsapp' ><a target=\"_blank\" aria-label=\"Compartir en Whatsapp\" href='https:\/\/api.whatsapp.com\/send?text=https:\/\/radiorevelacionfm.cl\/?p=41439' aria-hidden='false' data-av_icon='\uf232' data-av_iconfont='entypo-fontello' title='' data-avia-related-tooltip='Compartir en Whatsapp' rel=\"noopener\"><span class='avia_hidden_link_text'>Compartir en Whatsapp<\/span><\/a><\/li><li class='av-share-link av-social-link-linkedin' ><a target=\"_blank\" aria-label=\"Compartir en LinkedIn\" href='https:\/\/linkedin.com\/shareArticle?mini=true&#038;title=Experiencias%20agrotur%C3%ADsticas%3A%20La%20apuesta%20de%20este%20fin%20de%20semana%20Puerto%20Guadal&#038;url=https:\/\/radiorevelacionfm.cl\/?p=41439' aria-hidden='false' data-av_icon='\ue8fc' data-av_iconfont='entypo-fontello' title='' data-avia-related-tooltip='Compartir en LinkedIn' rel=\"noopener\"><span class='avia_hidden_link_text'>Compartir en LinkedIn<\/span><\/a><\/li><li class='av-share-link av-social-link-mail' ><a  aria-label=\"Compartir por correo\" href='mailto:?subject=Experiencias%20agrotur%C3%ADsticas%3A%20La%20apuesta%20de%20este%20fin%20de%20semana%20Puerto%20Guadal&#038;body=https:\/\/radiorevelacionfm.cl\/?p=41439' aria-hidden='false' data-av_icon='\ue805' data-av_iconfont='entypo-fontello' title='' data-avia-related-tooltip='Compartir por correo'><span class='avia_hidden_link_text'>Compartir por correo<\/span><\/a><\/li><\/ul><\/div><\/div>\n<div  style='height:50px' class='hr hr-invisible   avia-builder-el-8  el_after_av_social_share  el_before_av_comments_list '><span class='hr-inner ' ><span class='hr-inner-style'><\/span><\/span><\/div>\n<div  class='av-buildercomment  av-blog-meta-html-info-disabled av-blog-meta-tag-disabled  '><\/div>\n","protected":false},"excerpt":{"rendered":"","protected":false},"author":1,"featured_media":41440,"comment_status":"open","ping_status":"open","sticky":false,"template":"","format":"standard","meta":{"footnotes":""},"categories":[38],"tags":[],"class_list":["post-41439","post","type-post","status-publish","format-standard","has-post-thumbnail","hentry","category-regional"],"jetpack_featured_media_url":"https:\/\/radiorevelacionfm.cl\/wp-content\/uploads\/2024\/04\/Festival-de-la-Cosecha-2-1-1.jpg","_links":{"self":[{"href":"https:\/\/radiorevelacionfm.cl\/index.php?rest_route=\/wp\/v2\/posts\/41439","targetHints":{"allow":["GET"]}}],"collection":[{"href":"https:\/\/radiorevelacionfm.cl\/index.php?rest_route=\/wp\/v2\/posts"}],"about":[{"href":"https:\/\/radiorevelacionfm.cl\/index.php?rest_route=\/wp\/v2\/types\/post"}],"author":[{"embeddable":true,"href":"https:\/\/radiorevelacionfm.cl\/index.php?rest_route=\/wp\/v2\/users\/1"}],"replies":[{"embeddable":true,"href":"https:\/\/radiorevelacionfm.cl\/index.php?rest_route=%2Fwp%2Fv2%2Fcomments&post=41439"}],"version-history":[{"count":1,"href":"https:\/\/radiorevelacionfm.cl\/index.php?rest_route=\/wp\/v2\/posts\/41439\/revisions"}],"predecessor-version":[{"id":41441,"href":"https:\/\/radiorevelacionfm.cl\/index.php?rest_route=\/wp\/v2\/posts\/41439\/revisions\/41441"}],"wp:featuredmedia":[{"embeddable":true,"href":"https:\/\/radiorevelacionfm.cl\/index.php?rest_route=\/wp\/v2\/media\/41440"}],"wp:attachment":[{"href":"https:\/\/radiorevelacionfm.cl\/index.php?rest_route=%2Fwp%2Fv2%2Fmedia&parent=41439"}],"wp:term":[{"taxonomy":"category","embeddable":true,"href":"https:\/\/radiorevelacionfm.cl\/index.php?rest_route=%2Fwp%2Fv2%2Fcategories&post=41439"},{"taxonomy":"post_tag","embeddable":true,"href":"https:\/\/radiorevelacionfm.cl\/index.php?rest_route=%2Fwp%2Fv2%2Ftags&post=41439"}],"curies":[{"name":"wp","href":"https:\/\/api.w.org\/{rel}","templated":true}]}}