{"id":41436,"date":"2024-04-18T17:18:17","date_gmt":"2024-04-18T20:18:17","guid":{"rendered":"https:\/\/radiorevelacionfm.cl\/?p=41436"},"modified":"2024-04-18T17:18:17","modified_gmt":"2024-04-18T20:18:17","slug":"aysen-avanza-hacia-la-descentralizacion-con-lanzamiento-del-comite-de-desarrollo-productivo","status":"publish","type":"post","link":"https:\/\/radiorevelacionfm.cl\/?p=41436","title":{"rendered":"Ays\u00e9n avanza hacia la descentralizaci\u00f3n con lanzamiento del Comit\u00e9 de Desarrollo Productivo"},"content":{"rendered":"<div class=\"flex_column av_one_full  flex_column_div av-zero-column-padding first  avia-builder-el-0  el_before_av_one_full  avia-builder-el-first  \" style='border-radius:0px; '><div  class='avia-image-container  av-styling-    avia-builder-el-1  avia-builder-el-no-sibling  avia-align-center '  itemprop=\"image\" itemscope=\"itemscope\" itemtype=\"https:\/\/schema.org\/ImageObject\"  ><div class='avia-image-container-inner'><div class='avia-image-overlay-wrap'><img decoding=\"async\" class='wp-image-41437 avia-img-lazy-loading-not-41437 avia_image' src=\"https:\/\/radiorevelacionfm.cl\/wp-content\/uploads\/2024\/04\/01-cdpaysen-2_optimized-1_optimized-1.jpg\" alt='' title='01-cdpays\u00e9n-(2)_optimized-(1)_optimized (1)' height=\"600\" width=\"1066\"  itemprop=\"thumbnailUrl\" srcset=\"https:\/\/radiorevelacionfm.cl\/wp-content\/uploads\/2024\/04\/01-cdpaysen-2_optimized-1_optimized-1.jpg 1066w, https:\/\/radiorevelacionfm.cl\/wp-content\/uploads\/2024\/04\/01-cdpaysen-2_optimized-1_optimized-1-300x169.jpg 300w, https:\/\/radiorevelacionfm.cl\/wp-content\/uploads\/2024\/04\/01-cdpaysen-2_optimized-1_optimized-1-1030x580.jpg 1030w, https:\/\/radiorevelacionfm.cl\/wp-content\/uploads\/2024\/04\/01-cdpaysen-2_optimized-1_optimized-1-768x432.jpg 768w, https:\/\/radiorevelacionfm.cl\/wp-content\/uploads\/2024\/04\/01-cdpaysen-2_optimized-1_optimized-1-705x397.jpg 705w, https:\/\/radiorevelacionfm.cl\/wp-content\/uploads\/2024\/04\/01-cdpaysen-2_optimized-1_optimized-1-450x253.jpg 450w, https:\/\/radiorevelacionfm.cl\/wp-content\/uploads\/2024\/04\/01-cdpaysen-2_optimized-1_optimized-1-600x338.jpg 600w\" sizes=\"(max-width: 1066px) 100vw, 1066px\" \/><\/div><\/div><\/div><\/div><div class=\"flex_column av_one_full  flex_column_div av-zero-column-padding first  avia-builder-el-2  el_after_av_one_full  el_before_av_one_full  column-top-margin\" style='border-radius:0px; '><section class=\"av_textblock_section \"  itemscope=\"itemscope\" itemtype=\"https:\/\/schema.org\/BlogPosting\" itemprop=\"blogPost\" ><div class='avia_textblock  '   itemprop=\"text\" ><p style=\"text-align: center;\"><strong><span style=\"font-size: 18pt;\">Ays\u00e9n avanza hacia la descentralizaci\u00f3n con lanzamiento del Comit\u00e9 de Desarrollo Productivo<\/span><\/strong><\/p>\n<div id=\"gtx-trans\" style=\"position: absolute; left: -50px; top: 4.31534px;\">\n<div class=\"gtx-trans-icon\"><\/div>\n<\/div>\n<\/div><\/section><\/div><div class=\"flex_column av_one_full  flex_column_div av-zero-column-padding first  avia-builder-el-4  el_after_av_one_full  el_before_av_hr  column-top-margin\" style='border-radius:0px; '><section class=\"av_textblock_section \"  itemscope=\"itemscope\" itemtype=\"https:\/\/schema.org\/BlogPosting\" itemprop=\"blogPost\" ><div class='avia_textblock  '   itemprop=\"text\" ><p style=\"font-weight: 400; text-align: justify;\"><em>El nuevo \u00f3rgano colegiado, liderado por la Gobernadora Regional, Andrea Mac\u00edas Palma y respaldado por Corfo, re\u00fane a representantes p\u00fablicos y privados para potenciar el desarrollo econ\u00f3mico y productivo de la regi\u00f3n.<\/em><\/p>\n<p style=\"font-weight: 400; text-align: justify;\">Con la mirada puesta en una mayor autonom\u00eda y potestad de decisi\u00f3n para las regiones, se realiz\u00f3 el <a href=\"https:\/\/www.facebook.com\/share\/v\/KmWjsFuR3ruE2N8a\/?mibextid=oFDknk\" data-saferedirecturl=\"https:\/\/www.google.com\/url?q=https:\/\/www.facebook.com\/share\/v\/KmWjsFuR3ruE2N8a\/?mibextid%3DoFDknk&amp;source=gmail&amp;ust=1713557312318000&amp;usg=AOvVaw2xsc5voctRWYTTwPg3j5zf\">lanzamiento del Comit\u00e9 de Desarrollo Productivo en Ays\u00e9n -CDP Ays\u00e9n-<\/a>, como un claro ejemplo del compromiso con la descentralizaci\u00f3n por parte del Gobierno y Corfo. En una ceremonia celebrada en dependencias del Gobierno Regional de Ays\u00e9n, se formaliz\u00f3 la creaci\u00f3n de este \u00f3rgano, que busca impulsar la econom\u00eda y la innovaci\u00f3n en la regi\u00f3n.<\/p>\n<p style=\"font-weight: 400; text-align: justify;\">El evento, encabezado por el Vicepresidente Ejecutivo de Corfo, Jos\u00e9 Miguel Benavente Hormaz\u00e1bal; la Gobernadora de Ays\u00e9n, Andrea Mac\u00edas Palma y la Gerenta General de Sercotec,\u00a0Mar\u00eda Jos\u00e9 Becerra Moro,\u00a0cont\u00f3 con la presencia de diversos representantes del sector p\u00fablico, privado y academia.<\/p>\n<p style=\"font-weight: 400; text-align: justify;\">En palabras de la Gobernadora Mac\u00edas, este hito representa un paso importante en el proceso de descentralizaci\u00f3n, ya que otorga a las regiones un poder de decisi\u00f3n significativo. \u201cEste avance en descentralizaci\u00f3n promueve la colaboraci\u00f3n p\u00fablico-privada, integrando representantes gubernamentales y del sector privado para impulsar el desarrollo regional de manera inclusiva y sostenible. Reconocemos el compromiso de todas las instituciones y del Gobierno Regional, pues vemos en este proceso un paso significativo hacia una mayor descentralizaci\u00f3n y desarrollo. Esto no solo ampl\u00eda las competencias, sino que tambi\u00e9n otorga a la Regi\u00f3n de Ays\u00e9n la capacidad de decidir sobre m\u00e1s de 21 instrumentos de Corfo y Sercotec, abordando las brechas existentes y trabajando hacia objetivos de progreso\u201d.<\/p>\n<p style=\"font-weight: 400; text-align: justify;\">Agreg\u00f3 que el Comit\u00e9 de Desarrollo Productivo, compuesto por representantes del \u00e1mbito p\u00fablico, acad\u00e9mico y empresarial, funcionar\u00e1 a trav\u00e9s de dos subcomit\u00e9s: Fomento Productivo y Emprendimiento e Innovaci\u00f3n. En este \u00faltimo, la academia cumplir\u00e1 un rol fundamental para avanzar en el desarrollo del conocimiento, fundamental para avanzar en innovaci\u00f3n.<\/p>\n<p style=\"font-weight: 400; text-align: justify;\">Sobre el nombramiento pendiente de dos privados, la Gobernadora indic\u00f3 que una de ellas ya fue definida. Es la empresaria Margit Veloso Ortega, reconocida en el sector acu\u00edcola, con domicilio en la provincia de Ays\u00e9n, mientras que Alejandra Alert Rivas, propuesta al Consejo Regional, est\u00e1 pendiente de confirmaci\u00f3n.<\/p>\n<p style=\"font-weight: 400; text-align: justify;\"><strong>AUTONOM\u00cdA REGIONAL<\/strong><\/p>\n<p style=\"font-weight: 400; text-align: justify;\">El Vicepresidente Ejecutivo de Corfo, Jos\u00e9 Miguel Benavente, destac\u00f3 que este proceso de descentralizaci\u00f3n empodera a las regiones al permitirles definir el uso de recursos p\u00fablicos de acuerdo con sus particularidades y desaf\u00edos. \u201cEsta es una pol\u00edtica de descentralizaci\u00f3n que permite asociar una l\u00ednea presupuestaria de recursos importantes, tanto de Corfo como de Sercotec, para que la evaluaci\u00f3n y la asignaci\u00f3n de los recursos se hagan en el territorio, por el territorio y para el territorio, evitando que, por ejemplo, emprendedoras o empresas establecidas en la regi\u00f3n vayan a los concursos que actualmente tiene la Corporaci\u00f3n o Sercotec a nivel nacional, permitiendo que la decisi\u00f3n se tome ac\u00e1 y los concursos se hagan a nivel local, posibilitando cerrar algunas brechas que existen entre regiones, as\u00ed como, de alguna manera, tener la potestad en la asignaci\u00f3n de recursos en Ays\u00e9n\u201d.<\/p>\n<p style=\"font-weight: 400; text-align: justify;\">Explic\u00f3 que el Comit\u00e9 dispone de recursos adicionales de la Ley de Presupuesto, garantizando su permanencia. En experiencias previas, ha logrado unir fondos regionales como el FNDR, FIC regional y Royalty Minero, para una asignaci\u00f3n consistente y de largo plazo, asegurando complementariedad y visi\u00f3n estrat\u00e9gica.<\/p>\n<p style=\"font-weight: 400; text-align: justify;\">El Vicepresidente de Corfo detall\u00f3 que la meta no es solo tener el poder de ejecutar este presupuesto y proceso, sino tambi\u00e9n fomentar una estrategia de desarrollo productivo. En este sentido, enfatiz\u00f3 la importancia de que las instituciones p\u00fablicas locales muestren disposici\u00f3n para promover una agenda que refleje los deseos regionales. Subray\u00f3 que la coherencia entre la asignaci\u00f3n de recursos y dichos anhelos es esencial.<\/p>\n<p style=\"font-weight: 400; text-align: justify;\">En tanto,\u00a0Mar\u00eda Jos\u00e9 Becerra,\u00a0Gerenta de Sercotec, enfatiz\u00f3 la importancia del trabajo colaborativo entre las diferentes instancias de fomento en los territorios, subrayando que el CDP es un espacio para coordinar estas acciones de manera eficiente. \u201cNo hay pa\u00eds en el mundo que sea un pa\u00eds desarrollado si es que ese desarrollo no es sustentable e incorpora el g\u00e9nero, la asociatividad y tambi\u00e9n la descentralizaci\u00f3n, por eso como Servicio de Cooperaci\u00f3n T\u00e9cnica hoy d\u00eda estamos honrados de poner a disposici\u00f3n 7 programas en los cuales la regi\u00f3n y para la regi\u00f3n tal como lo dec\u00eda el Vicepresidente de Corfo, van a decidir en conjunto cu\u00e1l es este mecanismo para el desarrollo econ\u00f3mico local y regional. \u00bfQu\u00e9 quiere decir esto? Ac\u00e1 hay temas que son innumerables, tenemos temas acu\u00edcolas, tur\u00edsticos, log\u00edsticos y sabemos las problem\u00e1ticas de los m\u00e1s de 10 mil peque\u00f1os, microempresarios y cooperativas que est\u00e1n en Ays\u00e9n, por tanto, Sercotec y tambi\u00e9n la Corfo vienen a tomar la mano a esos empresarios y empresarias formales para decirles que no est\u00e1n solos. Con esa vocaci\u00f3n productiva podemos hacer encadenamientos, cadenas cortas de valor, comercio justo para impulsar a Ays\u00e9n a ser una regi\u00f3n pr\u00f3spera desde los territorios\u201d<\/p>\n<p style=\"font-weight: 400; text-align: justify;\"><strong>TRABAJO COLABORATIVO<\/strong><\/p>\n<p style=\"font-weight: 400; text-align: justify;\">El Comit\u00e9, conformado por 12 representantes del sector p\u00fablico y privado, surge como una respuesta concreta al desaf\u00edo de descentralizaci\u00f3n que enfrenta el pa\u00eds. Esta instancia tiene como objetivo principal promover y respaldar el desarrollo econ\u00f3mico y productivo de la regi\u00f3n, con un enfoque especial en mejorar las capacidades y oportunidades para emprendedores, empresas y redes productivas locales.<\/p>\n<p style=\"font-weight: 400; text-align: justify;\">La constituci\u00f3n del CDP en Ays\u00e9n se enmarca en un plan nacional de descentralizaci\u00f3n que se est\u00e1 implementando gradualmente en otras regiones del pa\u00eds. Con su instalaci\u00f3n progresiva, se espera que para el a\u00f1o 2025 todas las regiones cuenten con un CDP propio, lo que contribuir\u00e1 a la distribuci\u00f3n del poder y al fortalecimiento del desarrollo productivo a nivel regional.<\/p>\n<p style=\"font-weight: 400; text-align: justify;\">Este nuevo \u00f3rgano regional colegiado tendr\u00e1 atribuciones delegadas para la toma de decisiones en gesti\u00f3n presupuestaria y asignaci\u00f3n de fondos, lo que permitir\u00e1 una mayor autonom\u00eda y capacidad de acci\u00f3n para los gobiernos regionales. Adem\u00e1s, Corfo pondr\u00e1 a disposici\u00f3n del CDP sus competencias en prospectiva econ\u00f3mica, evaluaci\u00f3n de proyectos y generaci\u00f3n de redes, con el objetivo de potenciar el desarrollo econ\u00f3mico sostenible en Ays\u00e9n.<\/p>\n<\/div><\/section><\/div><div  style='height:50px' class='hr hr-invisible   avia-builder-el-6  el_after_av_one_full  el_before_av_social_share '><span class='hr-inner ' ><span class='hr-inner-style'><\/span><\/span><\/div><\/p>\n<div  class='av-social-sharing-box  avia-builder-el-7  el_after_av_hr  el_before_av_hr  '><div class='av-share-box'><h5 class='av-share-link-description av-no-toc '>Compartir esta noticia<\/h5><ul class='av-share-box-list noLightbox'><li class='av-share-link av-social-link-facebook' ><a target=\"_blank\" aria-label=\"Compartir en Facebook\" href='https:\/\/www.facebook.com\/sharer.php?u=https:\/\/radiorevelacionfm.cl\/?p=41436&#038;t=Ays%C3%A9n%20avanza%20hacia%20la%20descentralizaci%C3%B3n%20con%20lanzamiento%20del%20Comit%C3%A9%20de%20Desarrollo%20Productivo' aria-hidden='false' data-av_icon='\ue8f3' data-av_iconfont='entypo-fontello' title='' data-avia-related-tooltip='Compartir en Facebook' rel=\"noopener\"><span class='avia_hidden_link_text'>Compartir en Facebook<\/span><\/a><\/li><li class='av-share-link av-social-link-twitter' ><a target=\"_blank\" aria-label=\"Compartir en Twitter\" href='https:\/\/twitter.com\/share?text=Ays%C3%A9n%20avanza%20hacia%20la%20descentralizaci%C3%B3n%20con%20lanzamiento%20del%20Comit%C3%A9%20de%20Desarrollo%20Productivo&#038;url=https:\/\/radiorevelacionfm.cl\/?p=41436' aria-hidden='false' data-av_icon='\ue8f1' data-av_iconfont='entypo-fontello' title='' data-avia-related-tooltip='Compartir en Twitter' rel=\"noopener\"><span class='avia_hidden_link_text'>Compartir en Twitter<\/span><\/a><\/li><li class='av-share-link av-social-link-whatsapp' ><a target=\"_blank\" aria-label=\"Compartir en Whatsapp\" href='https:\/\/api.whatsapp.com\/send?text=https:\/\/radiorevelacionfm.cl\/?p=41436' aria-hidden='false' data-av_icon='\uf232' data-av_iconfont='entypo-fontello' title='' data-avia-related-tooltip='Compartir en Whatsapp' rel=\"noopener\"><span class='avia_hidden_link_text'>Compartir en Whatsapp<\/span><\/a><\/li><li class='av-share-link av-social-link-linkedin' ><a target=\"_blank\" aria-label=\"Compartir en LinkedIn\" href='https:\/\/linkedin.com\/shareArticle?mini=true&#038;title=Ays%C3%A9n%20avanza%20hacia%20la%20descentralizaci%C3%B3n%20con%20lanzamiento%20del%20Comit%C3%A9%20de%20Desarrollo%20Productivo&#038;url=https:\/\/radiorevelacionfm.cl\/?p=41436' aria-hidden='false' data-av_icon='\ue8fc' data-av_iconfont='entypo-fontello' title='' data-avia-related-tooltip='Compartir en LinkedIn' rel=\"noopener\"><span class='avia_hidden_link_text'>Compartir en LinkedIn<\/span><\/a><\/li><li class='av-share-link av-social-link-mail' ><a  aria-label=\"Compartir por correo\" href='mailto:?subject=Ays%C3%A9n%20avanza%20hacia%20la%20descentralizaci%C3%B3n%20con%20lanzamiento%20del%20Comit%C3%A9%20de%20Desarrollo%20Productivo&#038;body=https:\/\/radiorevelacionfm.cl\/?p=41436' aria-hidden='false' data-av_icon='\ue805' data-av_iconfont='entypo-fontello' title='' data-avia-related-tooltip='Compartir por correo'><span class='avia_hidden_link_text'>Compartir por correo<\/span><\/a><\/li><\/ul><\/div><\/div>\n<div  style='height:50px' class='hr hr-invisible   avia-builder-el-8  el_after_av_social_share  el_before_av_comments_list '><span class='hr-inner ' ><span class='hr-inner-style'><\/span><\/span><\/div>\n<div  class='av-buildercomment  av-blog-meta-html-info-disabled av-blog-meta-tag-disabled  '><\/div>\n","protected":false},"excerpt":{"rendered":"","protected":false},"author":1,"featured_media":41437,"comment_status":"open","ping_status":"open","sticky":false,"template":"","format":"standard","meta":{"footnotes":""},"categories":[38],"tags":[],"class_list":["post-41436","post","type-post","status-publish","format-standard","has-post-thumbnail","hentry","category-regional"],"jetpack_featured_media_url":"https:\/\/radiorevelacionfm.cl\/wp-content\/uploads\/2024\/04\/01-cdpaysen-2_optimized-1_optimized-1.jpg","_links":{"self":[{"href":"https:\/\/radiorevelacionfm.cl\/index.php?rest_route=\/wp\/v2\/posts\/41436","targetHints":{"allow":["GET"]}}],"collection":[{"href":"https:\/\/radiorevelacionfm.cl\/index.php?rest_route=\/wp\/v2\/posts"}],"about":[{"href":"https:\/\/radiorevelacionfm.cl\/index.php?rest_route=\/wp\/v2\/types\/post"}],"author":[{"embeddable":true,"href":"https:\/\/radiorevelacionfm.cl\/index.php?rest_route=\/wp\/v2\/users\/1"}],"replies":[{"embeddable":true,"href":"https:\/\/radiorevelacionfm.cl\/index.php?rest_route=%2Fwp%2Fv2%2Fcomments&post=41436"}],"version-history":[{"count":1,"href":"https:\/\/radiorevelacionfm.cl\/index.php?rest_route=\/wp\/v2\/posts\/41436\/revisions"}],"predecessor-version":[{"id":41438,"href":"https:\/\/radiorevelacionfm.cl\/index.php?rest_route=\/wp\/v2\/posts\/41436\/revisions\/41438"}],"wp:featuredmedia":[{"embeddable":true,"href":"https:\/\/radiorevelacionfm.cl\/index.php?rest_route=\/wp\/v2\/media\/41437"}],"wp:attachment":[{"href":"https:\/\/radiorevelacionfm.cl\/index.php?rest_route=%2Fwp%2Fv2%2Fmedia&parent=41436"}],"wp:term":[{"taxonomy":"category","embeddable":true,"href":"https:\/\/radiorevelacionfm.cl\/index.php?rest_route=%2Fwp%2Fv2%2Fcategories&post=41436"},{"taxonomy":"post_tag","embeddable":true,"href":"https:\/\/radiorevelacionfm.cl\/index.php?rest_route=%2Fwp%2Fv2%2Ftags&post=41436"}],"curies":[{"name":"wp","href":"https:\/\/api.w.org\/{rel}","templated":true}]}}