{"id":41433,"date":"2024-04-18T16:34:38","date_gmt":"2024-04-18T19:34:38","guid":{"rendered":"https:\/\/radiorevelacionfm.cl\/?p=41433"},"modified":"2024-04-18T16:34:38","modified_gmt":"2024-04-18T19:34:38","slug":"punto-de-cultura-comunitaria-de-puerto-cisnes-rescata-la-historia-y-el-patrimonio-local","status":"publish","type":"post","link":"https:\/\/radiorevelacionfm.cl\/?p=41433","title":{"rendered":"Punto de Cultura Comunitaria de Puerto Cisnes rescata la historia y el patrimonio local"},"content":{"rendered":"<div class=\"flex_column av_one_full  flex_column_div av-zero-column-padding first  avia-builder-el-0  el_before_av_one_full  avia-builder-el-first  \" style='border-radius:0px; '><div  class='avia-image-container  av-styling-    avia-builder-el-1  avia-builder-el-no-sibling  avia-align-center '  itemprop=\"image\" itemscope=\"itemscope\" itemtype=\"https:\/\/schema.org\/ImageObject\"  ><div class='avia-image-container-inner'><div class='avia-image-overlay-wrap'><img decoding=\"async\" class='wp-image-41434 avia-img-lazy-loading-not-41434 avia_image' src=\"https:\/\/radiorevelacionfm.cl\/wp-content\/uploads\/2024\/04\/tour-patrimonial-cisnes4-1_optimized-1.jpg\" alt='' title='tour-patrimonial-cisnes4-(1)_optimized (1)' height=\"600\" width=\"899\"  itemprop=\"thumbnailUrl\" srcset=\"https:\/\/radiorevelacionfm.cl\/wp-content\/uploads\/2024\/04\/tour-patrimonial-cisnes4-1_optimized-1.jpg 899w, https:\/\/radiorevelacionfm.cl\/wp-content\/uploads\/2024\/04\/tour-patrimonial-cisnes4-1_optimized-1-300x200.jpg 300w, https:\/\/radiorevelacionfm.cl\/wp-content\/uploads\/2024\/04\/tour-patrimonial-cisnes4-1_optimized-1-768x513.jpg 768w, https:\/\/radiorevelacionfm.cl\/wp-content\/uploads\/2024\/04\/tour-patrimonial-cisnes4-1_optimized-1-705x471.jpg 705w, https:\/\/radiorevelacionfm.cl\/wp-content\/uploads\/2024\/04\/tour-patrimonial-cisnes4-1_optimized-1-450x300.jpg 450w, https:\/\/radiorevelacionfm.cl\/wp-content\/uploads\/2024\/04\/tour-patrimonial-cisnes4-1_optimized-1-600x400.jpg 600w\" sizes=\"(max-width: 899px) 100vw, 899px\" \/><\/div><\/div><\/div><\/div><div class=\"flex_column av_one_full  flex_column_div av-zero-column-padding first  avia-builder-el-2  el_after_av_one_full  el_before_av_one_full  column-top-margin\" style='border-radius:0px; '><section class=\"av_textblock_section \"  itemscope=\"itemscope\" itemtype=\"https:\/\/schema.org\/BlogPosting\" itemprop=\"blogPost\" ><div class='avia_textblock  '   itemprop=\"text\" ><p style=\"text-align: center;\"><span style=\"font-size: 18pt;\"><b>Punto de Cultura Comunitaria de Puerto Cisnes rescata la historia y el patrimonio local<\/b><\/span><\/p>\n<div id=\"gtx-trans\" style=\"position: absolute; left: -50px; top: 4.31534px;\">\n<div class=\"gtx-trans-icon\"><\/div>\n<\/div>\n<\/div><\/section><\/div><div class=\"flex_column av_one_full  flex_column_div av-zero-column-padding first  avia-builder-el-4  el_after_av_one_full  el_before_av_hr  column-top-margin\" style='border-radius:0px; '><section class=\"av_textblock_section \"  itemscope=\"itemscope\" itemtype=\"https:\/\/schema.org\/BlogPosting\" itemprop=\"blogPost\" ><div class='avia_textblock  '   itemprop=\"text\" ><p style=\"text-align: justify;\">25 ni\u00f1os y ni\u00f1as atentos, observando y apreciando los principales puntos tur\u00edstico-culturales de la ciudad de Puerto Cisnes. Para la profesora y gu\u00eda tur\u00edstica Marta Alegr\u00eda, es una forma muy pr\u00e1ctica para que estudiantes rescaten y valoren la identidad de su territorio. Convencida de esto, Marta va narrando qui\u00e9nes fueron los primeros y d\u00f3nde comenz\u00f3 el poblamiento de Cisnes.<\/p>\n<p style=\"text-align: justify;\">El proyecto comienza en el Punto de Cultura Comunitaria Agrupaci\u00f3n Arte y Mate, con el apoyo y seguimiento de la Seremi de Culturas Ays\u00e9n. Contempla varias etapas que derivan en distintos recorridos patrimoniales para diversos p\u00fablicos de la localidad.<\/p>\n<p style=\"text-align: justify;\">Esta vez fue el turno de estudiantes de segundo medio del Liceo de Puerto Cisnes, quienes escucharon atentos la rese\u00f1a de las distintas paradas del recorrido, hist\u00f3ricas propiedades que narran el patrimonio y la historia cisnense.<\/p>\n<p style=\"text-align: justify;\">Marta cuenta sobre la g\u00e9nesis del proyecto: \u201cUnos exalumnos m\u00edos me dijeron \u2018t\u00eda, qued\u00e9 en la universidad y no hallo la hora de irme de este pueblo\u2019. Esto me dej\u00f3 inquieta por lo poco que valoran los j\u00f3venes todo lo que se ha hecho, porque no conocen cu\u00e1nto ha costado. Al tiempo despu\u00e9s hicimos este proyecto. Quise hacer algo que beneficiara a la comunidad y se dio la oportunidad de hacer un curso de gu\u00eda, lo aprob\u00e9 y ese fue el inicio\u201d.<\/p>\n<p style=\"text-align: justify;\">Y ya llevan dos a\u00f1os recorriendo la localidad con recorridos tur\u00edstico-patrimoniales para distintos p\u00fablicos: turistas, vecinos y estudiantes.<\/p>\n<p style=\"text-align: justify;\">El estudiante Israel Ancamil volvi\u00f3 contento del paseo porque \u201cse aprenden bastantes cosas que uno no sabe del pueblo. Uno pasa todos los d\u00edas por esas casas y no cacha bien, pero ahora gracias al tour uno se informa m\u00e1s sobre eso\u201d. A su compa\u00f1era Catalina S\u00e1nchez le pareci\u00f3 \u201centretenido, ya que ahora podemos ver lugares de forma diferente a c\u00f3mo los ve\u00edamos antes porque conocemos su historia\u201d.<\/p>\n<p style=\"text-align: justify;\">El seremi de Culturas Ays\u00e9n, Felipe Quiroz, dice que \u201cesta es una muestra de c\u00f3mo las buenas ideas se potencian al recibir el apoyo adecuado. En este caso, que la comunidad de Cisnes cuente con un Punto de Cultura que pone en valor el patrimonio local y la historia de sus or\u00edgenes es, sin duda, un importante testimonio para sus habitantes y una forma de rescate que la comunidad valora\u201d.<\/p>\n<p style=\"text-align: justify;\">La gestora cultural de Arte y Mate, Antonieta Inostroza, recuerda que al inicio \u201cvimos que la actividad tur\u00edstico-cultural sali\u00f3 totalmente fortalecida. Cuando partimos, empezamos a visitar cada una de las casas porque me parec\u00eda que el recorrido pod\u00eda reconstruir mucho mejor la historia y as\u00ed la gente ten\u00eda una imagen de lo que est\u00e1bamos contando. Result\u00f3 y no hemos parado desde entonces\u201d.<\/p>\n<p style=\"text-align: justify;\">Marta Alegr\u00eda termina el recorrido, los estudiantes descienden del bus y ella reflexiona: \u201cMe encanta porque es una forma de devolver todo lo que este pueblo hizo por mi familia; me dio un lugar donde criar en paz y un trabajo tambi\u00e9n para criar a mi familia\u201d.<\/p>\n<p style=\"text-align: justify;\">El Punto de Cultura Comunitaria Arte y Mate de Puerto Cisnes se sumar\u00e1 a las celebraciones del D\u00eda de los Patrimonios, este 25 y 26 de mayo.<\/p>\n<\/div><\/section><\/div><div  style='height:50px' class='hr hr-invisible   avia-builder-el-6  el_after_av_one_full  el_before_av_social_share '><span class='hr-inner ' ><span class='hr-inner-style'><\/span><\/span><\/div><\/p>\n<div  class='av-social-sharing-box  avia-builder-el-7  el_after_av_hr  el_before_av_hr  '><div class='av-share-box'><h5 class='av-share-link-description av-no-toc '>Compartir esta noticia<\/h5><ul class='av-share-box-list noLightbox'><li class='av-share-link av-social-link-facebook' ><a target=\"_blank\" aria-label=\"Compartir en Facebook\" href='https:\/\/www.facebook.com\/sharer.php?u=https:\/\/radiorevelacionfm.cl\/?p=41433&#038;t=Punto%20de%20Cultura%20Comunitaria%20de%20Puerto%20Cisnes%20rescata%20la%20historia%20y%20el%20patrimonio%20local' aria-hidden='false' data-av_icon='\ue8f3' data-av_iconfont='entypo-fontello' title='' data-avia-related-tooltip='Compartir en Facebook' rel=\"noopener\"><span class='avia_hidden_link_text'>Compartir en Facebook<\/span><\/a><\/li><li class='av-share-link av-social-link-twitter' ><a target=\"_blank\" aria-label=\"Compartir en Twitter\" href='https:\/\/twitter.com\/share?text=Punto%20de%20Cultura%20Comunitaria%20de%20Puerto%20Cisnes%20rescata%20la%20historia%20y%20el%20patrimonio%20local&#038;url=https:\/\/radiorevelacionfm.cl\/?p=41433' aria-hidden='false' data-av_icon='\ue8f1' data-av_iconfont='entypo-fontello' title='' data-avia-related-tooltip='Compartir en Twitter' rel=\"noopener\"><span class='avia_hidden_link_text'>Compartir en Twitter<\/span><\/a><\/li><li class='av-share-link av-social-link-whatsapp' ><a target=\"_blank\" aria-label=\"Compartir en Whatsapp\" href='https:\/\/api.whatsapp.com\/send?text=https:\/\/radiorevelacionfm.cl\/?p=41433' aria-hidden='false' data-av_icon='\uf232' data-av_iconfont='entypo-fontello' title='' data-avia-related-tooltip='Compartir en Whatsapp' rel=\"noopener\"><span class='avia_hidden_link_text'>Compartir en Whatsapp<\/span><\/a><\/li><li class='av-share-link av-social-link-linkedin' ><a target=\"_blank\" aria-label=\"Compartir en LinkedIn\" href='https:\/\/linkedin.com\/shareArticle?mini=true&#038;title=Punto%20de%20Cultura%20Comunitaria%20de%20Puerto%20Cisnes%20rescata%20la%20historia%20y%20el%20patrimonio%20local&#038;url=https:\/\/radiorevelacionfm.cl\/?p=41433' aria-hidden='false' data-av_icon='\ue8fc' data-av_iconfont='entypo-fontello' title='' data-avia-related-tooltip='Compartir en LinkedIn' rel=\"noopener\"><span class='avia_hidden_link_text'>Compartir en LinkedIn<\/span><\/a><\/li><li class='av-share-link av-social-link-mail' ><a  aria-label=\"Compartir por correo\" href='mailto:?subject=Punto%20de%20Cultura%20Comunitaria%20de%20Puerto%20Cisnes%20rescata%20la%20historia%20y%20el%20patrimonio%20local&#038;body=https:\/\/radiorevelacionfm.cl\/?p=41433' aria-hidden='false' data-av_icon='\ue805' data-av_iconfont='entypo-fontello' title='' data-avia-related-tooltip='Compartir por correo'><span class='avia_hidden_link_text'>Compartir por correo<\/span><\/a><\/li><\/ul><\/div><\/div>\n<div  style='height:50px' class='hr hr-invisible   avia-builder-el-8  el_after_av_social_share  el_before_av_comments_list '><span class='hr-inner ' ><span class='hr-inner-style'><\/span><\/span><\/div>\n<div  class='av-buildercomment  av-blog-meta-html-info-disabled av-blog-meta-tag-disabled  '><\/div>\n","protected":false},"excerpt":{"rendered":"","protected":false},"author":1,"featured_media":41434,"comment_status":"open","ping_status":"open","sticky":false,"template":"","format":"standard","meta":{"footnotes":""},"categories":[52],"tags":[],"class_list":["post-41433","post","type-post","status-publish","format-standard","has-post-thumbnail","hentry","category-cultura"],"jetpack_featured_media_url":"https:\/\/radiorevelacionfm.cl\/wp-content\/uploads\/2024\/04\/tour-patrimonial-cisnes4-1_optimized-1.jpg","_links":{"self":[{"href":"https:\/\/radiorevelacionfm.cl\/index.php?rest_route=\/wp\/v2\/posts\/41433","targetHints":{"allow":["GET"]}}],"collection":[{"href":"https:\/\/radiorevelacionfm.cl\/index.php?rest_route=\/wp\/v2\/posts"}],"about":[{"href":"https:\/\/radiorevelacionfm.cl\/index.php?rest_route=\/wp\/v2\/types\/post"}],"author":[{"embeddable":true,"href":"https:\/\/radiorevelacionfm.cl\/index.php?rest_route=\/wp\/v2\/users\/1"}],"replies":[{"embeddable":true,"href":"https:\/\/radiorevelacionfm.cl\/index.php?rest_route=%2Fwp%2Fv2%2Fcomments&post=41433"}],"version-history":[{"count":1,"href":"https:\/\/radiorevelacionfm.cl\/index.php?rest_route=\/wp\/v2\/posts\/41433\/revisions"}],"predecessor-version":[{"id":41435,"href":"https:\/\/radiorevelacionfm.cl\/index.php?rest_route=\/wp\/v2\/posts\/41433\/revisions\/41435"}],"wp:featuredmedia":[{"embeddable":true,"href":"https:\/\/radiorevelacionfm.cl\/index.php?rest_route=\/wp\/v2\/media\/41434"}],"wp:attachment":[{"href":"https:\/\/radiorevelacionfm.cl\/index.php?rest_route=%2Fwp%2Fv2%2Fmedia&parent=41433"}],"wp:term":[{"taxonomy":"category","embeddable":true,"href":"https:\/\/radiorevelacionfm.cl\/index.php?rest_route=%2Fwp%2Fv2%2Fcategories&post=41433"},{"taxonomy":"post_tag","embeddable":true,"href":"https:\/\/radiorevelacionfm.cl\/index.php?rest_route=%2Fwp%2Fv2%2Ftags&post=41433"}],"curies":[{"name":"wp","href":"https:\/\/api.w.org\/{rel}","templated":true}]}}