{"id":41430,"date":"2024-04-19T16:57:56","date_gmt":"2024-04-19T19:57:56","guid":{"rendered":"https:\/\/radiorevelacionfm.cl\/?p=41430"},"modified":"2024-04-19T16:57:56","modified_gmt":"2024-04-19T19:57:56","slug":"abril-lecturas-mil-ocho-recomendaciones-de-fundacion-integra-para-acercar-los-libros-a-las-ninas-y-ninos","status":"publish","type":"post","link":"https:\/\/radiorevelacionfm.cl\/?p=41430","title":{"rendered":"Abril lecturas mil: ocho recomendaciones de Fundaci\u00f3n Integra para acercar los libros a las ni\u00f1as y ni\u00f1os"},"content":{"rendered":"<div class=\"flex_column av_one_full  flex_column_div av-zero-column-padding first  avia-builder-el-0  el_before_av_one_full  avia-builder-el-first  \" style='border-radius:0px; '><div  class='avia-image-container  av-styling-    avia-builder-el-1  avia-builder-el-no-sibling  avia-align-center '  itemprop=\"image\" itemscope=\"itemscope\" itemtype=\"https:\/\/schema.org\/ImageObject\"  ><div class='avia-image-container-inner'><div class='avia-image-overlay-wrap'><img decoding=\"async\" class='wp-image-41431 avia-img-lazy-loading-not-41431 avia_image' src=\"https:\/\/radiorevelacionfm.cl\/wp-content\/uploads\/2024\/04\/consejos_libros_ninas_ninos_1-1_optimized.jpg\" alt='' title='consejos_libros_ni\u00f1as_ni\u00f1os_1-(1)_optimized' height=\"600\" width=\"900\"  itemprop=\"thumbnailUrl\" srcset=\"https:\/\/radiorevelacionfm.cl\/wp-content\/uploads\/2024\/04\/consejos_libros_ninas_ninos_1-1_optimized.jpg 900w, https:\/\/radiorevelacionfm.cl\/wp-content\/uploads\/2024\/04\/consejos_libros_ninas_ninos_1-1_optimized-300x200.jpg 300w, https:\/\/radiorevelacionfm.cl\/wp-content\/uploads\/2024\/04\/consejos_libros_ninas_ninos_1-1_optimized-768x512.jpg 768w, https:\/\/radiorevelacionfm.cl\/wp-content\/uploads\/2024\/04\/consejos_libros_ninas_ninos_1-1_optimized-705x470.jpg 705w, https:\/\/radiorevelacionfm.cl\/wp-content\/uploads\/2024\/04\/consejos_libros_ninas_ninos_1-1_optimized-450x300.jpg 450w, https:\/\/radiorevelacionfm.cl\/wp-content\/uploads\/2024\/04\/consejos_libros_ninas_ninos_1-1_optimized-600x400.jpg 600w\" sizes=\"(max-width: 900px) 100vw, 900px\" \/><\/div><\/div><\/div><\/div><div class=\"flex_column av_one_full  flex_column_div av-zero-column-padding first  avia-builder-el-2  el_after_av_one_full  el_before_av_one_full  column-top-margin\" style='border-radius:0px; '><section class=\"av_textblock_section \"  itemscope=\"itemscope\" itemtype=\"https:\/\/schema.org\/BlogPosting\" itemprop=\"blogPost\" ><div class='avia_textblock  '   itemprop=\"text\" ><p style=\"text-align: center;\"><span style=\"font-size: 18pt;\"><b><span lang=\"ES\">Abril lecturas mil: ocho recomendaciones de Fundaci\u00f3n Integra para acercar los libros a las ni\u00f1as y ni\u00f1os<\/span><\/b><\/span><\/p>\n<div id=\"gtx-trans\" style=\"position: absolute; left: -50px; top: 4.31534px;\">\n<div class=\"gtx-trans-icon\"><\/div>\n<\/div>\n<\/div><\/section><\/div><div class=\"flex_column av_one_full  flex_column_div av-zero-column-padding first  avia-builder-el-4  el_after_av_one_full  el_before_av_hr  column-top-margin\" style='border-radius:0px; '><section class=\"av_textblock_section \"  itemscope=\"itemscope\" itemtype=\"https:\/\/schema.org\/BlogPosting\" itemprop=\"blogPost\" ><div class='avia_textblock  '   itemprop=\"text\" ><p style=\"font-weight: 400; text-align: justify;\"><em>La lectura es una actividad que favorece la participaci\u00f3n, ayudando adem\u00e1s a construir tanto la individualidad como la sociabilidad. Por ello, es clave que las familias sigan una serie de recomendaciones para iniciar de forma exitosa a las ni\u00f1as y ni\u00f1os en este \u00e1mbito.<\/em><\/p>\n<p style=\"font-weight: 400; text-align: justify;\">La lectura es una actividad fundamental en el desarrollo de ni\u00f1as y ni\u00f1os, ya que estimula su imaginaci\u00f3n y creatividad, adem\u00e1s del aprendizaje y conocimiento del lenguaje. Tambi\u00e9n representa un factor clave en el desarrollo de los procesos que les permiten expresar ideas y generar un pensamiento cr\u00edtico. Desde esta perspectiva, la lectura \u2013y los libros\u2013 son una fuente de recreaci\u00f3n que tambi\u00e9n ayuda a generar una identidad.<\/p>\n<p style=\"font-weight: 400; text-align: justify;\">El acceso a t\u00edtulos variados y aptos para su edad, literarios y no literarios, permite a ni\u00f1as y ni\u00f1os familiarizarse con los libros. Les ense\u00f1a que pueden encontrar diversi\u00f3n, informaci\u00f3n y respuestas a problemas espec\u00edficos. Junto a ello, un acercamiento a la lectura en familia y en los recintos educacionales, comenzando en el jard\u00edn infantil, ha sido identificada como la estrategia m\u00e1s efectiva para promover el desarrollo del lenguaje oral y escrito.<\/p>\n<p style=\"font-weight: 400; text-align: justify;\">Desde Fundaci\u00f3n Integra resaltan que, para una actitud positiva hacia la lectura por parte de ni\u00f1as y ni\u00f1os, debe existir un v\u00ednculo afectivo con las adultas y adultos con quienes comparten esta pr\u00e1ctica. Son las y los llamados a entregar datos adicionales, hacer preguntas y estimular a que ni\u00f1as y ni\u00f1os describan y den explicaciones cada vez m\u00e1s complejas respecto a los textos. En suma, deben incentivar la participaci\u00f3n en la pr\u00e1ctica de la lectura de forma activa y atenta.<\/p>\n<p style=\"font-weight: 400; text-align: justify;\">Si bien es clave que la lectura sea una experiencia compartida con las ni\u00f1as y ni\u00f1os, hay una serie de pr\u00e1cticas o recomendaciones que no se deben olvidar para que este proceso se realice de forma arm\u00f3nica y exitosa:<\/p>\n<ul style=\"text-align: justify;\">\n<li style=\"font-weight: 400;\">Busque un momento tranquilo y sin interrupciones para la lectura<\/li>\n<li style=\"font-weight: 400;\">Lea el texto elegido antes de presentarlo a las ni\u00f1as y ni\u00f1os<\/li>\n<li style=\"font-weight: 400;\">Identifique las caracter\u00edsticas de los personajes<\/li>\n<li style=\"font-weight: 400;\">Muestre a ni\u00f1as y ni\u00f1os el libro, leyendo con naturalidad y sin exageraciones<\/li>\n<li style=\"font-weight: 400;\">Tras la lectura, realice preguntas que inviten a reflexionar sobre el texto<\/li>\n<li style=\"font-weight: 400;\">Observe las ilustraciones e identifique sus caracter\u00edsticas, lo que transmiten y c\u00f3mo se relacionan con el contenido del libro<\/li>\n<li style=\"font-weight: 400;\">Gu\u00ede a ni\u00f1as y ni\u00f1os peque\u00f1os para que observen las ilustraciones y toquen el libro para percibir su textura<\/li>\n<li style=\"font-weight: 400;\">Invite a que ni\u00f1as y ni\u00f1os lean a diario y d\u00e9 el ejemplo, ya que aprenden de las y los adultos.<\/li>\n<\/ul>\n<p style=\"font-weight: 400; text-align: justify;\">En el contexto del Mes del Libro, el Ministerio de las Culturas, las Artes y el Patrimonio, a trav\u00e9s del Plan Nacional de la Lectura \u2013instancia que convoca a diversas entidades, entre ellas Fundaci\u00f3n Integra\u2013, invita a construir de forma colaborativa una Antolog\u00eda Ciudadana de las Lecturas para las Infancias y Adolescencias.<\/p>\n<p style=\"font-weight: 400; text-align: justify;\">Las familias del pa\u00eds deben ingresar a este enlace\u00a0<a href=\"https:\/\/forms.gle\/EhurjcGBeiz4Bxkd7\" data-saferedirecturl=\"https:\/\/www.google.com\/url?q=https:\/\/forms.gle\/EhurjcGBeiz4Bxkd7&amp;source=gmail&amp;ust=1713549212366000&amp;usg=AOvVaw0d6rTr5q3r6xlp-wT6N7pl\">https:\/\/forms.gle\/EhurjcGBeiz4Bxkd7<\/a>\u00a0hasta el pr\u00f3ximo 30 de abril y mencionar un libro que les sea significativo. M\u00e1s informaci\u00f3n sobre esta y otras iniciativas vinculadas a la difusi\u00f3n de la lectura, est\u00e1n disponibles en el sitio web del Plan Nacional de la Lectura\u00a0<a href=\"https:\/\/plandelectura.cultura.gob.cl\/\" data-saferedirecturl=\"https:\/\/www.google.com\/url?q=https:\/\/plandelectura.cultura.gob.cl\/&amp;source=gmail&amp;ust=1713549212366000&amp;usg=AOvVaw0mOUKVWTQTQtp8YFXLDZV_\">https:\/\/plandelectura.cultura.gob.cl\/<\/a>.<\/p>\n<\/div><\/section><\/div><div  style='height:50px' class='hr hr-invisible   avia-builder-el-6  el_after_av_one_full  el_before_av_social_share '><span class='hr-inner ' ><span class='hr-inner-style'><\/span><\/span><\/div><\/p>\n<div  class='av-social-sharing-box  avia-builder-el-7  el_after_av_hr  el_before_av_hr  '><div class='av-share-box'><h5 class='av-share-link-description av-no-toc '>Compartir esta noticia<\/h5><ul class='av-share-box-list noLightbox'><li class='av-share-link av-social-link-facebook' ><a target=\"_blank\" aria-label=\"Compartir en Facebook\" href='https:\/\/www.facebook.com\/sharer.php?u=https:\/\/radiorevelacionfm.cl\/?p=41430&#038;t=Abril%20lecturas%20mil%3A%20ocho%20recomendaciones%20de%20Fundaci%C3%B3n%20Integra%20para%20acercar%20los%20libros%20a%20las%20ni%C3%B1as%20y%20ni%C3%B1os' aria-hidden='false' data-av_icon='\ue8f3' data-av_iconfont='entypo-fontello' title='' data-avia-related-tooltip='Compartir en Facebook' rel=\"noopener\"><span class='avia_hidden_link_text'>Compartir en Facebook<\/span><\/a><\/li><li class='av-share-link av-social-link-twitter' ><a target=\"_blank\" aria-label=\"Compartir en Twitter\" href='https:\/\/twitter.com\/share?text=Abril%20lecturas%20mil%3A%20ocho%20recomendaciones%20de%20Fundaci%C3%B3n%20Integra%20para%20acercar%20los%20libros%20a%20las%20ni%C3%B1as%20y%20ni%C3%B1os&#038;url=https:\/\/radiorevelacionfm.cl\/?p=41430' aria-hidden='false' data-av_icon='\ue8f1' data-av_iconfont='entypo-fontello' title='' data-avia-related-tooltip='Compartir en Twitter' rel=\"noopener\"><span class='avia_hidden_link_text'>Compartir en Twitter<\/span><\/a><\/li><li class='av-share-link av-social-link-whatsapp' ><a target=\"_blank\" aria-label=\"Compartir en Whatsapp\" href='https:\/\/api.whatsapp.com\/send?text=https:\/\/radiorevelacionfm.cl\/?p=41430' aria-hidden='false' data-av_icon='\uf232' data-av_iconfont='entypo-fontello' title='' data-avia-related-tooltip='Compartir en Whatsapp' rel=\"noopener\"><span class='avia_hidden_link_text'>Compartir en Whatsapp<\/span><\/a><\/li><li class='av-share-link av-social-link-linkedin' ><a target=\"_blank\" aria-label=\"Compartir en LinkedIn\" href='https:\/\/linkedin.com\/shareArticle?mini=true&#038;title=Abril%20lecturas%20mil%3A%20ocho%20recomendaciones%20de%20Fundaci%C3%B3n%20Integra%20para%20acercar%20los%20libros%20a%20las%20ni%C3%B1as%20y%20ni%C3%B1os&#038;url=https:\/\/radiorevelacionfm.cl\/?p=41430' aria-hidden='false' data-av_icon='\ue8fc' data-av_iconfont='entypo-fontello' title='' data-avia-related-tooltip='Compartir en LinkedIn' rel=\"noopener\"><span class='avia_hidden_link_text'>Compartir en LinkedIn<\/span><\/a><\/li><li class='av-share-link av-social-link-mail' ><a  aria-label=\"Compartir por correo\" href='mailto:?subject=Abril%20lecturas%20mil%3A%20ocho%20recomendaciones%20de%20Fundaci%C3%B3n%20Integra%20para%20acercar%20los%20libros%20a%20las%20ni%C3%B1as%20y%20ni%C3%B1os&#038;body=https:\/\/radiorevelacionfm.cl\/?p=41430' aria-hidden='false' data-av_icon='\ue805' data-av_iconfont='entypo-fontello' title='' data-avia-related-tooltip='Compartir por correo'><span class='avia_hidden_link_text'>Compartir por correo<\/span><\/a><\/li><\/ul><\/div><\/div>\n<div  style='height:50px' class='hr hr-invisible   avia-builder-el-8  el_after_av_social_share  el_before_av_comments_list '><span class='hr-inner ' ><span class='hr-inner-style'><\/span><\/span><\/div>\n<div  class='av-buildercomment  av-blog-meta-html-info-disabled av-blog-meta-tag-disabled  '><\/div>\n","protected":false},"excerpt":{"rendered":"","protected":false},"author":1,"featured_media":41431,"comment_status":"open","ping_status":"open","sticky":false,"template":"","format":"standard","meta":{"footnotes":""},"categories":[49],"tags":[],"class_list":["post-41430","post","type-post","status-publish","format-standard","has-post-thumbnail","hentry","category-educacion"],"jetpack_featured_media_url":"https:\/\/radiorevelacionfm.cl\/wp-content\/uploads\/2024\/04\/consejos_libros_ninas_ninos_1-1_optimized.jpg","_links":{"self":[{"href":"https:\/\/radiorevelacionfm.cl\/index.php?rest_route=\/wp\/v2\/posts\/41430","targetHints":{"allow":["GET"]}}],"collection":[{"href":"https:\/\/radiorevelacionfm.cl\/index.php?rest_route=\/wp\/v2\/posts"}],"about":[{"href":"https:\/\/radiorevelacionfm.cl\/index.php?rest_route=\/wp\/v2\/types\/post"}],"author":[{"embeddable":true,"href":"https:\/\/radiorevelacionfm.cl\/index.php?rest_route=\/wp\/v2\/users\/1"}],"replies":[{"embeddable":true,"href":"https:\/\/radiorevelacionfm.cl\/index.php?rest_route=%2Fwp%2Fv2%2Fcomments&post=41430"}],"version-history":[{"count":1,"href":"https:\/\/radiorevelacionfm.cl\/index.php?rest_route=\/wp\/v2\/posts\/41430\/revisions"}],"predecessor-version":[{"id":41432,"href":"https:\/\/radiorevelacionfm.cl\/index.php?rest_route=\/wp\/v2\/posts\/41430\/revisions\/41432"}],"wp:featuredmedia":[{"embeddable":true,"href":"https:\/\/radiorevelacionfm.cl\/index.php?rest_route=\/wp\/v2\/media\/41431"}],"wp:attachment":[{"href":"https:\/\/radiorevelacionfm.cl\/index.php?rest_route=%2Fwp%2Fv2%2Fmedia&parent=41430"}],"wp:term":[{"taxonomy":"category","embeddable":true,"href":"https:\/\/radiorevelacionfm.cl\/index.php?rest_route=%2Fwp%2Fv2%2Fcategories&post=41430"},{"taxonomy":"post_tag","embeddable":true,"href":"https:\/\/radiorevelacionfm.cl\/index.php?rest_route=%2Fwp%2Fv2%2Ftags&post=41430"}],"curies":[{"name":"wp","href":"https:\/\/api.w.org\/{rel}","templated":true}]}}