{"id":41428,"date":"2024-04-18T14:27:51","date_gmt":"2024-04-18T17:27:51","guid":{"rendered":"https:\/\/radiorevelacionfm.cl\/?p=41428"},"modified":"2024-04-18T14:27:51","modified_gmt":"2024-04-18T17:27:51","slug":"corte-de-apelaciones-de-coyhaique-confirma-condena-por-robo-con-fuerza-en-lugar-no-habitado","status":"publish","type":"post","link":"https:\/\/radiorevelacionfm.cl\/?p=41428","title":{"rendered":"Corte de Apelaciones de Coyhaique confirma condena por robo con fuerza en lugar no habitado"},"content":{"rendered":"<div class=\"flex_column av_one_full  flex_column_div av-zero-column-padding first  avia-builder-el-0  el_before_av_one_full  avia-builder-el-first  \" style='border-radius:0px; '><div  class='avia-image-container  av-styling-    avia-builder-el-1  avia-builder-el-no-sibling  avia-align-center '  itemprop=\"image\" itemscope=\"itemscope\" itemtype=\"https:\/\/schema.org\/ImageObject\"  ><div class='avia-image-container-inner'><div class='avia-image-overlay-wrap'><img decoding=\"async\" class='wp-image-39017 avia-img-lazy-loading-not-39017 avia_image' src=\"https:\/\/radiorevelacionfm.cl\/wp-content\/uploads\/2024\/01\/corte1-2_optimized-1.jpg\" alt='' title='corte1-(2)_optimized (1)' height=\"600\" width=\"1082\"  itemprop=\"thumbnailUrl\" srcset=\"https:\/\/radiorevelacionfm.cl\/wp-content\/uploads\/2024\/01\/corte1-2_optimized-1.jpg 1082w, https:\/\/radiorevelacionfm.cl\/wp-content\/uploads\/2024\/01\/corte1-2_optimized-1-300x166.jpg 300w, https:\/\/radiorevelacionfm.cl\/wp-content\/uploads\/2024\/01\/corte1-2_optimized-1-1030x571.jpg 1030w, https:\/\/radiorevelacionfm.cl\/wp-content\/uploads\/2024\/01\/corte1-2_optimized-1-768x426.jpg 768w, https:\/\/radiorevelacionfm.cl\/wp-content\/uploads\/2024\/01\/corte1-2_optimized-1-705x391.jpg 705w, https:\/\/radiorevelacionfm.cl\/wp-content\/uploads\/2024\/01\/corte1-2_optimized-1-450x250.jpg 450w, https:\/\/radiorevelacionfm.cl\/wp-content\/uploads\/2024\/01\/corte1-2_optimized-1-600x333.jpg 600w\" sizes=\"(max-width: 1082px) 100vw, 1082px\" \/><\/div><\/div><\/div><\/div><div class=\"flex_column av_one_full  flex_column_div av-zero-column-padding first  avia-builder-el-2  el_after_av_one_full  el_before_av_one_full  column-top-margin\" style='border-radius:0px; '><section class=\"av_textblock_section \"  itemscope=\"itemscope\" itemtype=\"https:\/\/schema.org\/BlogPosting\" itemprop=\"blogPost\" ><div class='avia_textblock  '   itemprop=\"text\" ><p style=\"text-align: center;\"><span style=\"font-size: 18pt;\"><b>Corte de Apelaciones de Coyhaique confirma condena por robo con fuerza en lugar no habitado<\/b><\/span><\/p>\n<div id=\"gtx-trans\" style=\"position: absolute; left: -50px; top: 4.31534px;\">\n<div class=\"gtx-trans-icon\"><\/div>\n<\/div>\n<\/div><\/section><\/div><div class=\"flex_column av_one_full  flex_column_div av-zero-column-padding first  avia-builder-el-4  el_after_av_one_full  el_before_av_hr  column-top-margin\" style='border-radius:0px; '><section class=\"av_textblock_section \"  itemscope=\"itemscope\" itemtype=\"https:\/\/schema.org\/BlogPosting\" itemprop=\"blogPost\" ><div class='avia_textblock  '   itemprop=\"text\" ><p class=\"v1MsoNormal\" style=\"text-align: justify;\">La Corte de Apelaciones de Coyhaique rechaz\u00f3 el recurso de nulidad interpuesto por la defensa en contra de la sentencia que conden\u00f3 a Leandro Favian Zapata Vargas a la pena de 3 a\u00f1os de presidio efectivo, m\u00e1s la accesoria de suspensi\u00f3n de cargo u oficio p\u00fablico durante el tiempo de la condena, en calidad de autor del delito consumado de robo con fuerza en lugar no habitado. Il\u00edcito perpetrado en abril del a\u00f1o pasado, en la comuna.<\/p>\n<p class=\"v1MsoNormal\" style=\"text-align: justify;\">En fallo un\u00e1nime (causa rol 82-2024), la Primera Sala del tribunal de alzada \u2013integrada por los ministros Pedro Castro, Jos\u00e9 Ignacio Mora y Natalia Rencoret\u2013 descart\u00f3 infracci\u00f3n de ley en la sentencia recurrida, pronunciada por el Tribunal de Juicio Oral en lo Penal de Coyhaique.<\/p>\n<p class=\"v1MsoNormal\" style=\"text-align: justify;\">\u00abQue, en este sentido, no puede dejar de tenerse presente que el reconocimiento, o no, de una determinada circunstancia modificatoria de responsabilidad, que para el caso que se conoce, corresponde a la calificaci\u00f3n de la atenuante del n\u00famero 7 del art\u00edculo 11 del C\u00f3digo Penal, en beneficio del acusado, es una actividad propia y exclusiva de ponderaci\u00f3n que efect\u00faan los Jueces del Tribunal de Juicio Oral en lo Penal, quienes conocieron y valoraron las pruebas rendidas en juicio, de modo que se trata de un ejercicio intelectivo de apreciaci\u00f3n aplicada sobre el material f\u00e1ctico, aspecto este del todo ajeno a la competencia de esta sede revisora de validez. En consecuencia, negar lugar a la aplicaci\u00f3n de una circunstancia atenuante de responsabilidad penal no puede configurar una infracci\u00f3n de derecho como denuncia el recurso, sino simplemente corresponde a un desacuerdo con las conclusiones a las que se arrib\u00f3, lo que escapa m\u00e1s all\u00e1 de la apreciaci\u00f3n de los intervinientes, cuesti\u00f3n que es propia de un recurso de apelaci\u00f3n y no de un recurso de nulidad como el que se conoce, por lo que esta Corte estima que los sentenciadores no incurrieron en el error alegado, pues al rechazar la aplicaci\u00f3n de la atenuante procedieron conforme a derecho\u00bb, sostiene el fallo.<\/p>\n<p class=\"v1MsoNormal\" style=\"text-align: justify;\">La resoluci\u00f3n agrega que: \u00ab(&#8230;) este Tribunal de Alzada estima que no se ha incurrido en yerro alguno al rechazar la aplicaci\u00f3n de la atenuante consagrada en el art\u00edculo 11 N\u00b07 del C\u00f3digo Penal, de acuerdo a lo antes razonado y, por consiguiente, no se puede considerar la entidad de esta minorante para determinar la cuant\u00eda de la pena, en su &#8216;m\u00ednima expresi\u00f3n&#8217;, como lo propone el recurrente, no advirti\u00e9ndose un error de derecho en la aplicaci\u00f3n de los art\u00edculos 68 y 69 del C\u00f3digo punitivo, habida consideraci\u00f3n que ninguna influencia en lo dispositivo del fallo puede tener esta supuesta omisi\u00f3n, por cuanto la pena contemplada para el delito de robo en lugar no habitado se compone de dos grados que parten con 541 d\u00edas hasta los 5 a\u00f1os de presidio menor en su grado medio a presidio menor en su grado m\u00e1ximo y trat\u00e1ndose en la especie de un encausado reincidente ha de compensarse esta agravante con la minorante de colaboraci\u00f3n sustancial, por tanto, de aplicarse la atenuante contemplada del art\u00edculo 11 N\u00b0 7, la pena asignada es la de presidio menor en su grado medio, por ende, la pena a aplicar se extiende de 541 d\u00edas a 3 a\u00f1os, siendo precisamente esta \u00faltima la impuesta por los sentenciadores al condenado, es decir, si el tribunal hubiese considerado la circunstancia atenuante alegada, igualmente podr\u00eda haber impuesto la misma magnitud de pena\u00bb.<\/p>\n<p class=\"v1MsoNormal\" style=\"text-align: justify;\">Por tanto, se resuelve que: \u00ab<b>SE RECHAZA<\/b>, sin costas, el recurso de nulidad planteado por la defensa, en representaci\u00f3n del imputado Leandro Favian Zapata Vargas, por la causal que aleg\u00f3, en contra de la sentencia definitiva, de 19 de febrero de 2024, dictada por los Jueces del Tribunal de Juicio Oral en lo Penal de Coyhaique y que conden\u00f3 al acusado a sufrir la pena de 3 a\u00f1os de presidio menor en su grado medio, m\u00e1s la accesoria de suspensi\u00f3n de cargo u oficio p\u00fablico durante el tiempo de la condena, como autor del delito de robo con fuerza en lugar no habitado, previsto y sancionado en los art\u00edculos 432 y 442 N 1 del C\u00f3digo Penal; decidi\u00e9ndose, en consecuencia, que \u00e9sta no es nula\u00bb.<\/p>\n<\/div><\/section><\/div><div  style='height:50px' class='hr hr-invisible   avia-builder-el-6  el_after_av_one_full  el_before_av_social_share '><span class='hr-inner ' ><span class='hr-inner-style'><\/span><\/span><\/div><\/p>\n<div  class='av-social-sharing-box  avia-builder-el-7  el_after_av_hr  el_before_av_hr  '><div class='av-share-box'><h5 class='av-share-link-description av-no-toc '>Compartir esta noticia<\/h5><ul class='av-share-box-list noLightbox'><li class='av-share-link av-social-link-facebook' ><a target=\"_blank\" aria-label=\"Compartir en Facebook\" href='https:\/\/www.facebook.com\/sharer.php?u=https:\/\/radiorevelacionfm.cl\/?p=41428&#038;t=Corte%20de%20Apelaciones%20de%20Coyhaique%20confirma%20condena%20por%20robo%20con%20fuerza%20en%20lugar%20no%20habitado' aria-hidden='false' data-av_icon='\ue8f3' data-av_iconfont='entypo-fontello' title='' data-avia-related-tooltip='Compartir en Facebook' rel=\"noopener\"><span class='avia_hidden_link_text'>Compartir en Facebook<\/span><\/a><\/li><li class='av-share-link av-social-link-twitter' ><a target=\"_blank\" aria-label=\"Compartir en Twitter\" href='https:\/\/twitter.com\/share?text=Corte%20de%20Apelaciones%20de%20Coyhaique%20confirma%20condena%20por%20robo%20con%20fuerza%20en%20lugar%20no%20habitado&#038;url=https:\/\/radiorevelacionfm.cl\/?p=41428' aria-hidden='false' data-av_icon='\ue8f1' data-av_iconfont='entypo-fontello' title='' data-avia-related-tooltip='Compartir en Twitter' rel=\"noopener\"><span class='avia_hidden_link_text'>Compartir en Twitter<\/span><\/a><\/li><li class='av-share-link av-social-link-whatsapp' ><a target=\"_blank\" aria-label=\"Compartir en Whatsapp\" href='https:\/\/api.whatsapp.com\/send?text=https:\/\/radiorevelacionfm.cl\/?p=41428' aria-hidden='false' data-av_icon='\uf232' data-av_iconfont='entypo-fontello' title='' data-avia-related-tooltip='Compartir en Whatsapp' rel=\"noopener\"><span class='avia_hidden_link_text'>Compartir en Whatsapp<\/span><\/a><\/li><li class='av-share-link av-social-link-linkedin' ><a target=\"_blank\" aria-label=\"Compartir en LinkedIn\" href='https:\/\/linkedin.com\/shareArticle?mini=true&#038;title=Corte%20de%20Apelaciones%20de%20Coyhaique%20confirma%20condena%20por%20robo%20con%20fuerza%20en%20lugar%20no%20habitado&#038;url=https:\/\/radiorevelacionfm.cl\/?p=41428' aria-hidden='false' data-av_icon='\ue8fc' data-av_iconfont='entypo-fontello' title='' data-avia-related-tooltip='Compartir en LinkedIn' rel=\"noopener\"><span class='avia_hidden_link_text'>Compartir en LinkedIn<\/span><\/a><\/li><li class='av-share-link av-social-link-mail' ><a  aria-label=\"Compartir por correo\" href='mailto:?subject=Corte%20de%20Apelaciones%20de%20Coyhaique%20confirma%20condena%20por%20robo%20con%20fuerza%20en%20lugar%20no%20habitado&#038;body=https:\/\/radiorevelacionfm.cl\/?p=41428' aria-hidden='false' data-av_icon='\ue805' data-av_iconfont='entypo-fontello' title='' data-avia-related-tooltip='Compartir por correo'><span class='avia_hidden_link_text'>Compartir por correo<\/span><\/a><\/li><\/ul><\/div><\/div>\n<div  style='height:50px' class='hr hr-invisible   avia-builder-el-8  el_after_av_social_share  el_before_av_comments_list '><span class='hr-inner ' ><span class='hr-inner-style'><\/span><\/span><\/div>\n<div  class='av-buildercomment  av-blog-meta-html-info-disabled av-blog-meta-tag-disabled  '><\/div>\n","protected":false},"excerpt":{"rendered":"","protected":false},"author":1,"featured_media":39017,"comment_status":"open","ping_status":"open","sticky":false,"template":"","format":"standard","meta":{"footnotes":""},"categories":[55],"tags":[],"class_list":["post-41428","post","type-post","status-publish","format-standard","has-post-thumbnail","hentry","category-justicia"],"jetpack_featured_media_url":"https:\/\/radiorevelacionfm.cl\/wp-content\/uploads\/2024\/01\/corte1-2_optimized-1.jpg","_links":{"self":[{"href":"https:\/\/radiorevelacionfm.cl\/index.php?rest_route=\/wp\/v2\/posts\/41428","targetHints":{"allow":["GET"]}}],"collection":[{"href":"https:\/\/radiorevelacionfm.cl\/index.php?rest_route=\/wp\/v2\/posts"}],"about":[{"href":"https:\/\/radiorevelacionfm.cl\/index.php?rest_route=\/wp\/v2\/types\/post"}],"author":[{"embeddable":true,"href":"https:\/\/radiorevelacionfm.cl\/index.php?rest_route=\/wp\/v2\/users\/1"}],"replies":[{"embeddable":true,"href":"https:\/\/radiorevelacionfm.cl\/index.php?rest_route=%2Fwp%2Fv2%2Fcomments&post=41428"}],"version-history":[{"count":1,"href":"https:\/\/radiorevelacionfm.cl\/index.php?rest_route=\/wp\/v2\/posts\/41428\/revisions"}],"predecessor-version":[{"id":41429,"href":"https:\/\/radiorevelacionfm.cl\/index.php?rest_route=\/wp\/v2\/posts\/41428\/revisions\/41429"}],"wp:featuredmedia":[{"embeddable":true,"href":"https:\/\/radiorevelacionfm.cl\/index.php?rest_route=\/wp\/v2\/media\/39017"}],"wp:attachment":[{"href":"https:\/\/radiorevelacionfm.cl\/index.php?rest_route=%2Fwp%2Fv2%2Fmedia&parent=41428"}],"wp:term":[{"taxonomy":"category","embeddable":true,"href":"https:\/\/radiorevelacionfm.cl\/index.php?rest_route=%2Fwp%2Fv2%2Fcategories&post=41428"},{"taxonomy":"post_tag","embeddable":true,"href":"https:\/\/radiorevelacionfm.cl\/index.php?rest_route=%2Fwp%2Fv2%2Ftags&post=41428"}],"curies":[{"name":"wp","href":"https:\/\/api.w.org\/{rel}","templated":true}]}}