{"id":41425,"date":"2024-04-19T10:42:29","date_gmt":"2024-04-19T13:42:29","guid":{"rendered":"https:\/\/radiorevelacionfm.cl\/?p=41425"},"modified":"2024-04-19T10:42:29","modified_gmt":"2024-04-19T13:42:29","slug":"autoridades-valoran-presentacion-de-proyecto-de-ley-para-dinamizar-el-sector-turismo-de-manera-directa","status":"publish","type":"post","link":"https:\/\/radiorevelacionfm.cl\/?p=41425","title":{"rendered":"Autoridades valoran presentaci\u00f3n de proyecto de ley para dinamizar el sector turismo de manera directa"},"content":{"rendered":"<div class=\"flex_column av_one_full  flex_column_div av-zero-column-padding first  avia-builder-el-0  el_before_av_one_full  avia-builder-el-first  \" style='border-radius:0px; '><div  class='avia-image-container  av-styling-    avia-builder-el-1  avia-builder-el-no-sibling  avia-align-center '  itemprop=\"image\" itemscope=\"itemscope\" itemtype=\"https:\/\/schema.org\/ImageObject\"  ><div class='avia-image-container-inner'><div class='avia-image-overlay-wrap'><img decoding=\"async\" class='wp-image-41426 avia-img-lazy-loading-not-41426 avia_image' src=\"https:\/\/radiorevelacionfm.cl\/wp-content\/uploads\/2024\/04\/foto-2-39-1_optimized-1.jpg\" alt='' title='foto-2-(39)-(1)_optimized (1)' height=\"600\" width=\"1197\"  itemprop=\"thumbnailUrl\" srcset=\"https:\/\/radiorevelacionfm.cl\/wp-content\/uploads\/2024\/04\/foto-2-39-1_optimized-1.jpg 1197w, https:\/\/radiorevelacionfm.cl\/wp-content\/uploads\/2024\/04\/foto-2-39-1_optimized-1-300x150.jpg 300w, https:\/\/radiorevelacionfm.cl\/wp-content\/uploads\/2024\/04\/foto-2-39-1_optimized-1-1030x516.jpg 1030w, https:\/\/radiorevelacionfm.cl\/wp-content\/uploads\/2024\/04\/foto-2-39-1_optimized-1-768x385.jpg 768w, https:\/\/radiorevelacionfm.cl\/wp-content\/uploads\/2024\/04\/foto-2-39-1_optimized-1-705x353.jpg 705w, https:\/\/radiorevelacionfm.cl\/wp-content\/uploads\/2024\/04\/foto-2-39-1_optimized-1-450x226.jpg 450w, https:\/\/radiorevelacionfm.cl\/wp-content\/uploads\/2024\/04\/foto-2-39-1_optimized-1-600x301.jpg 600w\" sizes=\"(max-width: 1197px) 100vw, 1197px\" \/><\/div><\/div><\/div><\/div><div class=\"flex_column av_one_full  flex_column_div av-zero-column-padding first  avia-builder-el-2  el_after_av_one_full  el_before_av_one_full  column-top-margin\" style='border-radius:0px; '><section class=\"av_textblock_section \"  itemscope=\"itemscope\" itemtype=\"https:\/\/schema.org\/BlogPosting\" itemprop=\"blogPost\" ><div class='avia_textblock  '   itemprop=\"text\" ><p style=\"text-align: center;\"><strong><span style=\"font-size: 18pt;\">Autoridades valoran presentaci\u00f3n de proyecto de ley para dinamizar el sector turismo de manera directa<\/span><\/strong><\/p>\n<div id=\"gtx-trans\" style=\"position: absolute; left: -50px; top: 4.31534px;\">\n<div class=\"gtx-trans-icon\"><\/div>\n<\/div>\n<\/div><\/section><\/div><div class=\"flex_column av_one_full  flex_column_div av-zero-column-padding first  avia-builder-el-4  el_after_av_one_full  el_before_av_hr  column-top-margin\" style='border-radius:0px; '><section class=\"av_textblock_section \"  itemscope=\"itemscope\" itemtype=\"https:\/\/schema.org\/BlogPosting\" itemprop=\"blogPost\" ><div class='avia_textblock  '   itemprop=\"text\" ><p style=\"text-align: justify;\"><em>La propuesta considera la creaci\u00f3n de una tasa del 1,25% sobre el precio del hospedaje contratado por turistas extranjeros, lo que permitir\u00e1\u0301 aumentar los recursos p\u00fablicos destinados a promocionar nuestro pa\u00eds. Tambi\u00e9n propone devolver el IVA a visitantes por compras realizadas en territorio nacional, al igual que a las producciones audiovisuales extranjeras.<\/em><\/p>\n<p style=\"text-align: justify;\">Con el objetivo de reactivar uno de los sectores m\u00e1s afectados por la pandemia y acortar las brechas que a\u00fan existen en la llegada de turistas extranjeros a nuestro pa\u00eds, el gobierno del presidente Gabriel Boric anuncio\u0301 el env\u00edo de un proyecto de ley que contempla la implementaci\u00f3n de pol\u00edticas que impulsen la reactivaci\u00f3n del sector y fortalezcan su capacidad para atraer el turismo internacional. Para la Regi\u00f3n de Ays\u00e9n, esta es una noticia que alegra profundamente, debido a que el sector se vio fuertemente afectado por la pandemia y por contingencias que fueron sumando complejidades.<\/p>\n<p style=\"text-align: justify;\">Esta iniciativa considera tres medidas con las que, en conjunto, se espera dinamizar significativamente el rubro con efectos importantes sobre otros sectores econ\u00f3micos que est\u00e1n conectados con el turismo, como el sector gastron\u00f3mico y comercio.<\/p>\n<p style=\"text-align: justify;\">El proyecto establece que se aumentar\u00e1n los recursos para la promoci\u00f3n tur\u00edstica internacional en 10 millones de d\u00f3lares por a\u00f1o. De esta forma, la inversi\u00f3n en promoci\u00f3n tur\u00edstica internacional llegar\u00eda a 20 millones de d\u00f3lares anuales. Para financiar el aumento, se creara\u0301 una tasa igual a 1,25%, sobre el precio de los servicios de hospedaje en territorio nacional contratados por turistas extranjeros. Se proyecta que con esta medida ingresar\u00e1n al pa\u00eds m\u00e1s de 1 mill\u00f3n de turistas adicionales por a\u00f1o, logrando recuperar e incluso superar los niveles que se observaban antes de la pandemia.<\/p>\n<p style=\"text-align: justify;\">El seremi de Econom\u00eda, Fomento y Turismo de la regi\u00f3n de Ays\u00e9n, Felipe Rojas Pizarro, destaco\u0301 la proyecci\u00f3n de arribo de 1 mill\u00f3n de turistas adicionales al territorio nacional, porque <em>\u00abse traducir\u00e1 en una efectiva dinamizaci\u00f3n econ\u00f3mica para diversos sectores que desarrollan funciones en torno al turismo. M\u00e1s empleo, m\u00e1s actividad y m\u00e1s efectos indirectos que beneficiar\u00e1n a la industria del turismo regional. El encadenamiento productivo que se desarrolla en nuestro territorio, nos hace prever de que este proyecto es el camino correcto para potenciar la actividad de manera directa\u201d.<\/em><\/p>\n<p style=\"text-align: justify;\">Del mismo modo, el Director Regional de Sernatur, Claudio Montecinos Angulo, relev\u00f3 la importancia, de este proyecto, que ser\u00e1 ingresado a la brevedad para su discusi\u00f3n. <em>\u201cDesde Sernatur valoramos el Proyecto de Ley anunciado por el Gobierno en materia de reactivaci\u00f3n del sector turismo. Las medidas contenidas en este proyecto permitir\u00e1n duplicar los recursos para la promoci\u00f3n tur\u00edstica a partir del pr\u00f3ximo a\u00f1o, lo que permitir\u00e1 aumentar el n\u00famero de visitantes extranjeros en los pr\u00f3ximos a\u00f1os. Por otro lado, relevamos de esta iniciativa legislativa la creaci\u00f3n de instancias p\u00fablico privadas equitativas para el dise\u00f1o e implementaci\u00f3n de los planes de marketing que buscan posicionar internacionalmente los diferentes destinos de nuestro pa\u00eds\u201d. <\/em><\/p>\n<p style=\"text-align: justify;\">El \u00a0proyecto propone que los turistas extranjeros soliciten la devoluci\u00f3n de IVA por bienes muebles comprados en territorio nacional, emulando modelos de devoluci\u00f3n de IVA a turistas que existen en la Uni\u00f3n Europea y pa\u00edses como Uruguay. Estos bienes son todos aquellos que un turista puede trasladar en su equipaje al momento de abandonar el territorio nacional, atendiendo que, en total, el peso de los bienes por los cuales se solicita la devoluci\u00f3n no supere los 23 kilos.<\/p>\n<p style=\"text-align: justify;\">Sobre la materia la seremi de Gobierno Tatiana Pl\u00e1 \u00c1lvarez, asever\u00f3 que <em>\u201cNuestra regi\u00f3n es una territorio sumamente tur\u00edstico, por lo que valoramos enormemente este proyecto de ley, sobre todo porque, en caso de aprobarse, significar\u00e1 m\u00e1s actividad para el sector turismo y mayor empleo para las y los aiseninos. Como gobierno sabemos que la reactivaci\u00f3n de la industria del turismo es fundamental para la recuperaci\u00f3n econ\u00f3mica del pa\u00eds. Y tal como el presidente Gabriel Boric lo ha dicho en otras ocasiones, el turismo es sustentable, es verde, reconoce las identidades locales, vuelve a las personas orgullosas y nos invita a asociarnos, y a reconocer nuestra historia. Y, adem\u00e1s, el turismo est\u00e1 principalmente compuesto por Pymes y Mini Pymes\u201d.<\/em><\/p>\n<p style=\"text-align: justify;\">Finalmente, con el objetivo de posicionar a Chile como un lugar atractivo para las producciones audiovisuales extranjeras, tanto para el desarrollo de cortometrajes, documentales, series y pel\u00edculas, la iniciativa plantea crear incentivos similares a los implementados por pa\u00edses como Nueva Zelanda, como una devoluci\u00f3n de IVA por todos los servicios contratados en territorio nacional por una empresa extranjera de producci\u00f3n audiovisual. Tambi\u00e9n propone un Registro de Productores Audiovisuales Nacionales, a trav\u00e9s de los cuales las empresas de producci\u00f3n audiovisual extranjera tendr\u00e1n la opci\u00f3n de centralizar sus servicios contratados en territorio nacional, con tal de facilitar la operatividad de la devoluci\u00f3n del IVA.<\/p>\n<p style=\"text-align: justify;\">El proyecto ingresar\u00e1 a corto plazo a la C\u00e1mara de Diputadas y Diputados, dado que contiene normas tributarias. Las autoridades esperan que la iniciativa sea tramitada con celeridad.<\/p>\n<\/div><\/section><\/div><div  style='height:50px' class='hr hr-invisible   avia-builder-el-6  el_after_av_one_full  el_before_av_social_share '><span class='hr-inner ' ><span class='hr-inner-style'><\/span><\/span><\/div><\/p>\n<div  class='av-social-sharing-box  avia-builder-el-7  el_after_av_hr  el_before_av_hr  '><div class='av-share-box'><h5 class='av-share-link-description av-no-toc '>Compartir esta noticia<\/h5><ul class='av-share-box-list noLightbox'><li class='av-share-link av-social-link-facebook' ><a target=\"_blank\" aria-label=\"Compartir en Facebook\" href='https:\/\/www.facebook.com\/sharer.php?u=https:\/\/radiorevelacionfm.cl\/?p=41425&#038;t=Autoridades%20valoran%20presentaci%C3%B3n%20de%20proyecto%20de%20ley%20para%20dinamizar%20el%20sector%20turismo%20de%20manera%20directa' aria-hidden='false' data-av_icon='\ue8f3' data-av_iconfont='entypo-fontello' title='' data-avia-related-tooltip='Compartir en Facebook' rel=\"noopener\"><span class='avia_hidden_link_text'>Compartir en Facebook<\/span><\/a><\/li><li class='av-share-link av-social-link-twitter' ><a target=\"_blank\" aria-label=\"Compartir en Twitter\" href='https:\/\/twitter.com\/share?text=Autoridades%20valoran%20presentaci%C3%B3n%20de%20proyecto%20de%20ley%20para%20dinamizar%20el%20sector%20turismo%20de%20manera%20directa&#038;url=https:\/\/radiorevelacionfm.cl\/?p=41425' aria-hidden='false' data-av_icon='\ue8f1' data-av_iconfont='entypo-fontello' title='' data-avia-related-tooltip='Compartir en Twitter' rel=\"noopener\"><span class='avia_hidden_link_text'>Compartir en Twitter<\/span><\/a><\/li><li class='av-share-link av-social-link-whatsapp' ><a target=\"_blank\" aria-label=\"Compartir en Whatsapp\" href='https:\/\/api.whatsapp.com\/send?text=https:\/\/radiorevelacionfm.cl\/?p=41425' aria-hidden='false' data-av_icon='\uf232' data-av_iconfont='entypo-fontello' title='' data-avia-related-tooltip='Compartir en Whatsapp' rel=\"noopener\"><span class='avia_hidden_link_text'>Compartir en Whatsapp<\/span><\/a><\/li><li class='av-share-link av-social-link-linkedin' ><a target=\"_blank\" aria-label=\"Compartir en LinkedIn\" href='https:\/\/linkedin.com\/shareArticle?mini=true&#038;title=Autoridades%20valoran%20presentaci%C3%B3n%20de%20proyecto%20de%20ley%20para%20dinamizar%20el%20sector%20turismo%20de%20manera%20directa&#038;url=https:\/\/radiorevelacionfm.cl\/?p=41425' aria-hidden='false' data-av_icon='\ue8fc' data-av_iconfont='entypo-fontello' title='' data-avia-related-tooltip='Compartir en LinkedIn' rel=\"noopener\"><span class='avia_hidden_link_text'>Compartir en LinkedIn<\/span><\/a><\/li><li class='av-share-link av-social-link-mail' ><a  aria-label=\"Compartir por correo\" href='mailto:?subject=Autoridades%20valoran%20presentaci%C3%B3n%20de%20proyecto%20de%20ley%20para%20dinamizar%20el%20sector%20turismo%20de%20manera%20directa&#038;body=https:\/\/radiorevelacionfm.cl\/?p=41425' aria-hidden='false' data-av_icon='\ue805' data-av_iconfont='entypo-fontello' title='' data-avia-related-tooltip='Compartir por correo'><span class='avia_hidden_link_text'>Compartir por correo<\/span><\/a><\/li><\/ul><\/div><\/div>\n<div  style='height:50px' class='hr hr-invisible   avia-builder-el-8  el_after_av_social_share  el_before_av_comments_list '><span class='hr-inner ' ><span class='hr-inner-style'><\/span><\/span><\/div>\n<div  class='av-buildercomment  av-blog-meta-html-info-disabled av-blog-meta-tag-disabled  '><\/div>\n","protected":false},"excerpt":{"rendered":"","protected":false},"author":1,"featured_media":41426,"comment_status":"open","ping_status":"open","sticky":false,"template":"","format":"standard","meta":{"footnotes":""},"categories":[38],"tags":[],"class_list":["post-41425","post","type-post","status-publish","format-standard","has-post-thumbnail","hentry","category-regional"],"jetpack_featured_media_url":"https:\/\/radiorevelacionfm.cl\/wp-content\/uploads\/2024\/04\/foto-2-39-1_optimized-1.jpg","_links":{"self":[{"href":"https:\/\/radiorevelacionfm.cl\/index.php?rest_route=\/wp\/v2\/posts\/41425","targetHints":{"allow":["GET"]}}],"collection":[{"href":"https:\/\/radiorevelacionfm.cl\/index.php?rest_route=\/wp\/v2\/posts"}],"about":[{"href":"https:\/\/radiorevelacionfm.cl\/index.php?rest_route=\/wp\/v2\/types\/post"}],"author":[{"embeddable":true,"href":"https:\/\/radiorevelacionfm.cl\/index.php?rest_route=\/wp\/v2\/users\/1"}],"replies":[{"embeddable":true,"href":"https:\/\/radiorevelacionfm.cl\/index.php?rest_route=%2Fwp%2Fv2%2Fcomments&post=41425"}],"version-history":[{"count":1,"href":"https:\/\/radiorevelacionfm.cl\/index.php?rest_route=\/wp\/v2\/posts\/41425\/revisions"}],"predecessor-version":[{"id":41427,"href":"https:\/\/radiorevelacionfm.cl\/index.php?rest_route=\/wp\/v2\/posts\/41425\/revisions\/41427"}],"wp:featuredmedia":[{"embeddable":true,"href":"https:\/\/radiorevelacionfm.cl\/index.php?rest_route=\/wp\/v2\/media\/41426"}],"wp:attachment":[{"href":"https:\/\/radiorevelacionfm.cl\/index.php?rest_route=%2Fwp%2Fv2%2Fmedia&parent=41425"}],"wp:term":[{"taxonomy":"category","embeddable":true,"href":"https:\/\/radiorevelacionfm.cl\/index.php?rest_route=%2Fwp%2Fv2%2Fcategories&post=41425"},{"taxonomy":"post_tag","embeddable":true,"href":"https:\/\/radiorevelacionfm.cl\/index.php?rest_route=%2Fwp%2Fv2%2Ftags&post=41425"}],"curies":[{"name":"wp","href":"https:\/\/api.w.org\/{rel}","templated":true}]}}