{"id":41422,"date":"2024-04-18T12:08:43","date_gmt":"2024-04-18T15:08:43","guid":{"rendered":"https:\/\/radiorevelacionfm.cl\/?p=41422"},"modified":"2024-04-18T12:08:43","modified_gmt":"2024-04-18T15:08:43","slug":"alianza-estrategica-gobernadora-macias-compromete-el-primer-encuentro-de-binacional-gobernadores-de-la-patagonia","status":"publish","type":"post","link":"https:\/\/radiorevelacionfm.cl\/?p=41422","title":{"rendered":"Alianza estrat\u00e9gica: Gobernadora Mac\u00edas compromete el primer encuentro de binacional Gobernadores de la Patagonia"},"content":{"rendered":"<div class=\"flex_column av_one_full  flex_column_div av-zero-column-padding first  avia-builder-el-0  el_before_av_one_full  avia-builder-el-first  \" style='border-radius:0px; '><div  class='avia-image-container  av-styling-    avia-builder-el-1  avia-builder-el-no-sibling  avia-align-center '  itemprop=\"image\" itemscope=\"itemscope\" itemtype=\"https:\/\/schema.org\/ImageObject\"  ><div class='avia-image-container-inner'><div class='avia-image-overlay-wrap'><img decoding=\"async\" class='wp-image-41423 avia-img-lazy-loading-not-41423 avia_image' src=\"https:\/\/radiorevelacionfm.cl\/wp-content\/uploads\/2024\/04\/WhatsApp-Image-2024-04-11-at-12.03.15-PM-1-1.jpeg\" alt='' title='WhatsApp Image 2024-04-11 at 12.03.15 PM (1) (1)' height=\"600\" width=\"1067\"  itemprop=\"thumbnailUrl\" srcset=\"https:\/\/radiorevelacionfm.cl\/wp-content\/uploads\/2024\/04\/WhatsApp-Image-2024-04-11-at-12.03.15-PM-1-1.jpeg 1067w, https:\/\/radiorevelacionfm.cl\/wp-content\/uploads\/2024\/04\/WhatsApp-Image-2024-04-11-at-12.03.15-PM-1-1-300x169.jpeg 300w, https:\/\/radiorevelacionfm.cl\/wp-content\/uploads\/2024\/04\/WhatsApp-Image-2024-04-11-at-12.03.15-PM-1-1-1030x579.jpeg 1030w, https:\/\/radiorevelacionfm.cl\/wp-content\/uploads\/2024\/04\/WhatsApp-Image-2024-04-11-at-12.03.15-PM-1-1-768x432.jpeg 768w, https:\/\/radiorevelacionfm.cl\/wp-content\/uploads\/2024\/04\/WhatsApp-Image-2024-04-11-at-12.03.15-PM-1-1-705x396.jpeg 705w, https:\/\/radiorevelacionfm.cl\/wp-content\/uploads\/2024\/04\/WhatsApp-Image-2024-04-11-at-12.03.15-PM-1-1-450x253.jpeg 450w, https:\/\/radiorevelacionfm.cl\/wp-content\/uploads\/2024\/04\/WhatsApp-Image-2024-04-11-at-12.03.15-PM-1-1-600x337.jpeg 600w\" sizes=\"(max-width: 1067px) 100vw, 1067px\" \/><\/div><\/div><\/div><\/div><div class=\"flex_column av_one_full  flex_column_div av-zero-column-padding first  avia-builder-el-2  el_after_av_one_full  el_before_av_one_full  column-top-margin\" style='border-radius:0px; '><section class=\"av_textblock_section \"  itemscope=\"itemscope\" itemtype=\"https:\/\/schema.org\/BlogPosting\" itemprop=\"blogPost\" ><div class='avia_textblock  '   itemprop=\"text\" ><p style=\"text-align: center;\"><strong><span style=\"font-size: 18pt;\">Alianza estrat\u00e9gica: Gobernadora Mac\u00edas compromete el primer encuentro de binacional Gobernadores de la Patagonia\u00a0<\/span><\/strong><\/p>\n<div id=\"gtx-trans\" style=\"position: absolute; left: -50px; top: 4.31534px;\">\n<div class=\"gtx-trans-icon\"><\/div>\n<\/div>\n<\/div><\/section><\/div><div class=\"flex_column av_one_full  flex_column_div av-zero-column-padding first  avia-builder-el-4  el_after_av_one_full  el_before_av_hr  column-top-margin\" style='border-radius:0px; '><section class=\"av_textblock_section \"  itemscope=\"itemscope\" itemtype=\"https:\/\/schema.org\/BlogPosting\" itemprop=\"blogPost\" ><div class='avia_textblock  '   itemprop=\"text\" ><p dir=\"ltr\" style=\"text-align: justify;\">Tras una nutrida agenda de trabajo con diversas autoridades argentinas en la Provincia de Chubut, la Gobernadora Regional de Ays\u00e9n, Andrea Mac\u00edas Palma, comprometi\u00f3 la organizaci\u00f3n del primer encuentro de Gobernadores de la Patagonia en la Regi\u00f3n de Ays\u00e9n.<\/p>\n<p dir=\"ltr\" style=\"text-align: justify;\">La gira incluy\u00f3 reuniones con el Gobernador Provincial de Chubut, Ignacio Agust\u00edn Torres, el Intendente de Comodoro Othar Macharashvili, la rectora de la Universidad Nacional de la Patagonia San Juan Bosco, Antonia Lidia Blanco, representantes de la comunidad chilena en la zona y autoridades y directivos de servicios vinculados al turismo, a los deportes, de la cultura y de la secretar\u00eda de Desarrollo Humano y Familia de Comodoro RIvadavia.<\/p>\n<p dir=\"ltr\" style=\"text-align: justify;\">La primera autoridad de la Regi\u00f3n de Ays\u00e9n plante\u00f3 que las similitudes entre las comunidades y sus territorios, la cercan\u00eda geogr\u00e1fica y los desaf\u00edos que coinciden ameritan una jornada de encuentro entre sus principales l\u00edderes pol\u00edticos, para abordar los temas que unen la Patagonia en ambos pa\u00edses.<\/p>\n<p dir=\"ltr\" style=\"text-align: justify;\">Sin duda, el hito m\u00e1s importante fue la presentaci\u00f3n del Programa Corredor Bioce\u00e1nico Puerto Comodoro Rivadavia &#8211; Puerto Chacabuco, donde las autoridades trasandinas reconocieron el cumplimiento de los acuerdos suscritos hace a\u00f1os por parte de Chile y que ahora le toca cumplir a Argentina.<\/p>\n<p dir=\"ltr\" style=\"text-align: justify;\">Al respecto la Gobernadora Mac\u00edas afirm\u00f3 que la reactivaci\u00f3n del proyecto del corredor bioce\u00e1nico y el cumplimiento de los compromisos por parte de ambos pa\u00edses resulta fundamental.<\/p>\n<p dir=\"ltr\" style=\"text-align: justify;\">\u00abEl impacto que tiene el Corredor Bioce\u00e1nico en materia de fomento productivo, de integraci\u00f3n social, de conectividad es de alto impacto para nuestro territorio pero tambi\u00e9n para Argentina. Esperamos que con el ingreso a la Legislatura de este proyecto que reconoce el inter\u00e9s de la propia provincia en el financiamiento va a ser una condici\u00f3n con la cual vamos a poder avanzar y destrabar esta demanda de hace tantos a\u00f1os de ambas naciones\u00bb, enfatiz\u00f3.<\/p>\n<p dir=\"ltr\" style=\"text-align: justify;\">Por su parte el Gobernador de Chubut, Ignacio Torres, enfatiz\u00f3 en la necesidad de fortalecer los lazos con Chile y espec\u00edficamente con la Patagonia Chilena, asegurando que en ambos lados de la cordillera existen potencialidades por ser explotadas, sobre todo en materia econ\u00f3mica.<\/p>\n<p dir=\"ltr\" style=\"text-align: justify;\">\u00abTenemos que poder hermanarnos con Chile para que no solamente haya una agenda log\u00edstica o de balanza comercial, estrat\u00e9gica, sino que tambi\u00e9n haya una agenda de identidad, cultural. Porque tenemos muchas m\u00e1s cosas en com\u00fan que diferencias\u00bb, afirm\u00f3 el gobernador provincial.<\/p>\n<p dir=\"ltr\" style=\"text-align: justify;\">Por otra parte el Intendente (s\u00edmil a la figura de un alcalde en Chile) de Comodoro Rivadavia, Othar Macharashvili, tambi\u00e9n enfatiz\u00f3 en que el Estado argentino debe ponerse al d\u00eda con los compromisos asumidos para la concreci\u00f3n del corredor.<\/p>\n<p dir=\"ltr\" style=\"text-align: justify;\">\u00abVamos a poner toda la agenda, todos los profesionales, desde las universidades, los grupos t\u00e9cnicos, a seguir trabajando en una agenda que no se debi\u00f3 parar\u00bb, comprometi\u00f3.<\/p>\n<p dir=\"ltr\" style=\"text-align: justify;\">Por su parte, el consejero regional Omar Mu\u00f1oz, presidente de la comisi\u00f3n de Fomento Productivo tambi\u00e9n valor\u00f3 \u00ablo que pudiera reforzar en actividad comercial, materializar el corredor tambi\u00e9n va a fortalecer o reforzar la actividad tur\u00edstica de ambos pa\u00edses, yo lo que destaco es que nuevamente se reactive este objetivo binacional\u00bb.<\/p>\n<\/div><\/section><\/div><div  style='height:50px' class='hr hr-invisible   avia-builder-el-6  el_after_av_one_full  el_before_av_social_share '><span class='hr-inner ' ><span class='hr-inner-style'><\/span><\/span><\/div><\/p>\n<div  class='av-social-sharing-box  avia-builder-el-7  el_after_av_hr  el_before_av_hr  '><div class='av-share-box'><h5 class='av-share-link-description av-no-toc '>Compartir esta noticia<\/h5><ul class='av-share-box-list noLightbox'><li class='av-share-link av-social-link-facebook' ><a target=\"_blank\" aria-label=\"Compartir en Facebook\" href='https:\/\/www.facebook.com\/sharer.php?u=https:\/\/radiorevelacionfm.cl\/?p=41422&#038;t=Alianza%20estrat%C3%A9gica%3A%20Gobernadora%20Mac%C3%ADas%20compromete%20el%20primer%20encuentro%20de%20binacional%20Gobernadores%20de%20la%20Patagonia' aria-hidden='false' data-av_icon='\ue8f3' data-av_iconfont='entypo-fontello' title='' data-avia-related-tooltip='Compartir en Facebook' rel=\"noopener\"><span class='avia_hidden_link_text'>Compartir en Facebook<\/span><\/a><\/li><li class='av-share-link av-social-link-twitter' ><a target=\"_blank\" aria-label=\"Compartir en Twitter\" href='https:\/\/twitter.com\/share?text=Alianza%20estrat%C3%A9gica%3A%20Gobernadora%20Mac%C3%ADas%20compromete%20el%20primer%20encuentro%20de%20binacional%20Gobernadores%20de%20la%20Patagonia&#038;url=https:\/\/radiorevelacionfm.cl\/?p=41422' aria-hidden='false' data-av_icon='\ue8f1' data-av_iconfont='entypo-fontello' title='' data-avia-related-tooltip='Compartir en Twitter' rel=\"noopener\"><span class='avia_hidden_link_text'>Compartir en Twitter<\/span><\/a><\/li><li class='av-share-link av-social-link-whatsapp' ><a target=\"_blank\" aria-label=\"Compartir en Whatsapp\" href='https:\/\/api.whatsapp.com\/send?text=https:\/\/radiorevelacionfm.cl\/?p=41422' aria-hidden='false' data-av_icon='\uf232' data-av_iconfont='entypo-fontello' title='' data-avia-related-tooltip='Compartir en Whatsapp' rel=\"noopener\"><span class='avia_hidden_link_text'>Compartir en Whatsapp<\/span><\/a><\/li><li class='av-share-link av-social-link-linkedin' ><a target=\"_blank\" aria-label=\"Compartir en LinkedIn\" href='https:\/\/linkedin.com\/shareArticle?mini=true&#038;title=Alianza%20estrat%C3%A9gica%3A%20Gobernadora%20Mac%C3%ADas%20compromete%20el%20primer%20encuentro%20de%20binacional%20Gobernadores%20de%20la%20Patagonia&#038;url=https:\/\/radiorevelacionfm.cl\/?p=41422' aria-hidden='false' data-av_icon='\ue8fc' data-av_iconfont='entypo-fontello' title='' data-avia-related-tooltip='Compartir en LinkedIn' rel=\"noopener\"><span class='avia_hidden_link_text'>Compartir en LinkedIn<\/span><\/a><\/li><li class='av-share-link av-social-link-mail' ><a  aria-label=\"Compartir por correo\" href='mailto:?subject=Alianza%20estrat%C3%A9gica%3A%20Gobernadora%20Mac%C3%ADas%20compromete%20el%20primer%20encuentro%20de%20binacional%20Gobernadores%20de%20la%20Patagonia&#038;body=https:\/\/radiorevelacionfm.cl\/?p=41422' aria-hidden='false' data-av_icon='\ue805' data-av_iconfont='entypo-fontello' title='' data-avia-related-tooltip='Compartir por correo'><span class='avia_hidden_link_text'>Compartir por correo<\/span><\/a><\/li><\/ul><\/div><\/div>\n<div  style='height:50px' class='hr hr-invisible   avia-builder-el-8  el_after_av_social_share  el_before_av_comments_list '><span class='hr-inner ' ><span class='hr-inner-style'><\/span><\/span><\/div>\n<div  class='av-buildercomment  av-blog-meta-html-info-disabled av-blog-meta-tag-disabled  '><\/div>\n","protected":false},"excerpt":{"rendered":"","protected":false},"author":1,"featured_media":41423,"comment_status":"open","ping_status":"open","sticky":false,"template":"","format":"standard","meta":{"footnotes":""},"categories":[38],"tags":[],"class_list":["post-41422","post","type-post","status-publish","format-standard","has-post-thumbnail","hentry","category-regional"],"jetpack_featured_media_url":"https:\/\/radiorevelacionfm.cl\/wp-content\/uploads\/2024\/04\/WhatsApp-Image-2024-04-11-at-12.03.15-PM-1-1.jpeg","_links":{"self":[{"href":"https:\/\/radiorevelacionfm.cl\/index.php?rest_route=\/wp\/v2\/posts\/41422","targetHints":{"allow":["GET"]}}],"collection":[{"href":"https:\/\/radiorevelacionfm.cl\/index.php?rest_route=\/wp\/v2\/posts"}],"about":[{"href":"https:\/\/radiorevelacionfm.cl\/index.php?rest_route=\/wp\/v2\/types\/post"}],"author":[{"embeddable":true,"href":"https:\/\/radiorevelacionfm.cl\/index.php?rest_route=\/wp\/v2\/users\/1"}],"replies":[{"embeddable":true,"href":"https:\/\/radiorevelacionfm.cl\/index.php?rest_route=%2Fwp%2Fv2%2Fcomments&post=41422"}],"version-history":[{"count":1,"href":"https:\/\/radiorevelacionfm.cl\/index.php?rest_route=\/wp\/v2\/posts\/41422\/revisions"}],"predecessor-version":[{"id":41424,"href":"https:\/\/radiorevelacionfm.cl\/index.php?rest_route=\/wp\/v2\/posts\/41422\/revisions\/41424"}],"wp:featuredmedia":[{"embeddable":true,"href":"https:\/\/radiorevelacionfm.cl\/index.php?rest_route=\/wp\/v2\/media\/41423"}],"wp:attachment":[{"href":"https:\/\/radiorevelacionfm.cl\/index.php?rest_route=%2Fwp%2Fv2%2Fmedia&parent=41422"}],"wp:term":[{"taxonomy":"category","embeddable":true,"href":"https:\/\/radiorevelacionfm.cl\/index.php?rest_route=%2Fwp%2Fv2%2Fcategories&post=41422"},{"taxonomy":"post_tag","embeddable":true,"href":"https:\/\/radiorevelacionfm.cl\/index.php?rest_route=%2Fwp%2Fv2%2Ftags&post=41422"}],"curies":[{"name":"wp","href":"https:\/\/api.w.org\/{rel}","templated":true}]}}