{"id":41419,"date":"2024-04-18T11:28:35","date_gmt":"2024-04-18T14:28:35","guid":{"rendered":"https:\/\/radiorevelacionfm.cl\/?p=41419"},"modified":"2024-04-18T11:28:35","modified_gmt":"2024-04-18T14:28:35","slug":"en-prision-preventiva-imputado-por-abuso-sexual-reiterado-que-estaba-profugo-desde-el-ano-pasado","status":"publish","type":"post","link":"https:\/\/radiorevelacionfm.cl\/?p=41419","title":{"rendered":"En prisi\u00f3n preventiva imputado por abuso sexual reiterado que estaba pr\u00f3fugo desde el a\u00f1o pasado"},"content":{"rendered":"<div class=\"flex_column av_one_full  flex_column_div av-zero-column-padding first  avia-builder-el-0  el_before_av_one_full  avia-builder-el-first  \" style='border-radius:0px; '><div  class='avia-image-container  av-styling-    avia-builder-el-1  avia-builder-el-no-sibling  avia-align-center '  itemprop=\"image\" itemscope=\"itemscope\" itemtype=\"https:\/\/schema.org\/ImageObject\"  ><div class='avia-image-container-inner'><div class='avia-image-overlay-wrap'><img decoding=\"async\" class='wp-image-41420 avia-img-lazy-loading-not-41420 avia_image' src=\"https:\/\/radiorevelacionfm.cl\/wp-content\/uploads\/2024\/04\/Fiscal_subrogante-Jorge_Carrasco-1-1.jpg\" alt='' title='Fiscal_subrogante-Jorge_Carrasco (1) (1)' height=\"600\" width=\"986\"  itemprop=\"thumbnailUrl\" srcset=\"https:\/\/radiorevelacionfm.cl\/wp-content\/uploads\/2024\/04\/Fiscal_subrogante-Jorge_Carrasco-1-1.jpg 986w, https:\/\/radiorevelacionfm.cl\/wp-content\/uploads\/2024\/04\/Fiscal_subrogante-Jorge_Carrasco-1-1-300x183.jpg 300w, https:\/\/radiorevelacionfm.cl\/wp-content\/uploads\/2024\/04\/Fiscal_subrogante-Jorge_Carrasco-1-1-768x467.jpg 768w, https:\/\/radiorevelacionfm.cl\/wp-content\/uploads\/2024\/04\/Fiscal_subrogante-Jorge_Carrasco-1-1-705x429.jpg 705w, https:\/\/radiorevelacionfm.cl\/wp-content\/uploads\/2024\/04\/Fiscal_subrogante-Jorge_Carrasco-1-1-450x274.jpg 450w, https:\/\/radiorevelacionfm.cl\/wp-content\/uploads\/2024\/04\/Fiscal_subrogante-Jorge_Carrasco-1-1-600x365.jpg 600w\" sizes=\"(max-width: 986px) 100vw, 986px\" \/><\/div><\/div><\/div><\/div><div class=\"flex_column av_one_full  flex_column_div av-zero-column-padding first  avia-builder-el-2  el_after_av_one_full  el_before_av_one_full  column-top-margin\" style='border-radius:0px; '><section class=\"av_textblock_section \"  itemscope=\"itemscope\" itemtype=\"https:\/\/schema.org\/BlogPosting\" itemprop=\"blogPost\" ><div class='avia_textblock  '   itemprop=\"text\" ><p style=\"text-align: center;\"><span style=\"font-size: 18pt;\"><b>En prisi\u00f3n preventiva imputado por abuso sexual reiterado que estaba pr\u00f3fugo desde el a\u00f1o pasado<\/b><\/span><\/p>\n<div id=\"gtx-trans\" style=\"position: absolute; left: -50px; top: 4.31534px;\">\n<div class=\"gtx-trans-icon\"><\/div>\n<\/div>\n<\/div><\/section><\/div><div class=\"flex_column av_one_full  flex_column_div av-zero-column-padding first  avia-builder-el-4  el_after_av_one_full  el_before_av_hr  column-top-margin\" style='border-radius:0px; '><section class=\"av_textblock_section \"  itemscope=\"itemscope\" itemtype=\"https:\/\/schema.org\/BlogPosting\" itemprop=\"blogPost\" ><div class='avia_textblock  '   itemprop=\"text\" ><p style=\"font-weight: 400; text-align: justify;\">El Juzgado accedi\u00f3 a la medida cautelar de prisi\u00f3n preventiva hasta la fecha de preparaci\u00f3n de juicio oral.<\/p>\n<p style=\"font-weight: 400; text-align: justify;\">La Fiscal\u00eda de Chile Chico obtuvo la prisi\u00f3n preventiva para un imputado de 42 a\u00f1os oriundo de Chilo\u00e9, por delitos de abuso sexual reiterado en contra de una ni\u00f1a en la provincia General Carrera.<\/p>\n<p style=\"font-weight: 400; text-align: justify;\">Seg\u00fan explic\u00f3 el fiscal subrogante de dicha comuna, Jorge Carrasco, \u201cse control\u00f3 la detenci\u00f3n respecto de un acusado que manten\u00eda una orden de detenci\u00f3n en su contra, por el delito de abuso sexual reiterado\u201d.<\/p>\n<p style=\"font-weight: 400; text-align: justify;\">El abogado a\u00f1adi\u00f3 que el Tribunal de Chile Chico \u201caccedi\u00f3 a la solicitud del Ministerio P\u00fablico en orden a decretar la prisi\u00f3n preventiva, por estimar que existe un peligro de fuga inminente del acusado, toda vez que ya hab\u00eda sido presentada una acusaci\u00f3n en su contra por el delito ya indicado, tomando en consideraci\u00f3n adem\u00e1s la pena solicitada en el libelo acusatorio, correspondiente a diez a\u00f1os de presidio mayor en su grado m\u00ednimo\u201d.<\/p>\n<p style=\"font-weight: 400; text-align: justify;\">En este caso, agreg\u00f3 Carrasco, el Juzgado \u201caccedi\u00f3 a la medida cautelar de prisi\u00f3n preventiva hasta la fecha de preparaci\u00f3n de juicio oral. Cabe se\u00f1alar que el imputado se manten\u00eda pr\u00f3fugo de la justicia desde el d\u00eda 15 de noviembre del a\u00f1o 2023\u201d.<\/p>\n<\/div><\/section><\/div><div  style='height:50px' class='hr hr-invisible   avia-builder-el-6  el_after_av_one_full  el_before_av_social_share '><span class='hr-inner ' ><span class='hr-inner-style'><\/span><\/span><\/div><\/p>\n<div  class='av-social-sharing-box  avia-builder-el-7  el_after_av_hr  el_before_av_hr  '><div class='av-share-box'><h5 class='av-share-link-description av-no-toc '>Compartir esta noticia<\/h5><ul class='av-share-box-list noLightbox'><li class='av-share-link av-social-link-facebook' ><a target=\"_blank\" aria-label=\"Compartir en Facebook\" href='https:\/\/www.facebook.com\/sharer.php?u=https:\/\/radiorevelacionfm.cl\/?p=41419&#038;t=En%20prisi%C3%B3n%20preventiva%20imputado%20por%20abuso%20sexual%20reiterado%20que%20estaba%20pr%C3%B3fugo%20desde%20el%20a%C3%B1o%20pasado' aria-hidden='false' data-av_icon='\ue8f3' data-av_iconfont='entypo-fontello' title='' data-avia-related-tooltip='Compartir en Facebook' rel=\"noopener\"><span class='avia_hidden_link_text'>Compartir en Facebook<\/span><\/a><\/li><li class='av-share-link av-social-link-twitter' ><a target=\"_blank\" aria-label=\"Compartir en Twitter\" href='https:\/\/twitter.com\/share?text=En%20prisi%C3%B3n%20preventiva%20imputado%20por%20abuso%20sexual%20reiterado%20que%20estaba%20pr%C3%B3fugo%20desde%20el%20a%C3%B1o%20pasado&#038;url=https:\/\/radiorevelacionfm.cl\/?p=41419' aria-hidden='false' data-av_icon='\ue8f1' data-av_iconfont='entypo-fontello' title='' data-avia-related-tooltip='Compartir en Twitter' rel=\"noopener\"><span class='avia_hidden_link_text'>Compartir en Twitter<\/span><\/a><\/li><li class='av-share-link av-social-link-whatsapp' ><a target=\"_blank\" aria-label=\"Compartir en Whatsapp\" href='https:\/\/api.whatsapp.com\/send?text=https:\/\/radiorevelacionfm.cl\/?p=41419' aria-hidden='false' data-av_icon='\uf232' data-av_iconfont='entypo-fontello' title='' data-avia-related-tooltip='Compartir en Whatsapp' rel=\"noopener\"><span class='avia_hidden_link_text'>Compartir en Whatsapp<\/span><\/a><\/li><li class='av-share-link av-social-link-linkedin' ><a target=\"_blank\" aria-label=\"Compartir en LinkedIn\" href='https:\/\/linkedin.com\/shareArticle?mini=true&#038;title=En%20prisi%C3%B3n%20preventiva%20imputado%20por%20abuso%20sexual%20reiterado%20que%20estaba%20pr%C3%B3fugo%20desde%20el%20a%C3%B1o%20pasado&#038;url=https:\/\/radiorevelacionfm.cl\/?p=41419' aria-hidden='false' data-av_icon='\ue8fc' data-av_iconfont='entypo-fontello' title='' data-avia-related-tooltip='Compartir en LinkedIn' rel=\"noopener\"><span class='avia_hidden_link_text'>Compartir en LinkedIn<\/span><\/a><\/li><li class='av-share-link av-social-link-mail' ><a  aria-label=\"Compartir por correo\" href='mailto:?subject=En%20prisi%C3%B3n%20preventiva%20imputado%20por%20abuso%20sexual%20reiterado%20que%20estaba%20pr%C3%B3fugo%20desde%20el%20a%C3%B1o%20pasado&#038;body=https:\/\/radiorevelacionfm.cl\/?p=41419' aria-hidden='false' data-av_icon='\ue805' data-av_iconfont='entypo-fontello' title='' data-avia-related-tooltip='Compartir por correo'><span class='avia_hidden_link_text'>Compartir por correo<\/span><\/a><\/li><\/ul><\/div><\/div>\n<div  style='height:50px' class='hr hr-invisible   avia-builder-el-8  el_after_av_social_share  el_before_av_comments_list '><span class='hr-inner ' ><span class='hr-inner-style'><\/span><\/span><\/div>\n<div  class='av-buildercomment  av-blog-meta-html-info-disabled av-blog-meta-tag-disabled  '><\/div>\n","protected":false},"excerpt":{"rendered":"","protected":false},"author":1,"featured_media":41420,"comment_status":"open","ping_status":"open","sticky":false,"template":"","format":"standard","meta":{"footnotes":""},"categories":[55],"tags":[],"class_list":["post-41419","post","type-post","status-publish","format-standard","has-post-thumbnail","hentry","category-justicia"],"jetpack_featured_media_url":"https:\/\/radiorevelacionfm.cl\/wp-content\/uploads\/2024\/04\/Fiscal_subrogante-Jorge_Carrasco-1-1.jpg","_links":{"self":[{"href":"https:\/\/radiorevelacionfm.cl\/index.php?rest_route=\/wp\/v2\/posts\/41419","targetHints":{"allow":["GET"]}}],"collection":[{"href":"https:\/\/radiorevelacionfm.cl\/index.php?rest_route=\/wp\/v2\/posts"}],"about":[{"href":"https:\/\/radiorevelacionfm.cl\/index.php?rest_route=\/wp\/v2\/types\/post"}],"author":[{"embeddable":true,"href":"https:\/\/radiorevelacionfm.cl\/index.php?rest_route=\/wp\/v2\/users\/1"}],"replies":[{"embeddable":true,"href":"https:\/\/radiorevelacionfm.cl\/index.php?rest_route=%2Fwp%2Fv2%2Fcomments&post=41419"}],"version-history":[{"count":1,"href":"https:\/\/radiorevelacionfm.cl\/index.php?rest_route=\/wp\/v2\/posts\/41419\/revisions"}],"predecessor-version":[{"id":41421,"href":"https:\/\/radiorevelacionfm.cl\/index.php?rest_route=\/wp\/v2\/posts\/41419\/revisions\/41421"}],"wp:featuredmedia":[{"embeddable":true,"href":"https:\/\/radiorevelacionfm.cl\/index.php?rest_route=\/wp\/v2\/media\/41420"}],"wp:attachment":[{"href":"https:\/\/radiorevelacionfm.cl\/index.php?rest_route=%2Fwp%2Fv2%2Fmedia&parent=41419"}],"wp:term":[{"taxonomy":"category","embeddable":true,"href":"https:\/\/radiorevelacionfm.cl\/index.php?rest_route=%2Fwp%2Fv2%2Fcategories&post=41419"},{"taxonomy":"post_tag","embeddable":true,"href":"https:\/\/radiorevelacionfm.cl\/index.php?rest_route=%2Fwp%2Fv2%2Ftags&post=41419"}],"curies":[{"name":"wp","href":"https:\/\/api.w.org\/{rel}","templated":true}]}}