{"id":41416,"date":"2024-04-18T21:21:47","date_gmt":"2024-04-19T00:21:47","guid":{"rendered":"https:\/\/radiorevelacionfm.cl\/?p=41416"},"modified":"2024-04-18T21:21:47","modified_gmt":"2024-04-19T00:21:47","slug":"edelaysen-apoyo-la-semana-de-la-seguridad-en-villa-ohiggins","status":"publish","type":"post","link":"https:\/\/radiorevelacionfm.cl\/?p=41416","title":{"rendered":"Edelaysen apoy\u00f3 la semana de la seguridad en Villa O\u00b4Higgins"},"content":{"rendered":"<div class=\"flex_column av_one_full  flex_column_div av-zero-column-padding first  avia-builder-el-0  el_before_av_one_full  avia-builder-el-first  \" style='border-radius:0px; '><div  class='avia-image-container  av-styling-    avia-builder-el-1  avia-builder-el-no-sibling  avia-align-center '  itemprop=\"image\" itemscope=\"itemscope\" itemtype=\"https:\/\/schema.org\/ImageObject\"  ><div class='avia-image-container-inner'><div class='avia-image-overlay-wrap'><img decoding=\"async\" class='wp-image-41417 avia-img-lazy-loading-not-41417 avia_image' src=\"https:\/\/radiorevelacionfm.cl\/wp-content\/uploads\/2024\/04\/capacitacion-villa-ohiggins1-1_optimized.jpeg\" alt='' title='capacitaci\u00f3n-villa-o&#039;higgins1-(1)_optimized' height=\"600\" width=\"847\"  itemprop=\"thumbnailUrl\" srcset=\"https:\/\/radiorevelacionfm.cl\/wp-content\/uploads\/2024\/04\/capacitacion-villa-ohiggins1-1_optimized.jpeg 847w, https:\/\/radiorevelacionfm.cl\/wp-content\/uploads\/2024\/04\/capacitacion-villa-ohiggins1-1_optimized-300x213.jpeg 300w, https:\/\/radiorevelacionfm.cl\/wp-content\/uploads\/2024\/04\/capacitacion-villa-ohiggins1-1_optimized-768x544.jpeg 768w, https:\/\/radiorevelacionfm.cl\/wp-content\/uploads\/2024\/04\/capacitacion-villa-ohiggins1-1_optimized-260x185.jpeg 260w, https:\/\/radiorevelacionfm.cl\/wp-content\/uploads\/2024\/04\/capacitacion-villa-ohiggins1-1_optimized-845x600.jpeg 845w, https:\/\/radiorevelacionfm.cl\/wp-content\/uploads\/2024\/04\/capacitacion-villa-ohiggins1-1_optimized-705x499.jpeg 705w, https:\/\/radiorevelacionfm.cl\/wp-content\/uploads\/2024\/04\/capacitacion-villa-ohiggins1-1_optimized-450x319.jpeg 450w, https:\/\/radiorevelacionfm.cl\/wp-content\/uploads\/2024\/04\/capacitacion-villa-ohiggins1-1_optimized-600x425.jpeg 600w\" sizes=\"(max-width: 847px) 100vw, 847px\" \/><\/div><\/div><\/div><\/div><div class=\"flex_column av_one_full  flex_column_div av-zero-column-padding first  avia-builder-el-2  el_after_av_one_full  el_before_av_one_full  column-top-margin\" style='border-radius:0px; '><section class=\"av_textblock_section \"  itemscope=\"itemscope\" itemtype=\"https:\/\/schema.org\/BlogPosting\" itemprop=\"blogPost\" ><div class='avia_textblock  '   itemprop=\"text\" ><p style=\"text-align: center;\"><strong><span style=\"font-size: 18pt;\">Edelaysen apoy\u00f3 la semana de la seguridad en Villa O\u00b4Higgins<\/span><\/strong><\/p>\n<div id=\"gtx-trans\" style=\"position: absolute; left: -50px; top: 4.31534px;\">\n<div class=\"gtx-trans-icon\"><\/div>\n<\/div>\n<\/div><\/section><\/div><div class=\"flex_column av_one_full  flex_column_div av-zero-column-padding first  avia-builder-el-4  el_after_av_one_full  el_before_av_hr  column-top-margin\" style='border-radius:0px; '><section class=\"av_textblock_section \"  itemscope=\"itemscope\" itemtype=\"https:\/\/schema.org\/BlogPosting\" itemprop=\"blogPost\" ><div class='avia_textblock  '   itemprop=\"text\" ><p style=\"text-align: justify;\"><em>Rimalco, empresa colaboradora de la distribuidora, realiz\u00f3 una serie de actividades enfocadas en la seguridad el\u00e9ctrica en la comuna de O\u2019Higgins, con la participaci\u00f3n de autoridades locales y comunidad.<\/em><\/p>\n<p style=\"text-align: justify;\">Promoviendo buenas pr\u00e1cticas de seguridad el\u00e9ctrica, la empresa colaboradora de Edelaysen, Rimalco, llev\u00f3 a cabo una serie de actividades formativas en Villa O`Higgins, con el prop\u00f3sito de entregar recomendaciones y conocimientos en materia de seguridad para los habitantes de la comuna.<\/p>\n<p style=\"text-align: justify;\">La iniciativa cont\u00f3 con la participaci\u00f3n de autoridades locales, incluyendo al alcalde Jose Fica, y el comandante de Bomberos, as\u00ed como miembros de la comunidad interesados en esta tem\u00e1tica.<\/p>\n<p style=\"text-align: justify;\">Patricio Raimilla, jefe de Servicio al Cliente de Edelaysen destac\u00f3: \u201cEsta iniciativa de nuestro colaborador Rimalco, es un ejemplo que destaca nuestro compromiso conjunto con la seguridad y bienestar de las comunidades a las que servimos. As\u00ed mismo, consideramos fundamental que los vecinos comprendan los riesgos asociados con la electricidad y las medidas preventivas que pueden adoptarse para evitar accidentes. Agradecemos los esfuerzos por promover la conciencia sobre este tema y reiteramos el compromiso continuo con la seguridad el\u00e9ctrica en todas nuestras operaciones\u201d.<\/p>\n<p style=\"text-align: justify;\">Cabe destacar que, entre las actividades realizadas, se concret\u00f3 una capacitaci\u00f3n donde se abordaron diversos aspectos relacionados con la seguridad el\u00e9ctrica, tratando tem\u00e1ticas importantes como la llegada de la electricidad a los hogares de la comunidad, destacando las fuentes de generaci\u00f3n de energ\u00eda de Edelaysen en la comuna, incluyendo la Central Diesel de Villa O`Higgins y la Central Hidroel\u00e9ctrica Hielos del Sur, ubicada en Bah\u00eda Bahamondes.<\/p>\n<p style=\"text-align: justify;\">Jos\u00e9 Fica, alcalde de la comuna de O\u2019Higgins destac\u00f3 que: \u201cRecibimos una capacitaci\u00f3n por parte del encargado de la Central Hidroel\u00e9ctrica de Villa O\u2019Higgins con respecto a los componentes de estos equipos. Tanto el equipo hidr\u00e1ulico como t\u00e9cnicos que funcionan en la localidad y explic\u00f3 el significado de la l\u00ednea de alta y baja tensi\u00f3n y los cuidados que hay que mantener con respecto a la seguridad para los trabajos cerca de estas l\u00edneas. Esto con respecto a la gente que trabaja con camiones y otros elementos que pudieran tener contacto y los riesgos que se puedan tener en este tema. Muy provechosa la instancia de fortalecimiento\u201d.<\/p>\n<p style=\"text-align: justify;\">Adem\u00e1s, se brind\u00f3 informaci\u00f3n detallada sobre la naturaleza de la corriente el\u00e9ctrica y los riesgos asociados a la electrocuci\u00f3n, enfatizando en la importancia de respetar las distancias de seguridad con las l\u00edneas el\u00e9ctricas para prevenir accidentes.<\/p>\n<p style=\"text-align: justify;\">Otro aspecto crucial abordado durante la capacitaci\u00f3n fue la comprensi\u00f3n de las normas de seguridad y su importancia en la prevenci\u00f3n de accidentes el\u00e9ctricos. Se destac\u00f3 c\u00f3mo estas normas est\u00e1n dise\u00f1adas para minimizar los riesgos y garantizar la seguridad tanto de los trabajadores como de la comunidad en general.<\/p>\n<p style=\"text-align: justify;\">Para Gianni Rivera, Gerente de Rimalco la actividad fue de gran importancia para la empresa destacando que \u201cEste tipo de acciones nos permite integrarnos y ser parte de la comunidad, creando instancias para acercarnos a los clientes, explicando en forma simple lo que implica generar y distribuir energ\u00eda el\u00e9ctrica, aprovechando adem\u00e1s de explicar temas como distancia y seguridad para disminuir el riesgo que implica trabajar cerca de las l\u00edneas el\u00e9ctricas. Agradezco a nuestro personal de Villa O\u2019Higgins que organiz\u00f3 y lider\u00f3 esta actividad, a Edelaysen por incentivarnos a mantener el foco en el cliente y a las personas que participaron de esta actividad\u201d.<\/p>\n<p style=\"text-align: justify;\">Asimismo, se alert\u00f3 sobre los peligros potenciales de los accidentes por contacto el\u00e9ctrico con maquinaria pesada y la importancia de respetar las distancias de seguridad con las l\u00edneas el\u00e9ctricas, proporcionando valiosas recomendaciones de seguridad para mitigar estos riesgos y fomentar un entorno laboral m\u00e1s seguro.<\/p>\n<p style=\"text-align: justify;\"><strong>\u00a0<\/strong><\/p>\n<p style=\"text-align: justify;\"><strong>\u00a0<\/strong><\/p>\n<p style=\"text-align: justify;\"><strong>\u00a0<\/strong><\/p>\n<\/div><\/section><\/div><div  style='height:50px' class='hr hr-invisible   avia-builder-el-6  el_after_av_one_full  el_before_av_social_share '><span class='hr-inner ' ><span class='hr-inner-style'><\/span><\/span><\/div><\/p>\n<div  class='av-social-sharing-box  avia-builder-el-7  el_after_av_hr  el_before_av_hr  '><div class='av-share-box'><h5 class='av-share-link-description av-no-toc '>Compartir esta noticia<\/h5><ul class='av-share-box-list noLightbox'><li class='av-share-link av-social-link-facebook' ><a target=\"_blank\" aria-label=\"Compartir en Facebook\" href='https:\/\/www.facebook.com\/sharer.php?u=https:\/\/radiorevelacionfm.cl\/?p=41416&#038;t=Edelaysen%20apoy%C3%B3%20la%20semana%20de%20la%20seguridad%20en%20Villa%20O%C2%B4Higgins' aria-hidden='false' data-av_icon='\ue8f3' data-av_iconfont='entypo-fontello' title='' data-avia-related-tooltip='Compartir en Facebook' rel=\"noopener\"><span class='avia_hidden_link_text'>Compartir en Facebook<\/span><\/a><\/li><li class='av-share-link av-social-link-twitter' ><a target=\"_blank\" aria-label=\"Compartir en Twitter\" href='https:\/\/twitter.com\/share?text=Edelaysen%20apoy%C3%B3%20la%20semana%20de%20la%20seguridad%20en%20Villa%20O%C2%B4Higgins&#038;url=https:\/\/radiorevelacionfm.cl\/?p=41416' aria-hidden='false' data-av_icon='\ue8f1' data-av_iconfont='entypo-fontello' title='' data-avia-related-tooltip='Compartir en Twitter' rel=\"noopener\"><span class='avia_hidden_link_text'>Compartir en Twitter<\/span><\/a><\/li><li class='av-share-link av-social-link-whatsapp' ><a target=\"_blank\" aria-label=\"Compartir en Whatsapp\" href='https:\/\/api.whatsapp.com\/send?text=https:\/\/radiorevelacionfm.cl\/?p=41416' aria-hidden='false' data-av_icon='\uf232' data-av_iconfont='entypo-fontello' title='' data-avia-related-tooltip='Compartir en Whatsapp' rel=\"noopener\"><span class='avia_hidden_link_text'>Compartir en Whatsapp<\/span><\/a><\/li><li class='av-share-link av-social-link-linkedin' ><a target=\"_blank\" aria-label=\"Compartir en LinkedIn\" href='https:\/\/linkedin.com\/shareArticle?mini=true&#038;title=Edelaysen%20apoy%C3%B3%20la%20semana%20de%20la%20seguridad%20en%20Villa%20O%C2%B4Higgins&#038;url=https:\/\/radiorevelacionfm.cl\/?p=41416' aria-hidden='false' data-av_icon='\ue8fc' data-av_iconfont='entypo-fontello' title='' data-avia-related-tooltip='Compartir en LinkedIn' rel=\"noopener\"><span class='avia_hidden_link_text'>Compartir en LinkedIn<\/span><\/a><\/li><li class='av-share-link av-social-link-mail' ><a  aria-label=\"Compartir por correo\" href='mailto:?subject=Edelaysen%20apoy%C3%B3%20la%20semana%20de%20la%20seguridad%20en%20Villa%20O%C2%B4Higgins&#038;body=https:\/\/radiorevelacionfm.cl\/?p=41416' aria-hidden='false' data-av_icon='\ue805' data-av_iconfont='entypo-fontello' title='' data-avia-related-tooltip='Compartir por correo'><span class='avia_hidden_link_text'>Compartir por correo<\/span><\/a><\/li><\/ul><\/div><\/div>\n<div  style='height:50px' class='hr hr-invisible   avia-builder-el-8  el_after_av_social_share  el_before_av_comments_list '><span class='hr-inner ' ><span class='hr-inner-style'><\/span><\/span><\/div>\n<div  class='av-buildercomment  av-blog-meta-html-info-disabled av-blog-meta-tag-disabled  '><\/div>\n","protected":false},"excerpt":{"rendered":"","protected":false},"author":1,"featured_media":41417,"comment_status":"open","ping_status":"open","sticky":false,"template":"","format":"standard","meta":{"footnotes":""},"categories":[38],"tags":[],"class_list":["post-41416","post","type-post","status-publish","format-standard","has-post-thumbnail","hentry","category-regional"],"jetpack_featured_media_url":"https:\/\/radiorevelacionfm.cl\/wp-content\/uploads\/2024\/04\/capacitacion-villa-ohiggins1-1_optimized.jpeg","_links":{"self":[{"href":"https:\/\/radiorevelacionfm.cl\/index.php?rest_route=\/wp\/v2\/posts\/41416","targetHints":{"allow":["GET"]}}],"collection":[{"href":"https:\/\/radiorevelacionfm.cl\/index.php?rest_route=\/wp\/v2\/posts"}],"about":[{"href":"https:\/\/radiorevelacionfm.cl\/index.php?rest_route=\/wp\/v2\/types\/post"}],"author":[{"embeddable":true,"href":"https:\/\/radiorevelacionfm.cl\/index.php?rest_route=\/wp\/v2\/users\/1"}],"replies":[{"embeddable":true,"href":"https:\/\/radiorevelacionfm.cl\/index.php?rest_route=%2Fwp%2Fv2%2Fcomments&post=41416"}],"version-history":[{"count":1,"href":"https:\/\/radiorevelacionfm.cl\/index.php?rest_route=\/wp\/v2\/posts\/41416\/revisions"}],"predecessor-version":[{"id":41418,"href":"https:\/\/radiorevelacionfm.cl\/index.php?rest_route=\/wp\/v2\/posts\/41416\/revisions\/41418"}],"wp:featuredmedia":[{"embeddable":true,"href":"https:\/\/radiorevelacionfm.cl\/index.php?rest_route=\/wp\/v2\/media\/41417"}],"wp:attachment":[{"href":"https:\/\/radiorevelacionfm.cl\/index.php?rest_route=%2Fwp%2Fv2%2Fmedia&parent=41416"}],"wp:term":[{"taxonomy":"category","embeddable":true,"href":"https:\/\/radiorevelacionfm.cl\/index.php?rest_route=%2Fwp%2Fv2%2Fcategories&post=41416"},{"taxonomy":"post_tag","embeddable":true,"href":"https:\/\/radiorevelacionfm.cl\/index.php?rest_route=%2Fwp%2Fv2%2Ftags&post=41416"}],"curies":[{"name":"wp","href":"https:\/\/api.w.org\/{rel}","templated":true}]}}