{"id":41410,"date":"2024-04-17T20:10:50","date_gmt":"2024-04-17T23:10:50","guid":{"rendered":"https:\/\/radiorevelacionfm.cl\/?p=41410"},"modified":"2024-04-17T20:10:50","modified_gmt":"2024-04-17T23:10:50","slug":"en-puerto-cisnes-detienen-a-sujeto-condenado-por-violacion-tras-permanecer-profugo-de-la-justicia-desde-el-ano-2021","status":"publish","type":"post","link":"https:\/\/radiorevelacionfm.cl\/?p=41410","title":{"rendered":"En Puerto Cisnes detienen a sujeto condenado por violaci\u00f3n tras permanecer pr\u00f3fugo de la justicia desde el a\u00f1o 2021"},"content":{"rendered":"<div class=\"flex_column av_one_full  flex_column_div av-zero-column-padding first  avia-builder-el-0  el_before_av_one_full  avia-builder-el-first  \" style='border-radius:0px; '><div  class='avia-image-container  av-styling-    avia-builder-el-1  avia-builder-el-no-sibling  avia-align-center '  itemprop=\"image\" itemscope=\"itemscope\" itemtype=\"https:\/\/schema.org\/ImageObject\"  ><div class='avia-image-container-inner'><div class='avia-image-overlay-wrap'><img decoding=\"async\" class='wp-image-41411 avia-img-lazy-loading-not-41411 avia_image' src=\"https:\/\/radiorevelacionfm.cl\/wp-content\/uploads\/2024\/04\/b696d9b7-d830-4c2e-bf6f-b5f394787639_optimized.jpg\" alt='' title='b696d9b7-d830-4c2e-bf6f-b5f394787639_optimized' height=\"609\" width=\"828\"  itemprop=\"thumbnailUrl\" srcset=\"https:\/\/radiorevelacionfm.cl\/wp-content\/uploads\/2024\/04\/b696d9b7-d830-4c2e-bf6f-b5f394787639_optimized.jpg 828w, https:\/\/radiorevelacionfm.cl\/wp-content\/uploads\/2024\/04\/b696d9b7-d830-4c2e-bf6f-b5f394787639_optimized-300x221.jpg 300w, https:\/\/radiorevelacionfm.cl\/wp-content\/uploads\/2024\/04\/b696d9b7-d830-4c2e-bf6f-b5f394787639_optimized-768x565.jpg 768w, https:\/\/radiorevelacionfm.cl\/wp-content\/uploads\/2024\/04\/b696d9b7-d830-4c2e-bf6f-b5f394787639_optimized-705x519.jpg 705w, https:\/\/radiorevelacionfm.cl\/wp-content\/uploads\/2024\/04\/b696d9b7-d830-4c2e-bf6f-b5f394787639_optimized-450x331.jpg 450w, https:\/\/radiorevelacionfm.cl\/wp-content\/uploads\/2024\/04\/b696d9b7-d830-4c2e-bf6f-b5f394787639_optimized-600x441.jpg 600w\" sizes=\"(max-width: 828px) 100vw, 828px\" \/><\/div><\/div><\/div><\/div><div class=\"flex_column av_one_full  flex_column_div av-zero-column-padding first  avia-builder-el-2  el_after_av_one_full  el_before_av_one_full  column-top-margin\" style='border-radius:0px; '><section class=\"av_textblock_section \"  itemscope=\"itemscope\" itemtype=\"https:\/\/schema.org\/BlogPosting\" itemprop=\"blogPost\" ><div class='avia_textblock  '   itemprop=\"text\" ><p style=\"text-align: center;\"><strong><span style=\"font-size: 18pt;\">En Puerto Cisnes detienen a sujeto condenado por violaci\u00f3n tras permanecer pr\u00f3fugo de la justicia desde el a\u00f1o 2021<\/span><\/strong><\/p>\n<div id=\"gtx-trans\" style=\"position: absolute; left: -50px; top: 4.31534px;\">\n<div class=\"gtx-trans-icon\"><\/div>\n<\/div>\n<\/div><\/section><\/div><div class=\"flex_column av_one_full  flex_column_div av-zero-column-padding first  avia-builder-el-4  el_after_av_one_full  el_before_av_hr  column-top-margin\" style='border-radius:0px; '><section class=\"av_textblock_section \"  itemscope=\"itemscope\" itemtype=\"https:\/\/schema.org\/BlogPosting\" itemprop=\"blogPost\" ><div class='avia_textblock  '   itemprop=\"text\" ><p class=\"v1gmail-western\" style=\"text-align: justify;\" align=\"justify\">&#8211; El sujeto, quien est\u00e1 condenado a siete a\u00f1os de presidio mayor en su grado m\u00ednimo, registraba m\u00faltiples domicilios en diversas comunas, pudiendo ser localizado residiendo\u00a0<span style=\"color: #000000;\"><span style=\"font-family: Liberation Serif, Times New Roman, serif;\"><span lang=\"es-CL\">cerca<\/span><\/span><\/span>\u00a0de un jard\u00edn infantil.<\/p>\n<p class=\"v1gmail-western\" style=\"text-align: justify;\" align=\"justify\">&#8211; El detenido registra antecedentes previos por tr\u00e1fico de drogas en peque\u00f1as cantidades, hurto y deuda de pensi\u00f3n de alimentos.<\/p>\n<p class=\"v1gmail-western\" style=\"text-align: justify;\" align=\"justify\">Tras el desarrollo de diligencias investigativas apoyadas por personal especializado, Carabineros de la Subcomisar\u00eda de Puerto Cisnes, detuvo a sujeto de 50 a\u00f1os de edad -de alta peligrosidad- condenado a la pena de siete a\u00f1os de presidio mayor en su grado m\u00ednimo por el delito de violaci\u00f3n, quien se encontraba pr\u00f3fugo de la justicia desde el a\u00f1o 2021 y actualmente residiendo frente a un jard\u00edn infantil de la comuna.<\/p>\n<p class=\"v1gmail-western\" style=\"text-align: justify;\" align=\"justify\">Seg\u00fan indic\u00f3 el Subcomisario de Carabineros de Puerto Cisnes, Teniente Ricardo Mendoza Valenzuela, el sujeto manten\u00eda domicilio en diferentes comunas, logrando en el transcurso de esta jornada establecer su paradero y materializar as\u00ed su detenci\u00f3n para cumplir condena.<\/p>\n<p class=\"v1gmail-western\" style=\"text-align: justify;\" align=\"justify\">\u00abLos equipos especializados de la Secci\u00f3n de Investigaci\u00f3n Policial (SIP) logran dar con informaci\u00f3n importante respecto a un domicilio en el cual se encontraba este sujeto que estaba pr\u00f3fugo de la justicia desde el a\u00f1o 2021, procediendo a su detenci\u00f3n y traslado al cuartel policial de la Subcomisar\u00eda de Puerto Cisnes\u00bb, detall\u00f3 el Oficial.<\/p>\n<p class=\"v1gmail-western\" style=\"text-align: justify;\" align=\"justify\">El detenido registra antecedentes previos por los delitos de tr\u00e1fico de drogas en peque\u00f1as cantidades, hurto y deuda de pensi\u00f3n de alimentos.<\/p>\n<p class=\"v1gmail-western\" style=\"text-align: justify;\" align=\"justify\">Carabineros realiza las coordinaciones con el Tribunal, Fiscal\u00eda y Gendarmer\u00eda de Chile para el traslado del sujeto al Centro de Cumplimiento Penitenciario con la finalidad de ser ingresado a cumplir condena.<\/p>\n<p class=\"v1gmail-western\" style=\"text-align: justify;\" align=\"justify\">Cabe consignar que desde el mes de enero al 14 de abril del presente a\u00f1o, Carabineros registra 1.484 detenidos por diversos delitos a lo largo de la regi\u00f3n de Ays\u00e9n, de los cuales 1<span style=\"color: #000000;\"><span style=\"font-family: Liberation Serif, Times New Roman, serif;\"><span lang=\"es-CL\">78<\/span><\/span><\/span>\u00a0son por mantener \u00f3rdenes de detenci\u00f3n pendiente, de ellas, 11 son por robo, 6 por hurto, 27 por lesiones, 27 por conducci\u00f3n en estado de ebriedad y 107 por otras causas.<\/p>\n<\/div><\/section><\/div><div  style='height:50px' class='hr hr-invisible   avia-builder-el-6  el_after_av_one_full  el_before_av_social_share '><span class='hr-inner ' ><span class='hr-inner-style'><\/span><\/span><\/div><\/p>\n<div  class='av-social-sharing-box  avia-builder-el-7  el_after_av_hr  el_before_av_hr  '><div class='av-share-box'><h5 class='av-share-link-description av-no-toc '>Compartir esta noticia<\/h5><ul class='av-share-box-list noLightbox'><li class='av-share-link av-social-link-facebook' ><a target=\"_blank\" aria-label=\"Compartir en Facebook\" href='https:\/\/www.facebook.com\/sharer.php?u=https:\/\/radiorevelacionfm.cl\/?p=41410&#038;t=En%20Puerto%20Cisnes%20detienen%20a%20sujeto%20condenado%20por%20violaci%C3%B3n%20tras%20permanecer%20pr%C3%B3fugo%20de%20la%20justicia%20desde%20el%20a%C3%B1o%202021' aria-hidden='false' data-av_icon='\ue8f3' data-av_iconfont='entypo-fontello' title='' data-avia-related-tooltip='Compartir en Facebook' rel=\"noopener\"><span class='avia_hidden_link_text'>Compartir en Facebook<\/span><\/a><\/li><li class='av-share-link av-social-link-twitter' ><a target=\"_blank\" aria-label=\"Compartir en Twitter\" href='https:\/\/twitter.com\/share?text=En%20Puerto%20Cisnes%20detienen%20a%20sujeto%20condenado%20por%20violaci%C3%B3n%20tras%20permanecer%20pr%C3%B3fugo%20de%20la%20justicia%20desde%20el%20a%C3%B1o%202021&#038;url=https:\/\/radiorevelacionfm.cl\/?p=41410' aria-hidden='false' data-av_icon='\ue8f1' data-av_iconfont='entypo-fontello' title='' data-avia-related-tooltip='Compartir en Twitter' rel=\"noopener\"><span class='avia_hidden_link_text'>Compartir en Twitter<\/span><\/a><\/li><li class='av-share-link av-social-link-whatsapp' ><a target=\"_blank\" aria-label=\"Compartir en Whatsapp\" href='https:\/\/api.whatsapp.com\/send?text=https:\/\/radiorevelacionfm.cl\/?p=41410' aria-hidden='false' data-av_icon='\uf232' data-av_iconfont='entypo-fontello' title='' data-avia-related-tooltip='Compartir en Whatsapp' rel=\"noopener\"><span class='avia_hidden_link_text'>Compartir en Whatsapp<\/span><\/a><\/li><li class='av-share-link av-social-link-linkedin' ><a target=\"_blank\" aria-label=\"Compartir en LinkedIn\" href='https:\/\/linkedin.com\/shareArticle?mini=true&#038;title=En%20Puerto%20Cisnes%20detienen%20a%20sujeto%20condenado%20por%20violaci%C3%B3n%20tras%20permanecer%20pr%C3%B3fugo%20de%20la%20justicia%20desde%20el%20a%C3%B1o%202021&#038;url=https:\/\/radiorevelacionfm.cl\/?p=41410' aria-hidden='false' data-av_icon='\ue8fc' data-av_iconfont='entypo-fontello' title='' data-avia-related-tooltip='Compartir en LinkedIn' rel=\"noopener\"><span class='avia_hidden_link_text'>Compartir en LinkedIn<\/span><\/a><\/li><li class='av-share-link av-social-link-mail' ><a  aria-label=\"Compartir por correo\" href='mailto:?subject=En%20Puerto%20Cisnes%20detienen%20a%20sujeto%20condenado%20por%20violaci%C3%B3n%20tras%20permanecer%20pr%C3%B3fugo%20de%20la%20justicia%20desde%20el%20a%C3%B1o%202021&#038;body=https:\/\/radiorevelacionfm.cl\/?p=41410' aria-hidden='false' data-av_icon='\ue805' data-av_iconfont='entypo-fontello' title='' data-avia-related-tooltip='Compartir por correo'><span class='avia_hidden_link_text'>Compartir por correo<\/span><\/a><\/li><\/ul><\/div><\/div>\n<div  style='height:50px' class='hr hr-invisible   avia-builder-el-8  el_after_av_social_share  el_before_av_comments_list '><span class='hr-inner ' ><span class='hr-inner-style'><\/span><\/span><\/div>\n<div  class='av-buildercomment  av-blog-meta-html-info-disabled av-blog-meta-tag-disabled  '><\/div>\n","protected":false},"excerpt":{"rendered":"","protected":false},"author":1,"featured_media":41411,"comment_status":"open","ping_status":"open","sticky":false,"template":"","format":"standard","meta":{"footnotes":""},"categories":[36],"tags":[],"class_list":["post-41410","post","type-post","status-publish","format-standard","has-post-thumbnail","hentry","category-policial"],"jetpack_featured_media_url":"https:\/\/radiorevelacionfm.cl\/wp-content\/uploads\/2024\/04\/b696d9b7-d830-4c2e-bf6f-b5f394787639_optimized.jpg","_links":{"self":[{"href":"https:\/\/radiorevelacionfm.cl\/index.php?rest_route=\/wp\/v2\/posts\/41410","targetHints":{"allow":["GET"]}}],"collection":[{"href":"https:\/\/radiorevelacionfm.cl\/index.php?rest_route=\/wp\/v2\/posts"}],"about":[{"href":"https:\/\/radiorevelacionfm.cl\/index.php?rest_route=\/wp\/v2\/types\/post"}],"author":[{"embeddable":true,"href":"https:\/\/radiorevelacionfm.cl\/index.php?rest_route=\/wp\/v2\/users\/1"}],"replies":[{"embeddable":true,"href":"https:\/\/radiorevelacionfm.cl\/index.php?rest_route=%2Fwp%2Fv2%2Fcomments&post=41410"}],"version-history":[{"count":1,"href":"https:\/\/radiorevelacionfm.cl\/index.php?rest_route=\/wp\/v2\/posts\/41410\/revisions"}],"predecessor-version":[{"id":41412,"href":"https:\/\/radiorevelacionfm.cl\/index.php?rest_route=\/wp\/v2\/posts\/41410\/revisions\/41412"}],"wp:featuredmedia":[{"embeddable":true,"href":"https:\/\/radiorevelacionfm.cl\/index.php?rest_route=\/wp\/v2\/media\/41411"}],"wp:attachment":[{"href":"https:\/\/radiorevelacionfm.cl\/index.php?rest_route=%2Fwp%2Fv2%2Fmedia&parent=41410"}],"wp:term":[{"taxonomy":"category","embeddable":true,"href":"https:\/\/radiorevelacionfm.cl\/index.php?rest_route=%2Fwp%2Fv2%2Fcategories&post=41410"},{"taxonomy":"post_tag","embeddable":true,"href":"https:\/\/radiorevelacionfm.cl\/index.php?rest_route=%2Fwp%2Fv2%2Ftags&post=41410"}],"curies":[{"name":"wp","href":"https:\/\/api.w.org\/{rel}","templated":true}]}}