{"id":41407,"date":"2024-04-18T13:00:01","date_gmt":"2024-04-18T16:00:01","guid":{"rendered":"https:\/\/radiorevelacionfm.cl\/?p=41407"},"modified":"2024-04-18T13:00:01","modified_gmt":"2024-04-18T16:00:01","slug":"interoperabilidad-de-fichas-clinicas-senadora-ordenes-sostuvo-que-hay-leyes-sencillas-que-pueden-salvar-vidas-y-esta-es-una-de-ellas","status":"publish","type":"post","link":"https:\/\/radiorevelacionfm.cl\/?p=41407","title":{"rendered":"Interoperabilidad de Fichas Cl\u00ednicas: Senadora \u00d3rdenes sostuvo que \u201chay leyes sencillas que pueden salvar vidas y esta es una de ellas\u201d"},"content":{"rendered":"<div class=\"flex_column av_one_full  flex_column_div av-zero-column-padding first  avia-builder-el-0  el_before_av_one_full  avia-builder-el-first  \" style='border-radius:0px; '><div  class='avia-image-container  av-styling-    avia-builder-el-1  avia-builder-el-no-sibling  avia-align-center '  itemprop=\"image\" itemscope=\"itemscope\" itemtype=\"https:\/\/schema.org\/ImageObject\"  ><div class='avia-image-container-inner'><div class='avia-image-overlay-wrap'><img decoding=\"async\" class='wp-image-41408 avia-img-lazy-loading-not-41408 avia_image' src=\"https:\/\/radiorevelacionfm.cl\/wp-content\/uploads\/2024\/04\/Senadora-foto-02-1-2.jpeg\" alt='' title='Senadora foto 02 (1) (2)' height=\"600\" width=\"901\"  itemprop=\"thumbnailUrl\" srcset=\"https:\/\/radiorevelacionfm.cl\/wp-content\/uploads\/2024\/04\/Senadora-foto-02-1-2.jpeg 901w, https:\/\/radiorevelacionfm.cl\/wp-content\/uploads\/2024\/04\/Senadora-foto-02-1-2-300x200.jpeg 300w, https:\/\/radiorevelacionfm.cl\/wp-content\/uploads\/2024\/04\/Senadora-foto-02-1-2-768x511.jpeg 768w, https:\/\/radiorevelacionfm.cl\/wp-content\/uploads\/2024\/04\/Senadora-foto-02-1-2-705x469.jpeg 705w, https:\/\/radiorevelacionfm.cl\/wp-content\/uploads\/2024\/04\/Senadora-foto-02-1-2-450x300.jpeg 450w, https:\/\/radiorevelacionfm.cl\/wp-content\/uploads\/2024\/04\/Senadora-foto-02-1-2-600x400.jpeg 600w\" sizes=\"(max-width: 901px) 100vw, 901px\" \/><\/div><\/div><\/div><\/div><div class=\"flex_column av_one_full  flex_column_div av-zero-column-padding first  avia-builder-el-2  el_after_av_one_full  el_before_av_one_full  column-top-margin\" style='border-radius:0px; '><section class=\"av_textblock_section \"  itemscope=\"itemscope\" itemtype=\"https:\/\/schema.org\/BlogPosting\" itemprop=\"blogPost\" ><div class='avia_textblock  '   itemprop=\"text\" ><p style=\"text-align: center;\"><span style=\"font-size: 18pt;\"><strong>Interoperabilidad de Fichas Cl\u00ednicas: Senadora \u00d3rdenes sostuvo que \u201chay leyes sencillas que pueden salvar vidas y esta es una de ellas\u201d<\/strong><\/span><\/p>\n<div id=\"gtx-trans\" style=\"position: absolute; left: -50px; top: 4.31534px;\">\n<div class=\"gtx-trans-icon\"><\/div>\n<\/div>\n<\/div><\/section><\/div><div class=\"flex_column av_one_full  flex_column_div av-zero-column-padding first  avia-builder-el-4  el_after_av_one_full  el_before_av_hr  column-top-margin\" style='border-radius:0px; '><section class=\"av_textblock_section \"  itemscope=\"itemscope\" itemtype=\"https:\/\/schema.org\/BlogPosting\" itemprop=\"blogPost\" ><div class='avia_textblock  '   itemprop=\"text\" ><p style=\"text-align: justify;\">El proyecto que establece la interoperabilidad de las fichas cl\u00ednicas qued\u00f3 en condiciones de ser ley, luego de lograr los apoyos necesarios -40 votos a favor- en la Sala del Senado. La iniciativa tiene el objetivo de que los pacientes puedan acceder a su informaci\u00f3n m\u00e9dica, la cual estar\u00e1 de manera centralizada en una plataforma, independiente del prestador, sistematizando y facilitando el uso de datos m\u00e9dicos.<\/p>\n<p style=\"text-align: justify;\">En palabras de la senadora por la Regi\u00f3n de Ays\u00e9n, Ximena \u00d3rdenes Neira, quien valor\u00f3 positivamente la iniciativa, \u201chay leyes sencillas que pueden salvar vidas y esta es una de ellas\u201d. La parlamentaria fue parte del an\u00e1lisis y tramitaci\u00f3n del proyecto desde su participaci\u00f3n en la Comisi\u00f3n de Salud del Senado, por lo que en medio del debate que se dio esta semana en la Sala, respald\u00f3 la propuesta e invit\u00f3 a sus colegisladores a aprobarla.<\/p>\n<p style=\"text-align: justify;\">\u201cHablamos de un sistema de salud centrado en los pacientes y que garantice la libre elecci\u00f3n de prestadores, por eso, se requiere contar con un modelo que gestione de manera eficiente y asequible la informaci\u00f3n cl\u00ednica de las personas, de manera que exista una trazabilidad que pueda ser seguida por cualquier profesional que participe en su atenci\u00f3n, ya sea que se trate de prestadores institucionales o individuales\u201d, enfatiz\u00f3 la senadora \u00d3rdenes, indicando que esto es \u201calgo que se dificulta en nuestra actual regulaci\u00f3n en la materia, que a nivel de titulares, garantiza que la informaci\u00f3n de salud deba encontrarse a disposici\u00f3n del profesional que participa directamente en la atenci\u00f3n del paciente, pero presenta un vac\u00edo en cuento al desarrollo de esta disposici\u00f3n para hacerla efectiva\u201d.<\/p>\n<p style=\"text-align: justify;\">Finalmente la parlamentaria se\u00f1al\u00f3 que \u201cesta ley plantea un desaf\u00edo importante al Sistema de Salud, que es completar el proceso de digitalizaci\u00f3n de la informaci\u00f3n de los pacientes que hoy se ha estimado con un 95% de avance en la atenci\u00f3n primaria y cerca de un 75% de progreso en la atenci\u00f3n secundaria y terciaria\u201d. De este modo, destac\u00f3 el trabajo realizado por el Ministerio de Salud en pro de la digitalizaci\u00f3n, enmarcado en la ley de telemedicina, pero recalc\u00f3 la importancia de completar esta tarea para contar con una plataforma que logre el cruce de antecedentes m\u00e9dicos en tiempo real. \u201cSi bien, el proyecto permite las fichas cl\u00ednicas en formato papel, tenemos que avanzar a un formato digital. Es lo m\u00e1s efectivo y lo que va a hacer posible la interoperabilidad\u201d, profundiz\u00f3 \u00d3rdenes.<\/p>\n<p style=\"text-align: justify;\">Entre otros elementos destacables, el proyecto garantiza la continuidad del cuidado del paciente con independencia de quien sea el prestador, tanto p\u00fablicos, como privados, fijando est\u00e1ndares uniformes. Al mismo tiempo, refuerza la protecci\u00f3n de los datos personales y la seguridad de la informaci\u00f3n, como tambi\u00e9n, sanciona la negativa o retardo injustificado en la entrega de informaci\u00f3n de las fichas cl\u00ednicas.<\/p>\n<\/div><\/section><\/div><div  style='height:50px' class='hr hr-invisible   avia-builder-el-6  el_after_av_one_full  el_before_av_social_share '><span class='hr-inner ' ><span class='hr-inner-style'><\/span><\/span><\/div><\/p>\n<div  class='av-social-sharing-box  avia-builder-el-7  el_after_av_hr  el_before_av_hr  '><div class='av-share-box'><h5 class='av-share-link-description av-no-toc '>Compartir esta noticia<\/h5><ul class='av-share-box-list noLightbox'><li class='av-share-link av-social-link-facebook' ><a target=\"_blank\" aria-label=\"Compartir en Facebook\" href='https:\/\/www.facebook.com\/sharer.php?u=https:\/\/radiorevelacionfm.cl\/?p=41407&#038;t=Interoperabilidad%20de%20Fichas%20Cl%C3%ADnicas%3A%20Senadora%20%C3%93rdenes%20sostuvo%20que%20%E2%80%9Chay%20leyes%20sencillas%20que%20pueden%20salvar%20vidas%20y%20esta%20es%20una%20de%20ellas%E2%80%9D' aria-hidden='false' data-av_icon='\ue8f3' data-av_iconfont='entypo-fontello' title='' data-avia-related-tooltip='Compartir en Facebook' rel=\"noopener\"><span class='avia_hidden_link_text'>Compartir en Facebook<\/span><\/a><\/li><li class='av-share-link av-social-link-twitter' ><a target=\"_blank\" aria-label=\"Compartir en Twitter\" href='https:\/\/twitter.com\/share?text=Interoperabilidad%20de%20Fichas%20Cl%C3%ADnicas%3A%20Senadora%20%C3%93rdenes%20sostuvo%20que%20%E2%80%9Chay%20leyes%20sencillas%20que%20pueden%20salvar%20vidas%20y%20esta%20es%20una%20de%20ellas%E2%80%9D&#038;url=https:\/\/radiorevelacionfm.cl\/?p=41407' aria-hidden='false' data-av_icon='\ue8f1' data-av_iconfont='entypo-fontello' title='' data-avia-related-tooltip='Compartir en Twitter' rel=\"noopener\"><span class='avia_hidden_link_text'>Compartir en Twitter<\/span><\/a><\/li><li class='av-share-link av-social-link-whatsapp' ><a target=\"_blank\" aria-label=\"Compartir en Whatsapp\" href='https:\/\/api.whatsapp.com\/send?text=https:\/\/radiorevelacionfm.cl\/?p=41407' aria-hidden='false' data-av_icon='\uf232' data-av_iconfont='entypo-fontello' title='' data-avia-related-tooltip='Compartir en Whatsapp' rel=\"noopener\"><span class='avia_hidden_link_text'>Compartir en Whatsapp<\/span><\/a><\/li><li class='av-share-link av-social-link-linkedin' ><a target=\"_blank\" aria-label=\"Compartir en LinkedIn\" href='https:\/\/linkedin.com\/shareArticle?mini=true&#038;title=Interoperabilidad%20de%20Fichas%20Cl%C3%ADnicas%3A%20Senadora%20%C3%93rdenes%20sostuvo%20que%20%E2%80%9Chay%20leyes%20sencillas%20que%20pueden%20salvar%20vidas%20y%20esta%20es%20una%20de%20ellas%E2%80%9D&#038;url=https:\/\/radiorevelacionfm.cl\/?p=41407' aria-hidden='false' data-av_icon='\ue8fc' data-av_iconfont='entypo-fontello' title='' data-avia-related-tooltip='Compartir en LinkedIn' rel=\"noopener\"><span class='avia_hidden_link_text'>Compartir en LinkedIn<\/span><\/a><\/li><li class='av-share-link av-social-link-mail' ><a  aria-label=\"Compartir por correo\" href='mailto:?subject=Interoperabilidad%20de%20Fichas%20Cl%C3%ADnicas%3A%20Senadora%20%C3%93rdenes%20sostuvo%20que%20%E2%80%9Chay%20leyes%20sencillas%20que%20pueden%20salvar%20vidas%20y%20esta%20es%20una%20de%20ellas%E2%80%9D&#038;body=https:\/\/radiorevelacionfm.cl\/?p=41407' aria-hidden='false' data-av_icon='\ue805' data-av_iconfont='entypo-fontello' title='' data-avia-related-tooltip='Compartir por correo'><span class='avia_hidden_link_text'>Compartir por correo<\/span><\/a><\/li><\/ul><\/div><\/div>\n<div  style='height:50px' class='hr hr-invisible   avia-builder-el-8  el_after_av_social_share  el_before_av_comments_list '><span class='hr-inner ' ><span class='hr-inner-style'><\/span><\/span><\/div>\n<div  class='av-buildercomment  av-blog-meta-html-info-disabled av-blog-meta-tag-disabled  '><\/div>\n","protected":false},"excerpt":{"rendered":"","protected":false},"author":1,"featured_media":41408,"comment_status":"open","ping_status":"open","sticky":false,"template":"","format":"standard","meta":{"footnotes":""},"categories":[35],"tags":[],"class_list":["post-41407","post","type-post","status-publish","format-standard","has-post-thumbnail","hentry","category-politica"],"jetpack_featured_media_url":"https:\/\/radiorevelacionfm.cl\/wp-content\/uploads\/2024\/04\/Senadora-foto-02-1-2.jpeg","_links":{"self":[{"href":"https:\/\/radiorevelacionfm.cl\/index.php?rest_route=\/wp\/v2\/posts\/41407","targetHints":{"allow":["GET"]}}],"collection":[{"href":"https:\/\/radiorevelacionfm.cl\/index.php?rest_route=\/wp\/v2\/posts"}],"about":[{"href":"https:\/\/radiorevelacionfm.cl\/index.php?rest_route=\/wp\/v2\/types\/post"}],"author":[{"embeddable":true,"href":"https:\/\/radiorevelacionfm.cl\/index.php?rest_route=\/wp\/v2\/users\/1"}],"replies":[{"embeddable":true,"href":"https:\/\/radiorevelacionfm.cl\/index.php?rest_route=%2Fwp%2Fv2%2Fcomments&post=41407"}],"version-history":[{"count":1,"href":"https:\/\/radiorevelacionfm.cl\/index.php?rest_route=\/wp\/v2\/posts\/41407\/revisions"}],"predecessor-version":[{"id":41409,"href":"https:\/\/radiorevelacionfm.cl\/index.php?rest_route=\/wp\/v2\/posts\/41407\/revisions\/41409"}],"wp:featuredmedia":[{"embeddable":true,"href":"https:\/\/radiorevelacionfm.cl\/index.php?rest_route=\/wp\/v2\/media\/41408"}],"wp:attachment":[{"href":"https:\/\/radiorevelacionfm.cl\/index.php?rest_route=%2Fwp%2Fv2%2Fmedia&parent=41407"}],"wp:term":[{"taxonomy":"category","embeddable":true,"href":"https:\/\/radiorevelacionfm.cl\/index.php?rest_route=%2Fwp%2Fv2%2Fcategories&post=41407"},{"taxonomy":"post_tag","embeddable":true,"href":"https:\/\/radiorevelacionfm.cl\/index.php?rest_route=%2Fwp%2Fv2%2Ftags&post=41407"}],"curies":[{"name":"wp","href":"https:\/\/api.w.org\/{rel}","templated":true}]}}