{"id":41401,"date":"2024-04-18T10:55:54","date_gmt":"2024-04-18T13:55:54","guid":{"rendered":"https:\/\/radiorevelacionfm.cl\/?p=41401"},"modified":"2024-04-18T10:55:54","modified_gmt":"2024-04-18T13:55:54","slug":"docentes-y-educadoras-participaron-en-campamento-explora-va-para-fortalecer-las-ciencias-y-la-innovacion-en-aulas-de-aysen","status":"publish","type":"post","link":"https:\/\/radiorevelacionfm.cl\/?p=41401","title":{"rendered":"Docentes y educadoras participaron en Campamento \u201cExplora Va!\u201d para fortalecer las ciencias y la innovaci\u00f3n en aulas de Ays\u00e9n"},"content":{"rendered":"<div class=\"flex_column av_one_full  flex_column_div av-zero-column-padding first  avia-builder-el-0  el_before_av_one_full  avia-builder-el-first  \" style='border-radius:0px; '><div  class='avia-image-container  av-styling-    avia-builder-el-1  avia-builder-el-no-sibling  avia-align-center '  itemprop=\"image\" itemscope=\"itemscope\" itemtype=\"https:\/\/schema.org\/ImageObject\"  ><div class='avia-image-container-inner'><div class='avia-image-overlay-wrap'><img decoding=\"async\" class='wp-image-41402 avia-img-lazy-loading-not-41402 avia_image' src=\"https:\/\/radiorevelacionfm.cl\/wp-content\/uploads\/2024\/04\/explora-va-1_optimized-1.jpeg\" alt='' title='explora-va-(1)_optimized (1)' height=\"600\" width=\"1067\"  itemprop=\"thumbnailUrl\" srcset=\"https:\/\/radiorevelacionfm.cl\/wp-content\/uploads\/2024\/04\/explora-va-1_optimized-1.jpeg 1067w, https:\/\/radiorevelacionfm.cl\/wp-content\/uploads\/2024\/04\/explora-va-1_optimized-1-300x169.jpeg 300w, https:\/\/radiorevelacionfm.cl\/wp-content\/uploads\/2024\/04\/explora-va-1_optimized-1-1030x579.jpeg 1030w, https:\/\/radiorevelacionfm.cl\/wp-content\/uploads\/2024\/04\/explora-va-1_optimized-1-768x432.jpeg 768w, https:\/\/radiorevelacionfm.cl\/wp-content\/uploads\/2024\/04\/explora-va-1_optimized-1-705x396.jpeg 705w, https:\/\/radiorevelacionfm.cl\/wp-content\/uploads\/2024\/04\/explora-va-1_optimized-1-450x253.jpeg 450w, https:\/\/radiorevelacionfm.cl\/wp-content\/uploads\/2024\/04\/explora-va-1_optimized-1-600x337.jpeg 600w\" sizes=\"(max-width: 1067px) 100vw, 1067px\" \/><\/div><\/div><\/div><\/div><div class=\"flex_column av_one_full  flex_column_div av-zero-column-padding first  avia-builder-el-2  el_after_av_one_full  el_before_av_one_full  column-top-margin\" style='border-radius:0px; '><section class=\"av_textblock_section \"  itemscope=\"itemscope\" itemtype=\"https:\/\/schema.org\/BlogPosting\" itemprop=\"blogPost\" ><div class='avia_textblock  '   itemprop=\"text\" ><p style=\"text-align: center;\"><span style=\"font-size: 18pt;\"><strong>Docentes y educadoras participaron en Campamento \u201cExplora Va!\u201d para fortalecer las ciencias y la innovaci\u00f3n en aulas de Ays\u00e9n<\/strong><\/span><\/p>\n<div id=\"gtx-trans\" style=\"position: absolute; left: -50px; top: 4.31534px;\">\n<div class=\"gtx-trans-icon\"><\/div>\n<\/div>\n<\/div><\/section><\/div><div class=\"flex_column av_one_full  flex_column_div av-zero-column-padding first  avia-builder-el-4  el_after_av_one_full  el_before_av_hr  column-top-margin\" style='border-radius:0px; '><section class=\"av_textblock_section \"  itemscope=\"itemscope\" itemtype=\"https:\/\/schema.org\/BlogPosting\" itemprop=\"blogPost\" ><div class='avia_textblock  '   itemprop=\"text\" ><p style=\"text-align: justify;\"><em>El inspirador encuentro, impulsado por el PAR Explora Ays\u00e9n, congreg\u00f3 integrantes de comunidades escolares de catorce localidades de la regi\u00f3n de Ays\u00e9n, para motivar y dise\u00f1ar estrategias que permitan fortalecer las ciencias y la innovaci\u00f3n en las pr\u00e1cticas pedag\u00f3gicas <\/em><em>escolares.<\/em><\/p>\n<p style=\"text-align: justify;\">Veinticinco docentes y educadoras de la regi\u00f3n de Ays\u00e9n participaron en las jornadas de reflexi\u00f3n y aprendizaje del Campamento Explora Va!, impulsado por el Proyecto Explora Ays\u00e9n del Ministerio de Ciencia y el Campus Patagonia de la Universidad Austral de Chile.<\/p>\n<p style=\"text-align: justify;\">En sus cinco jornadas, el Campamento Explora Va! busc\u00f3 fortalecer competencias que apoyen la educaci\u00f3n en ciencias, tecnolog\u00eda, conocimiento e innovaci\u00f3n en las comunidades educativas, ofreciendo a docentes y educadoras un enriquecedor espacio para el intercambio de experiencias y el aprendizaje de nuevas estrategias pedag\u00f3gicas en compa\u00f1\u00eda de pares y especialistas.<\/p>\n<p style=\"text-align: justify;\">\u201cLa experiencia ha significado el poder compartir con otros colegas sobre distintas metodolog\u00edas, formas de abordar la ciencia, la innovaci\u00f3n, desde una perspectiva tambi\u00e9n muy territorial, en donde pudimos compartir tambi\u00e9n con expertos en distintas \u00e1reas como paleontolog\u00eda, el aprendizaje basado en problemas, y de qu\u00e9 forma estas metodolog\u00edas nos pueden servir en nuestra pr\u00e1ctica diaria\u201d se\u00f1al\u00f3 Fernanda Alvarado, profesora de la Escuela Carlos Condell de Caleta Andrade.<\/p>\n<p style=\"text-align: justify;\">Todo comenz\u00f3 el d\u00eda 4 de abril con una charla virtual a cargo de Nolfa Ib\u00e1\u00f1ez, Premio Nacional de Ciencias de la Educaci\u00f3n 2021, quien convers\u00f3 sobre los ejes que deber\u00edan guiar el quehacer docente y la construcci\u00f3n del saber pedag\u00f3gico, reflexionado sobre las concepciones de aprendizaje, diversidad, y la importancia de las emociones en Educaci\u00f3n.<\/p>\n<p style=\"text-align: justify;\">Posteriormente, entre el 10 y 13 de abril, las(os) participantes Explora Va! se reunieron en el centro tur\u00edstico Pared Sur, en las cercan\u00edas de Puerto Guadal, para dar curso a las actividades en terreno, que incluyeron talleres te\u00f3ricos, pr\u00e1cticos y experiencias para promover la formaci\u00f3n de redes de colaboraci\u00f3n.<\/p>\n<p style=\"text-align: justify;\">Uno de los relatores fue Pablo Guti\u00e9rrez, mag\u00edster en Desarrollo curricular y proyectos educativos e investigador del Centro UC de Desarrollo Local, quien present\u00f3 metodolog\u00edas que permitieran a las(os) participantes abordar estrategias de ense\u00f1anza basadas en el aprendizaje creativo, generando espacios participativos y de retroalimentaci\u00f3n.<\/p>\n<p style=\"text-align: justify;\">Tambi\u00e9n particip\u00f3 como relatora, la paleont\u00f3loga Estefan\u00eda Fernandez, estudiante de Mag\u00edster en Paleontolog\u00eda en la Universidad Austral de Chile, quien desarroll\u00f3 actividades pr\u00e1cticas y reflexion\u00f3 sobre el rol de las mujeres en ciencia, de la paleontolog\u00eda en la sociedad y sobre su importancia para la protecci\u00f3n de los territorios.<\/p>\n<p style=\"text-align: justify;\">\u201cLa elecci\u00f3n de las tem\u00e1ticas y los relatores hizo que esto fuera s\u00faper din\u00e1mico y creo que eso se agradece mucho. Nos toc\u00f3 escuchar y hacer, y creo que eso es lo m\u00e1s importante, porque nos vamos con las herramientas necesarias para transmitirlo despu\u00e9s a nuestros ni\u00f1os y ni\u00f1as\u201d se\u00f1al\u00f3 Sandra Morales, profesora de la Escuela Eusebio Ibar Schepeler de La Junta.<\/p>\n<p style=\"text-align: justify;\">Las jornadas finalizaron con un bloque de planificaci\u00f3n, donde las(os) participantes dise\u00f1aron actividades que permitir\u00e1n llevar lo aprendido al aula y a sus comunidades escolares, para volver a reunirse en un encuentro final de retroalimentaci\u00f3n a fines de septiembre.<\/p>\n<\/div><\/section><\/div><div  style='height:50px' class='hr hr-invisible   avia-builder-el-6  el_after_av_one_full  el_before_av_social_share '><span class='hr-inner ' ><span class='hr-inner-style'><\/span><\/span><\/div><\/p>\n<div  class='av-social-sharing-box  avia-builder-el-7  el_after_av_hr  el_before_av_hr  '><div class='av-share-box'><h5 class='av-share-link-description av-no-toc '>Compartir esta noticia<\/h5><ul class='av-share-box-list noLightbox'><li class='av-share-link av-social-link-facebook' ><a target=\"_blank\" aria-label=\"Compartir en Facebook\" href='https:\/\/www.facebook.com\/sharer.php?u=https:\/\/radiorevelacionfm.cl\/?p=41401&#038;t=Docentes%20y%20educadoras%20participaron%20en%20Campamento%20%E2%80%9CExplora%20Va%21%E2%80%9D%20para%20fortalecer%20las%20ciencias%20y%20la%20innovaci%C3%B3n%20en%20aulas%20de%20Ays%C3%A9n' aria-hidden='false' data-av_icon='\ue8f3' data-av_iconfont='entypo-fontello' title='' data-avia-related-tooltip='Compartir en Facebook' rel=\"noopener\"><span class='avia_hidden_link_text'>Compartir en Facebook<\/span><\/a><\/li><li class='av-share-link av-social-link-twitter' ><a target=\"_blank\" aria-label=\"Compartir en Twitter\" href='https:\/\/twitter.com\/share?text=Docentes%20y%20educadoras%20participaron%20en%20Campamento%20%E2%80%9CExplora%20Va%21%E2%80%9D%20para%20fortalecer%20las%20ciencias%20y%20la%20innovaci%C3%B3n%20en%20aulas%20de%20Ays%C3%A9n&#038;url=https:\/\/radiorevelacionfm.cl\/?p=41401' aria-hidden='false' data-av_icon='\ue8f1' data-av_iconfont='entypo-fontello' title='' data-avia-related-tooltip='Compartir en Twitter' rel=\"noopener\"><span class='avia_hidden_link_text'>Compartir en Twitter<\/span><\/a><\/li><li class='av-share-link av-social-link-whatsapp' ><a target=\"_blank\" aria-label=\"Compartir en Whatsapp\" href='https:\/\/api.whatsapp.com\/send?text=https:\/\/radiorevelacionfm.cl\/?p=41401' aria-hidden='false' data-av_icon='\uf232' data-av_iconfont='entypo-fontello' title='' data-avia-related-tooltip='Compartir en Whatsapp' rel=\"noopener\"><span class='avia_hidden_link_text'>Compartir en Whatsapp<\/span><\/a><\/li><li class='av-share-link av-social-link-linkedin' ><a target=\"_blank\" aria-label=\"Compartir en LinkedIn\" href='https:\/\/linkedin.com\/shareArticle?mini=true&#038;title=Docentes%20y%20educadoras%20participaron%20en%20Campamento%20%E2%80%9CExplora%20Va%21%E2%80%9D%20para%20fortalecer%20las%20ciencias%20y%20la%20innovaci%C3%B3n%20en%20aulas%20de%20Ays%C3%A9n&#038;url=https:\/\/radiorevelacionfm.cl\/?p=41401' aria-hidden='false' data-av_icon='\ue8fc' data-av_iconfont='entypo-fontello' title='' data-avia-related-tooltip='Compartir en LinkedIn' rel=\"noopener\"><span class='avia_hidden_link_text'>Compartir en LinkedIn<\/span><\/a><\/li><li class='av-share-link av-social-link-mail' ><a  aria-label=\"Compartir por correo\" href='mailto:?subject=Docentes%20y%20educadoras%20participaron%20en%20Campamento%20%E2%80%9CExplora%20Va%21%E2%80%9D%20para%20fortalecer%20las%20ciencias%20y%20la%20innovaci%C3%B3n%20en%20aulas%20de%20Ays%C3%A9n&#038;body=https:\/\/radiorevelacionfm.cl\/?p=41401' aria-hidden='false' data-av_icon='\ue805' data-av_iconfont='entypo-fontello' title='' data-avia-related-tooltip='Compartir por correo'><span class='avia_hidden_link_text'>Compartir por correo<\/span><\/a><\/li><\/ul><\/div><\/div>\n<div  style='height:50px' class='hr hr-invisible   avia-builder-el-8  el_after_av_social_share  el_before_av_comments_list '><span class='hr-inner ' ><span class='hr-inner-style'><\/span><\/span><\/div>\n<div  class='av-buildercomment  av-blog-meta-html-info-disabled av-blog-meta-tag-disabled  '><\/div>\n","protected":false},"excerpt":{"rendered":"","protected":false},"author":1,"featured_media":41402,"comment_status":"open","ping_status":"open","sticky":false,"template":"","format":"standard","meta":{"footnotes":""},"categories":[49],"tags":[],"class_list":["post-41401","post","type-post","status-publish","format-standard","has-post-thumbnail","hentry","category-educacion"],"jetpack_featured_media_url":"https:\/\/radiorevelacionfm.cl\/wp-content\/uploads\/2024\/04\/explora-va-1_optimized-1.jpeg","_links":{"self":[{"href":"https:\/\/radiorevelacionfm.cl\/index.php?rest_route=\/wp\/v2\/posts\/41401","targetHints":{"allow":["GET"]}}],"collection":[{"href":"https:\/\/radiorevelacionfm.cl\/index.php?rest_route=\/wp\/v2\/posts"}],"about":[{"href":"https:\/\/radiorevelacionfm.cl\/index.php?rest_route=\/wp\/v2\/types\/post"}],"author":[{"embeddable":true,"href":"https:\/\/radiorevelacionfm.cl\/index.php?rest_route=\/wp\/v2\/users\/1"}],"replies":[{"embeddable":true,"href":"https:\/\/radiorevelacionfm.cl\/index.php?rest_route=%2Fwp%2Fv2%2Fcomments&post=41401"}],"version-history":[{"count":1,"href":"https:\/\/radiorevelacionfm.cl\/index.php?rest_route=\/wp\/v2\/posts\/41401\/revisions"}],"predecessor-version":[{"id":41403,"href":"https:\/\/radiorevelacionfm.cl\/index.php?rest_route=\/wp\/v2\/posts\/41401\/revisions\/41403"}],"wp:featuredmedia":[{"embeddable":true,"href":"https:\/\/radiorevelacionfm.cl\/index.php?rest_route=\/wp\/v2\/media\/41402"}],"wp:attachment":[{"href":"https:\/\/radiorevelacionfm.cl\/index.php?rest_route=%2Fwp%2Fv2%2Fmedia&parent=41401"}],"wp:term":[{"taxonomy":"category","embeddable":true,"href":"https:\/\/radiorevelacionfm.cl\/index.php?rest_route=%2Fwp%2Fv2%2Fcategories&post=41401"},{"taxonomy":"post_tag","embeddable":true,"href":"https:\/\/radiorevelacionfm.cl\/index.php?rest_route=%2Fwp%2Fv2%2Ftags&post=41401"}],"curies":[{"name":"wp","href":"https:\/\/api.w.org\/{rel}","templated":true}]}}