{"id":41393,"date":"2024-04-17T19:21:49","date_gmt":"2024-04-17T22:21:49","guid":{"rendered":"https:\/\/radiorevelacionfm.cl\/?p=41393"},"modified":"2024-04-17T19:21:49","modified_gmt":"2024-04-17T22:21:49","slug":"tribunal-de-coyhaique-absuelve-a-acusado-por-homicidio-al-acreditar-que-actuo-en-legitima-defensa","status":"publish","type":"post","link":"https:\/\/radiorevelacionfm.cl\/?p=41393","title":{"rendered":"Tribunal de Coyhaique absuelve a acusado por homicidio al acreditar que actu\u00f3 en leg\u00edtima defensa"},"content":{"rendered":"<div class=\"flex_column av_one_full  flex_column_div av-zero-column-padding first  avia-builder-el-0  el_before_av_one_full  avia-builder-el-first  \" style='border-radius:0px; '><div  class='avia-image-container  av-styling-    avia-builder-el-1  avia-builder-el-no-sibling  avia-align-center '  itemprop=\"image\" itemscope=\"itemscope\" itemtype=\"https:\/\/schema.org\/ImageObject\"  ><div class='avia-image-container-inner'><div class='avia-image-overlay-wrap'><img decoding=\"async\" class='wp-image-13477 avia-img-lazy-loading-not-13477 avia_image' src=\"https:\/\/radiorevelacionfm.cl\/wp-content\/uploads\/2022\/02\/foto-1-top-4-1_optimized.jpg\" alt='' title='foto-1-top-4-1_optimized' height=\"573\" width=\"860\"  itemprop=\"thumbnailUrl\" srcset=\"https:\/\/radiorevelacionfm.cl\/wp-content\/uploads\/2022\/02\/foto-1-top-4-1_optimized.jpg 860w, https:\/\/radiorevelacionfm.cl\/wp-content\/uploads\/2022\/02\/foto-1-top-4-1_optimized-300x200.jpg 300w, https:\/\/radiorevelacionfm.cl\/wp-content\/uploads\/2022\/02\/foto-1-top-4-1_optimized-768x512.jpg 768w, https:\/\/radiorevelacionfm.cl\/wp-content\/uploads\/2022\/02\/foto-1-top-4-1_optimized-705x470.jpg 705w, https:\/\/radiorevelacionfm.cl\/wp-content\/uploads\/2022\/02\/foto-1-top-4-1_optimized-600x400.jpg 600w\" sizes=\"(max-width: 860px) 100vw, 860px\" \/><\/div><\/div><\/div><\/div><div class=\"flex_column av_one_full  flex_column_div av-zero-column-padding first  avia-builder-el-2  el_after_av_one_full  el_before_av_one_full  column-top-margin\" style='border-radius:0px; '><section class=\"av_textblock_section \"  itemscope=\"itemscope\" itemtype=\"https:\/\/schema.org\/BlogPosting\" itemprop=\"blogPost\" ><div class='avia_textblock  '   itemprop=\"text\" ><p style=\"text-align: center;\"><strong><span style=\"font-size: 18pt;\">Tribunal de Coyhaique absuelve a acusado por homicidio al acreditar que actu\u00f3 en leg\u00edtima defensa<\/span><\/strong><\/p>\n<div id=\"gtx-trans\" style=\"position: absolute; left: -50px; top: 4.31534px;\">\n<div class=\"gtx-trans-icon\"><\/div>\n<\/div>\n<\/div><\/section><\/div><div class=\"flex_column av_one_full  flex_column_div av-zero-column-padding first  avia-builder-el-4  el_after_av_one_full  el_before_av_hr  column-top-margin\" style='border-radius:0px; '><section class=\"av_textblock_section \"  itemscope=\"itemscope\" itemtype=\"https:\/\/schema.org\/BlogPosting\" itemprop=\"blogPost\" ><div class='avia_textblock  '   itemprop=\"text\" ><p class=\"v1MsoNormal\" style=\"text-align: justify;\"><span style=\"color: #000000;\">El Tribunal de Juicio Oral en lo Penal de Coyhaique decret\u00f3 la absoluci\u00f3n de\u00a0Ismael Adelino D\u00edaz Rivera del cargo formulado en su contra por el Ministerio P\u00fablico que lo sindicaba como autor del delito consumado de homicidio. Il\u00edcito supuestamente perpetrado en febrero del a\u00f1o pasado en la localidad de \u00d1irehuao.<\/span><\/p>\n<p class=\"v1MsoNormal\" style=\"text-align: justify;\"><span style=\"color: #000000;\">En fallo un\u00e1nime (causa\u00a0rol\u00a090-2023)\u00a0el tribunal \u2013integrado por los magistrados M\u00f3nica Coloma Pulgar (presidenta), Patricio Z\u00fa\u00f1iga Valenzuela y Pablo Freire Gavil\u00e1n (redactor)\u2013absolvi\u00f3 a D\u00edaz Rivera, tras establecer que actu\u00f3 en leg\u00edtima defensa, al verse atacado por la v\u00edctima.<\/span><\/p>\n<p class=\"v1MsoNormal\" style=\"text-align: justify;\"><span style=\"color: #000000;\">\u00ab(&#8230;) despu\u00e9s de valorar la totalidad de la prueba rendida en el juicio por los acusadores, considerando especialmente que la versi\u00f3n entregada por el acusado, tanto en la etapa de investigaci\u00f3n como en la audiencia de juicio oral, tuvo un correlato con la prueba testimonial pericial, fotogr\u00e1fica y planim\u00e9trica rendida por los acusadores, y especialmente con el Informe de Autopsia y las conclusiones entregadas por perito m\u00e9dico legista en dicho contexto, y que a la luz de lo que se observ\u00f3 en la audiencia, resultaron l\u00f3gicas, razonables y arm\u00f3nicas con el resto de la prueba rendida (&#8230;) luego de valorarlas sin contradecir los principios de la l\u00f3gica, las m\u00e1ximas de la experiencia y los conocimientos cient\u00edficamente afianzados (&#8230;)\u00bb, sostiene el fallo.<\/span><\/p>\n<p class=\"v1MsoNormal\" style=\"text-align: justify;\"><span style=\"color: #000000;\">La resoluci\u00f3n agrega que: \u00ab(&#8230;) consecuentemente con la din\u00e1mica de hechos establecida por estos sentenciadores, se descart\u00f3 la tesis de la Querellante, en orden a que el acusado cometi\u00f3 un delito de homicidio calificado, previsto y sancionado en el art\u00edculo 391 N\u00b01, circunstancia primera, del C\u00f3digo Penal, en grado de consumado, al sostener que el acusado efectu\u00f3 el tercer disparo actuando sobre seguro, cuando la v\u00edctima estaba indefensa y sin posibilidades de huir, estando el primero de pie y la segunda de rodillas, pues como ya se ha razonado latamente, los tres disparos fueron efectuados en un breve lapso, mediando entre ellos tan solo segundos, y mientras el acusado estaba siendo atacado por la v\u00edctima con un arma blanca, de manera tal que, no se acredit\u00f3 que entre el segundo y tercer disparo hubiese un espacio de tiempo que permitiese siquiera especular que el acusado tuvo la posibilidad de representarse que el ataque hab\u00eda cesado, que la v\u00edctima estaba neutralizada, indefensa y arrodillada, y que en dicho contexto, el \u00faltimo disparo se haya tornado en un ajusticiamiento mortal ejecutado en el contexto de superioridad exigido por la figura penal propuesta por el acusador particular\u00bb.<\/span><\/p>\n<p class=\"v1MsoNormal\" style=\"text-align: justify;\"><span style=\"color: #000000;\">Por tanto, se resuelve que:<\/span><\/p>\n<p class=\"v1MsoNormal\" style=\"text-align: justify;\"><span style=\"color: #000000;\">\u00abI. Se\u00a0<b>ABSUELVE<\/b>\u00a0a Ismael Adelino D\u00edaz Rivera, ya individualizado, de la acusaci\u00f3n fiscal deducida en su contra, que le imput\u00f3 responsabilidad, en calidad de AUTOR, en un delito de HOMICIDIO SIMPLE, previsto y sancionado en el art\u00edculo 391 N\u00b02 del C\u00f3digo Penal, en grado consumado, cometido entre el 21 y 22 de febrero de 2023, en el fundo El \u00c1lamo, sector R\u00edo Norte, localidad de \u00d1irehuao, comuna de Coyhaique, en perjuicio de Cristi\u00e1n Eliseo Vera Fern\u00e1ndez.<\/span><\/p>\n<p class=\"v1MsoNormal\" style=\"text-align: justify;\"><span style=\"color: #000000;\">II.- Se\u00a0<b>ABSUELVE<\/b>\u00a0a Ismael Adelino D\u00edaz Rivera, ya individualizado de la acusaci\u00f3n particular deducida en su contra, que le imput\u00f3 responsabilidad, en calidad de AUTOR, en un delito de HOMICIDIO CALIFICADO, previsto y sancionado en el art\u00edculo 391 N\u00b01, circunstancia primera, del C\u00f3digo Penal, en grado consumado, cometido entre el 21 y 22 de febrero de 2023, en el fundo El \u00c1lamo, sector R\u00edo Norte, localidad de \u00d1irehuao, comuna de Coyhaique, en perjuicio de Cristi\u00e1n Eliseo Vera Fern\u00e1ndez\u00bb.<\/span><\/p>\n<p class=\"v1MsoNormal\" style=\"text-align: justify;\"><span style=\"color: #000000;\">\u00a0<\/span><\/p>\n<\/div><\/section><\/div><div  style='height:50px' class='hr hr-invisible   avia-builder-el-6  el_after_av_one_full  el_before_av_social_share '><span class='hr-inner ' ><span class='hr-inner-style'><\/span><\/span><\/div><\/p>\n<div  class='av-social-sharing-box  avia-builder-el-7  el_after_av_hr  el_before_av_hr  '><div class='av-share-box'><h5 class='av-share-link-description av-no-toc '>Compartir esta noticia<\/h5><ul class='av-share-box-list noLightbox'><li class='av-share-link av-social-link-facebook' ><a target=\"_blank\" aria-label=\"Compartir en Facebook\" href='https:\/\/www.facebook.com\/sharer.php?u=https:\/\/radiorevelacionfm.cl\/?p=41393&#038;t=Tribunal%20de%20Coyhaique%20absuelve%20a%20acusado%20por%20homicidio%20al%20acreditar%20que%20actu%C3%B3%20en%20leg%C3%ADtima%20defensa' aria-hidden='false' data-av_icon='\ue8f3' data-av_iconfont='entypo-fontello' title='' data-avia-related-tooltip='Compartir en Facebook' rel=\"noopener\"><span class='avia_hidden_link_text'>Compartir en Facebook<\/span><\/a><\/li><li class='av-share-link av-social-link-twitter' ><a target=\"_blank\" aria-label=\"Compartir en Twitter\" href='https:\/\/twitter.com\/share?text=Tribunal%20de%20Coyhaique%20absuelve%20a%20acusado%20por%20homicidio%20al%20acreditar%20que%20actu%C3%B3%20en%20leg%C3%ADtima%20defensa&#038;url=https:\/\/radiorevelacionfm.cl\/?p=41393' aria-hidden='false' data-av_icon='\ue8f1' data-av_iconfont='entypo-fontello' title='' data-avia-related-tooltip='Compartir en Twitter' rel=\"noopener\"><span class='avia_hidden_link_text'>Compartir en Twitter<\/span><\/a><\/li><li class='av-share-link av-social-link-whatsapp' ><a target=\"_blank\" aria-label=\"Compartir en Whatsapp\" href='https:\/\/api.whatsapp.com\/send?text=https:\/\/radiorevelacionfm.cl\/?p=41393' aria-hidden='false' data-av_icon='\uf232' data-av_iconfont='entypo-fontello' title='' data-avia-related-tooltip='Compartir en Whatsapp' rel=\"noopener\"><span class='avia_hidden_link_text'>Compartir en Whatsapp<\/span><\/a><\/li><li class='av-share-link av-social-link-linkedin' ><a target=\"_blank\" aria-label=\"Compartir en LinkedIn\" href='https:\/\/linkedin.com\/shareArticle?mini=true&#038;title=Tribunal%20de%20Coyhaique%20absuelve%20a%20acusado%20por%20homicidio%20al%20acreditar%20que%20actu%C3%B3%20en%20leg%C3%ADtima%20defensa&#038;url=https:\/\/radiorevelacionfm.cl\/?p=41393' aria-hidden='false' data-av_icon='\ue8fc' data-av_iconfont='entypo-fontello' title='' data-avia-related-tooltip='Compartir en LinkedIn' rel=\"noopener\"><span class='avia_hidden_link_text'>Compartir en LinkedIn<\/span><\/a><\/li><li class='av-share-link av-social-link-mail' ><a  aria-label=\"Compartir por correo\" href='mailto:?subject=Tribunal%20de%20Coyhaique%20absuelve%20a%20acusado%20por%20homicidio%20al%20acreditar%20que%20actu%C3%B3%20en%20leg%C3%ADtima%20defensa&#038;body=https:\/\/radiorevelacionfm.cl\/?p=41393' aria-hidden='false' data-av_icon='\ue805' data-av_iconfont='entypo-fontello' title='' data-avia-related-tooltip='Compartir por correo'><span class='avia_hidden_link_text'>Compartir por correo<\/span><\/a><\/li><\/ul><\/div><\/div>\n<div  style='height:50px' class='hr hr-invisible   avia-builder-el-8  el_after_av_social_share  el_before_av_comments_list '><span class='hr-inner ' ><span class='hr-inner-style'><\/span><\/span><\/div>\n<div  class='av-buildercomment  av-blog-meta-html-info-disabled av-blog-meta-tag-disabled  '><\/div>\n","protected":false},"excerpt":{"rendered":"","protected":false},"author":1,"featured_media":13477,"comment_status":"open","ping_status":"open","sticky":false,"template":"","format":"standard","meta":{"footnotes":""},"categories":[55],"tags":[],"class_list":["post-41393","post","type-post","status-publish","format-standard","has-post-thumbnail","hentry","category-justicia"],"jetpack_featured_media_url":"https:\/\/radiorevelacionfm.cl\/wp-content\/uploads\/2022\/02\/foto-1-top-4-1_optimized.jpg","_links":{"self":[{"href":"https:\/\/radiorevelacionfm.cl\/index.php?rest_route=\/wp\/v2\/posts\/41393","targetHints":{"allow":["GET"]}}],"collection":[{"href":"https:\/\/radiorevelacionfm.cl\/index.php?rest_route=\/wp\/v2\/posts"}],"about":[{"href":"https:\/\/radiorevelacionfm.cl\/index.php?rest_route=\/wp\/v2\/types\/post"}],"author":[{"embeddable":true,"href":"https:\/\/radiorevelacionfm.cl\/index.php?rest_route=\/wp\/v2\/users\/1"}],"replies":[{"embeddable":true,"href":"https:\/\/radiorevelacionfm.cl\/index.php?rest_route=%2Fwp%2Fv2%2Fcomments&post=41393"}],"version-history":[{"count":1,"href":"https:\/\/radiorevelacionfm.cl\/index.php?rest_route=\/wp\/v2\/posts\/41393\/revisions"}],"predecessor-version":[{"id":41394,"href":"https:\/\/radiorevelacionfm.cl\/index.php?rest_route=\/wp\/v2\/posts\/41393\/revisions\/41394"}],"wp:featuredmedia":[{"embeddable":true,"href":"https:\/\/radiorevelacionfm.cl\/index.php?rest_route=\/wp\/v2\/media\/13477"}],"wp:attachment":[{"href":"https:\/\/radiorevelacionfm.cl\/index.php?rest_route=%2Fwp%2Fv2%2Fmedia&parent=41393"}],"wp:term":[{"taxonomy":"category","embeddable":true,"href":"https:\/\/radiorevelacionfm.cl\/index.php?rest_route=%2Fwp%2Fv2%2Fcategories&post=41393"},{"taxonomy":"post_tag","embeddable":true,"href":"https:\/\/radiorevelacionfm.cl\/index.php?rest_route=%2Fwp%2Fv2%2Ftags&post=41393"}],"curies":[{"name":"wp","href":"https:\/\/api.w.org\/{rel}","templated":true}]}}