{"id":41390,"date":"2024-04-17T21:48:10","date_gmt":"2024-04-18T00:48:10","guid":{"rendered":"https:\/\/radiorevelacionfm.cl\/?p=41390"},"modified":"2024-04-17T21:48:10","modified_gmt":"2024-04-18T00:48:10","slug":"empresa-regional-se-presenta-en-la-mayor-feria-de-productos-del-mar-de-europa","status":"publish","type":"post","link":"https:\/\/radiorevelacionfm.cl\/?p=41390","title":{"rendered":"Empresa regional se presenta en la mayor Feria de productos del mar de Europa"},"content":{"rendered":"<div class=\"flex_column av_one_full  flex_column_div av-zero-column-padding first  avia-builder-el-0  el_before_av_one_full  avia-builder-el-first  \" style='border-radius:0px; '><div  class='avia-image-container  av-styling-    avia-builder-el-1  avia-builder-el-no-sibling  avia-align-center '  itemprop=\"image\" itemscope=\"itemscope\" itemtype=\"https:\/\/schema.org\/ImageObject\"  ><div class='avia-image-container-inner'><div class='avia-image-overlay-wrap'><img decoding=\"async\" class='wp-image-41391 avia-img-lazy-loading-not-41391 avia_image' src=\"https:\/\/radiorevelacionfm.cl\/wp-content\/uploads\/2024\/04\/friosur-1-1_optimized.jpg\" alt='' title='friosur-1-(1)_optimized' height=\"600\" width=\"900\"  itemprop=\"thumbnailUrl\" srcset=\"https:\/\/radiorevelacionfm.cl\/wp-content\/uploads\/2024\/04\/friosur-1-1_optimized.jpg 900w, https:\/\/radiorevelacionfm.cl\/wp-content\/uploads\/2024\/04\/friosur-1-1_optimized-300x200.jpg 300w, https:\/\/radiorevelacionfm.cl\/wp-content\/uploads\/2024\/04\/friosur-1-1_optimized-768x512.jpg 768w, https:\/\/radiorevelacionfm.cl\/wp-content\/uploads\/2024\/04\/friosur-1-1_optimized-705x470.jpg 705w, https:\/\/radiorevelacionfm.cl\/wp-content\/uploads\/2024\/04\/friosur-1-1_optimized-450x300.jpg 450w, https:\/\/radiorevelacionfm.cl\/wp-content\/uploads\/2024\/04\/friosur-1-1_optimized-600x400.jpg 600w\" sizes=\"(max-width: 900px) 100vw, 900px\" \/><\/div><\/div><\/div><\/div><div class=\"flex_column av_one_full  flex_column_div av-zero-column-padding first  avia-builder-el-2  el_after_av_one_full  el_before_av_one_full  column-top-margin\" style='border-radius:0px; '><section class=\"av_textblock_section \"  itemscope=\"itemscope\" itemtype=\"https:\/\/schema.org\/BlogPosting\" itemprop=\"blogPost\" ><div class='avia_textblock  '   itemprop=\"text\" ><p style=\"text-align: center;\"><strong><span style=\"font-size: 18pt;\">Empresa regional se presenta en la mayor Feria de productos del mar de Europa<\/span><\/strong><\/p>\n<div id=\"gtx-trans\" style=\"position: absolute; left: -50px; top: 4.31534px;\">\n<div class=\"gtx-trans-icon\"><\/div>\n<\/div>\n<\/div><\/section><\/div><div class=\"flex_column av_one_full  flex_column_div av-zero-column-padding first  avia-builder-el-4  el_after_av_one_full  el_before_av_hr  column-top-margin\" style='border-radius:0px; '><section class=\"av_textblock_section \"  itemscope=\"itemscope\" itemtype=\"https:\/\/schema.org\/BlogPosting\" itemprop=\"blogPost\" ><div class='avia_textblock  '   itemprop=\"text\" ><p style=\"text-align: justify;\"><i>Friosur estar\u00e1 en la Seafood Expo Global Barcelona 2024, evento que adem\u00e1s cuenta con la presencia de una delegaci\u00f3n de 15 empresas chilenas productoras de alimentos del mar.<\/i><\/p>\n<p style=\"text-align: justify;\">El director regional de ProChile en Ays\u00e9n, Jaime Poblete, destac\u00f3 la participaci\u00f3n de Friosur en la principal feria de productos del mar que se realiza en Espa\u00f1a, la Seafood Expo Global Barcelona 2024, que es Friosur.<\/p>\n<p style=\"text-align: justify;\">\u201cFriosur es una empresa pesquera de la Regi\u00f3n de Ays\u00e9n, que exporta la mayor parte de su producci\u00f3n, principalmente a Europa. Se trata de una compa\u00f1\u00eda que elabora productos saludables y de alta calidad, en formato fresco y congelado, utilizando recursos pesqueros de las fr\u00edas aguas de esta regi\u00f3n. Entre sus productos est\u00e1n la Merluza Austral, Reineta, Congrio Dorado, Cojinova Moteada y Hoki\u201d, explic\u00f3 Poblete.<\/p>\n<p style=\"text-align: justify;\">\u201cEs una empresa con una gran presencia internacional, que cuenta con clientes de Espa\u00f1a, Jap\u00f3n, Portugal, Polonia, Estados Unidos, M\u00e9xico y Brasil, que ha participado en numerosas actividades junto a ProChile, como esta feria que se desarrollar\u00e1 entre los d\u00edas 23 a 25 de abril, en el recinto Fira Barcelona Gran V\u00eda (Espa\u00f1a)\u201d, a\u00f1adi\u00f3 el director regional de ProChile.<\/p>\n<p style=\"text-align: justify;\">Tambi\u00e9n indic\u00f3 que sus instalaciones fueron visitadas recientemente por el Director General de ProChile, Ignacio Fern\u00e1ndez, oportunidad en la que pudo recorrer la planta de procesamiento y conocer los altos est\u00e1ndares de calidad que tiene y que la hacer ser reconocida como la empresa de pesca blanca m\u00e1s importante de la Regi\u00f3n de Ays\u00e9n.<\/p>\n<p style=\"text-align: justify;\">Las otras 14 empresas presentes en el pabell\u00f3n de Chile de 424 m2 son: Australis Seafood, Aysen Coho, Caleta Bay, Yadran, Dani Group, Integra Chile, Manuelita Acuicultura, Landes, Mar de Lagos, Marine Farm, Orizon Seafood, Pacific Gold, Pesbasa y PVA Chile. Las empresas son nueve de la Regi\u00f3n de Los Lagos, dos de la Metropolitana, dos de Biob\u00edo, una de Ays\u00e9n y una de Coquimbo.<\/p>\n<p style=\"text-align: justify;\">El director comercial de ProChile en Espa\u00f1a, Gabriel Guggisberg Alarc\u00f3n, explic\u00f3 que ese pa\u00eds \u201ces un gran consumidor de productos del mar y conocido por su exigencia de calidad, por lo que tener \u00e9xito en Espa\u00f1a con un alimento de este tipo, favorece una positiva recepci\u00f3n en el resto de Europa\u201d.<\/p>\n<p style=\"text-align: justify;\">A\u00f1adi\u00f3 que esta feria concentra gran parte de la oferta mundial, por lo que resulta una \u201cimperdible oportunidad para que Chile muestre lo que es capaz de ofrecer, con productos frescos y sabrosos provenientes de las fr\u00edas aguas del Oc\u00e9ano Pac\u00edfico, con una garant\u00eda de calidad y sostenibilidad en sus procesos, que le permite tener el liderazgo mundial en varias categor\u00edas, como filetes frescos de salm\u00f3n, mejillones y gran variedad de congelados. Particularmente en Espa\u00f1a, adem\u00e1s del incremento sostenido del mejill\u00f3n, hemos visto un aumento significativo del salm\u00f3n llegando a crecer casi 2,5 veces en las exportaciones durante los \u00faltimos 10 a\u00f1os\u201d.<\/p>\n<\/div><\/section><\/div><div  style='height:50px' class='hr hr-invisible   avia-builder-el-6  el_after_av_one_full  el_before_av_social_share '><span class='hr-inner ' ><span class='hr-inner-style'><\/span><\/span><\/div><\/p>\n<div  class='av-social-sharing-box  avia-builder-el-7  el_after_av_hr  el_before_av_hr  '><div class='av-share-box'><h5 class='av-share-link-description av-no-toc '>Compartir esta noticia<\/h5><ul class='av-share-box-list noLightbox'><li class='av-share-link av-social-link-facebook' ><a target=\"_blank\" aria-label=\"Compartir en Facebook\" href='https:\/\/www.facebook.com\/sharer.php?u=https:\/\/radiorevelacionfm.cl\/?p=41390&#038;t=Empresa%20regional%20se%20presenta%20en%20la%20mayor%20Feria%20de%20productos%20del%20mar%20de%20Europa' aria-hidden='false' data-av_icon='\ue8f3' data-av_iconfont='entypo-fontello' title='' data-avia-related-tooltip='Compartir en Facebook' rel=\"noopener\"><span class='avia_hidden_link_text'>Compartir en Facebook<\/span><\/a><\/li><li class='av-share-link av-social-link-twitter' ><a target=\"_blank\" aria-label=\"Compartir en Twitter\" href='https:\/\/twitter.com\/share?text=Empresa%20regional%20se%20presenta%20en%20la%20mayor%20Feria%20de%20productos%20del%20mar%20de%20Europa&#038;url=https:\/\/radiorevelacionfm.cl\/?p=41390' aria-hidden='false' data-av_icon='\ue8f1' data-av_iconfont='entypo-fontello' title='' data-avia-related-tooltip='Compartir en Twitter' rel=\"noopener\"><span class='avia_hidden_link_text'>Compartir en Twitter<\/span><\/a><\/li><li class='av-share-link av-social-link-whatsapp' ><a target=\"_blank\" aria-label=\"Compartir en Whatsapp\" href='https:\/\/api.whatsapp.com\/send?text=https:\/\/radiorevelacionfm.cl\/?p=41390' aria-hidden='false' data-av_icon='\uf232' data-av_iconfont='entypo-fontello' title='' data-avia-related-tooltip='Compartir en Whatsapp' rel=\"noopener\"><span class='avia_hidden_link_text'>Compartir en Whatsapp<\/span><\/a><\/li><li class='av-share-link av-social-link-linkedin' ><a target=\"_blank\" aria-label=\"Compartir en LinkedIn\" href='https:\/\/linkedin.com\/shareArticle?mini=true&#038;title=Empresa%20regional%20se%20presenta%20en%20la%20mayor%20Feria%20de%20productos%20del%20mar%20de%20Europa&#038;url=https:\/\/radiorevelacionfm.cl\/?p=41390' aria-hidden='false' data-av_icon='\ue8fc' data-av_iconfont='entypo-fontello' title='' data-avia-related-tooltip='Compartir en LinkedIn' rel=\"noopener\"><span class='avia_hidden_link_text'>Compartir en LinkedIn<\/span><\/a><\/li><li class='av-share-link av-social-link-mail' ><a  aria-label=\"Compartir por correo\" href='mailto:?subject=Empresa%20regional%20se%20presenta%20en%20la%20mayor%20Feria%20de%20productos%20del%20mar%20de%20Europa&#038;body=https:\/\/radiorevelacionfm.cl\/?p=41390' aria-hidden='false' data-av_icon='\ue805' data-av_iconfont='entypo-fontello' title='' data-avia-related-tooltip='Compartir por correo'><span class='avia_hidden_link_text'>Compartir por correo<\/span><\/a><\/li><\/ul><\/div><\/div>\n<div  style='height:50px' class='hr hr-invisible   avia-builder-el-8  el_after_av_social_share  el_before_av_comments_list '><span class='hr-inner ' ><span class='hr-inner-style'><\/span><\/span><\/div>\n<div  class='av-buildercomment  av-blog-meta-html-info-disabled av-blog-meta-tag-disabled  '><\/div>\n","protected":false},"excerpt":{"rendered":"","protected":false},"author":1,"featured_media":41391,"comment_status":"open","ping_status":"open","sticky":false,"template":"","format":"standard","meta":{"footnotes":""},"categories":[38],"tags":[],"class_list":["post-41390","post","type-post","status-publish","format-standard","has-post-thumbnail","hentry","category-regional"],"jetpack_featured_media_url":"https:\/\/radiorevelacionfm.cl\/wp-content\/uploads\/2024\/04\/friosur-1-1_optimized.jpg","_links":{"self":[{"href":"https:\/\/radiorevelacionfm.cl\/index.php?rest_route=\/wp\/v2\/posts\/41390","targetHints":{"allow":["GET"]}}],"collection":[{"href":"https:\/\/radiorevelacionfm.cl\/index.php?rest_route=\/wp\/v2\/posts"}],"about":[{"href":"https:\/\/radiorevelacionfm.cl\/index.php?rest_route=\/wp\/v2\/types\/post"}],"author":[{"embeddable":true,"href":"https:\/\/radiorevelacionfm.cl\/index.php?rest_route=\/wp\/v2\/users\/1"}],"replies":[{"embeddable":true,"href":"https:\/\/radiorevelacionfm.cl\/index.php?rest_route=%2Fwp%2Fv2%2Fcomments&post=41390"}],"version-history":[{"count":1,"href":"https:\/\/radiorevelacionfm.cl\/index.php?rest_route=\/wp\/v2\/posts\/41390\/revisions"}],"predecessor-version":[{"id":41392,"href":"https:\/\/radiorevelacionfm.cl\/index.php?rest_route=\/wp\/v2\/posts\/41390\/revisions\/41392"}],"wp:featuredmedia":[{"embeddable":true,"href":"https:\/\/radiorevelacionfm.cl\/index.php?rest_route=\/wp\/v2\/media\/41391"}],"wp:attachment":[{"href":"https:\/\/radiorevelacionfm.cl\/index.php?rest_route=%2Fwp%2Fv2%2Fmedia&parent=41390"}],"wp:term":[{"taxonomy":"category","embeddable":true,"href":"https:\/\/radiorevelacionfm.cl\/index.php?rest_route=%2Fwp%2Fv2%2Fcategories&post=41390"},{"taxonomy":"post_tag","embeddable":true,"href":"https:\/\/radiorevelacionfm.cl\/index.php?rest_route=%2Fwp%2Fv2%2Ftags&post=41390"}],"curies":[{"name":"wp","href":"https:\/\/api.w.org\/{rel}","templated":true}]}}