{"id":41387,"date":"2024-04-17T21:04:49","date_gmt":"2024-04-18T00:04:49","guid":{"rendered":"https:\/\/radiorevelacionfm.cl\/?p=41387"},"modified":"2024-04-17T21:15:43","modified_gmt":"2024-04-18T00:15:43","slug":"__trashed-2","status":"publish","type":"post","link":"https:\/\/radiorevelacionfm.cl\/?p=41387","title":{"rendered":"Hospital Regional Coyhaique rindi\u00f3 su Cuenta P\u00fablica Participativa Gesti\u00f3n 2023"},"content":{"rendered":"<div class=\"flex_column av_one_full  flex_column_div av-zero-column-padding first  avia-builder-el-0  el_before_av_one_full  avia-builder-el-first  \" style='border-radius:0px; '><div  class='avia-image-container  av-styling-    avia-builder-el-1  avia-builder-el-no-sibling  avia-align-center '  itemprop=\"image\" itemscope=\"itemscope\" itemtype=\"https:\/\/schema.org\/ImageObject\"  ><div class='avia-image-container-inner'><div class='avia-image-overlay-wrap'><img decoding=\"async\" class='wp-image-41388 avia-img-lazy-loading-not-41388 avia_image' src=\"https:\/\/radiorevelacionfm.cl\/wp-content\/uploads\/2024\/04\/cp-2024-202307-copia-1_optimized-1.jpg\" alt='' title='cp-2024-(2023)07-copia-(1)_optimized (1)' height=\"600\" width=\"900\"  itemprop=\"thumbnailUrl\" srcset=\"https:\/\/radiorevelacionfm.cl\/wp-content\/uploads\/2024\/04\/cp-2024-202307-copia-1_optimized-1.jpg 900w, https:\/\/radiorevelacionfm.cl\/wp-content\/uploads\/2024\/04\/cp-2024-202307-copia-1_optimized-1-300x200.jpg 300w, https:\/\/radiorevelacionfm.cl\/wp-content\/uploads\/2024\/04\/cp-2024-202307-copia-1_optimized-1-768x512.jpg 768w, https:\/\/radiorevelacionfm.cl\/wp-content\/uploads\/2024\/04\/cp-2024-202307-copia-1_optimized-1-705x470.jpg 705w, https:\/\/radiorevelacionfm.cl\/wp-content\/uploads\/2024\/04\/cp-2024-202307-copia-1_optimized-1-450x300.jpg 450w, https:\/\/radiorevelacionfm.cl\/wp-content\/uploads\/2024\/04\/cp-2024-202307-copia-1_optimized-1-600x400.jpg 600w\" sizes=\"(max-width: 900px) 100vw, 900px\" \/><\/div><\/div><\/div><\/div><div class=\"flex_column av_one_full  flex_column_div av-zero-column-padding first  avia-builder-el-2  el_after_av_one_full  el_before_av_one_full  column-top-margin\" style='border-radius:0px; '><section class=\"av_textblock_section \"  itemscope=\"itemscope\" itemtype=\"https:\/\/schema.org\/BlogPosting\" itemprop=\"blogPost\" ><div class='avia_textblock  '   itemprop=\"text\" ><p style=\"text-align: center;\"><span style=\"font-size: 18pt;\"><strong>Hospital Regional Coyhaique rindi\u00f3 su Cuenta P\u00fablica Participativa Gesti\u00f3n 2023<\/strong><\/span><\/p>\n<div id=\"gtx-trans\" style=\"position: absolute; left: -50px; top: 4.31534px;\">\n<div class=\"gtx-trans-icon\"><\/div>\n<\/div>\n<\/div><\/section><\/div><div class=\"flex_column av_one_full  flex_column_div av-zero-column-padding first  avia-builder-el-4  el_after_av_one_full  el_before_av_hr  column-top-margin\" style='border-radius:0px; '><section class=\"av_textblock_section \"  itemscope=\"itemscope\" itemtype=\"https:\/\/schema.org\/BlogPosting\" itemprop=\"blogPost\" ><div class='avia_textblock  '   itemprop=\"text\" ><p style=\"text-align: justify;\">Una completa presentaci\u00f3n de datos e indicadores de lo que fue la Gesti\u00f3n 2023 del Hospital Regional Coyhaique (HRC), fue lo que rindi\u00f3 Daniel Jara Espinoza, director (S) del principal centro de salud de la red asistencial aysenina ante m\u00e1s de 100 personas pertenecientes a la comunidad, funcionarios, gremios y autoridades.<\/p>\n<p style=\"text-align: justify;\">Algunos de los aspectos destacados de esta Cuenta P\u00fablica Participativa, fue el repaso por los principales desaf\u00edos que debiera fijar el (HRC) para mejorar sus atenciones, actividades y resolutividad, insistiendo en el buen uso de la red asistencial para disminuir los tiempos de espera de las urgencias diferenciadas, consultas m\u00e9dicas de especialidad y procedimientos.<\/p>\n<p style=\"text-align: justify;\">Tambi\u00e9n se destacaron incrementos en las atenciones del Policl\u00ednico de Especialidades, en la actividad quir\u00fargica, en los egresos hospitalarios en las hospitalizaciones domiciliarias, en las prestaciones de telemedicina, de los ex\u00e1menes de Laboratorio e Imagenolog\u00eda, la realizaci\u00f3n de operativos, la adquisici\u00f3n de equipamiento para fortalecer la labor asistencial, as\u00ed como estrategias de satisfacci\u00f3n usuaria y de la relaci\u00f3n con la comunidad.<\/p>\n<p style=\"text-align: justify;\">Frente al fruct\u00edfero trabajo participativo con que cont\u00f3 esta presentaci\u00f3n y de los contenidos trabajados en conjunto para la elaboraci\u00f3n de la Cuenta P\u00fablica Participativa, Margarita Arismendi, presidenta del Consejo de Desarrollo Hospitalario (CDH) del establecimiento, destac\u00f3 que \u201cfue muy clara, muy precisa y nos dej\u00f3 grandes desaf\u00edos, como siempre, que esperamos se logren en muy corto tiempo\u201d.<\/p>\n<p style=\"text-align: justify;\">Una de las nuevas incorporaciones desde la comunidad al CDH, es la ONG Buen Nacer, en la que Bel\u00e9n Castro, su representante, indic\u00f3 que \u201cnos pareci\u00f3 una instancia de participaci\u00f3n bastante amable, presentada con palabras sencillas, f\u00e1ciles de entender. Nos queda como desaf\u00edo, para nosotras, seguir estableciendo relaci\u00f3n con los centros asistenciales y con la comunidad para que el buen nacer dentro de la Patagonia sea una realidad, favoreciendo el respeto por la mujer, su autonom\u00eda y el poder de decisi\u00f3n que tienen con la familia\u201d.<\/p>\n<p style=\"text-align: justify;\">Carmen Gloria Monsalve, Seremi de Salud Ays\u00e9n valor\u00f3 la actividad, destacando sobre todo la gesti\u00f3n hospitalaria para avanzar en lo asistencial \u201cdeslumbra un poco ver la cantidad de prestaciones que se llevan a cabo en el recinto, pero mucho m\u00e1s las mejoras respecto del a\u00f1o anterior. Quiero destacar tambi\u00e9n, como compromiso de Gobierno, el avance significativo en la producci\u00f3n quir\u00fargica respecto de 2022. Alrededor de un 66% m\u00e1s de prestaciones se llevaron a cabo dentro del pabell\u00f3n, lo que nos ha posicionado como una de las regiones con menos tiempos de espera y con menos usuarios antiguos esperando su intervenci\u00f3n quir\u00fargica desde antes de 2019\u201d.<\/p>\n<p style=\"text-align: justify;\">Por su parte, Juan Pablo Bravo, director del Servicio de Salud Ays\u00e9n, extendi\u00f3 felicitaciones a la presentaci\u00f3n que fue parte de un \u201ctrabajo en conjunto con la comunidad. Felicitarlos por la claridad, por rendir cuentas del a\u00f1o 2023 y los avances significativos que han tenido en las distintas \u00e1reas como consulta de especialidad, en urgencias, en intervenciones quir\u00fargicas y en otros \u00e1mbitos. Tambi\u00e9n mencionar los principales hitos y desaf\u00edos que mencion\u00f3 el director del hospital, que estamos trabajando en conjunto como el angi\u00f3grafo, la UCI Pedi\u00e1trica, de kinesiolog\u00eda y otros m\u00e1s que estar\u00e1n tambi\u00e9n en la Cuenta P\u00fablica del Servicio de Salud\u201d<\/p>\n<p style=\"text-align: justify;\">En tanto, Daniel Jara, director (s) del Hospital Regional Coyhaique, sobre este ejercicio de transparentar la gesti\u00f3n del establecimiento y del espacio de retroalimentaci\u00f3n con la comunidad finalizada la jornada, puntualiz\u00f3 que \u201cdimos la palabra para que cualquiera de los presentes pudiera hacer sus observaciones, sus requerimientos, sus reclamos, lo que le pareciera necesario resaltar. Lo que tuvimos en general fueron solo buenas palabras, solo felicitaciones, lo que refleja que no lo estamos haciendo tan mal y que esperamos poder seguir trabajando en equipo, como HRC para generar este grado de satisfacci\u00f3n no tan solo en las autoridades o quienes vienen a este tipo de actividad. Eso es lo que queremos, que la gente realmente se sienta con la seguridad, con la tranquilidad de que estamos tratando de hacer lo mejor para atenderlos de la mejor manera posible en sus requerimientos de salud\u201d.<\/p>\n<\/div><\/section><\/div><div  style='height:50px' class='hr hr-invisible   avia-builder-el-6  el_after_av_one_full  el_before_av_social_share '><span class='hr-inner ' ><span class='hr-inner-style'><\/span><\/span><\/div><\/p>\n<div  class='av-social-sharing-box  avia-builder-el-7  el_after_av_hr  el_before_av_hr  '><div class='av-share-box'><h5 class='av-share-link-description av-no-toc '>Compartir esta noticia<\/h5><ul class='av-share-box-list noLightbox'><li class='av-share-link av-social-link-facebook' ><a target=\"_blank\" aria-label=\"Compartir en Facebook\" href='https:\/\/www.facebook.com\/sharer.php?u=https:\/\/radiorevelacionfm.cl\/?p=41387&#038;t=Hospital%20Regional%20Coyhaique%20rindi%C3%B3%20su%20Cuenta%20P%C3%BAblica%20Participativa%20Gesti%C3%B3n%202023' aria-hidden='false' data-av_icon='\ue8f3' data-av_iconfont='entypo-fontello' title='' data-avia-related-tooltip='Compartir en Facebook' rel=\"noopener\"><span class='avia_hidden_link_text'>Compartir en Facebook<\/span><\/a><\/li><li class='av-share-link av-social-link-twitter' ><a target=\"_blank\" aria-label=\"Compartir en Twitter\" href='https:\/\/twitter.com\/share?text=Hospital%20Regional%20Coyhaique%20rindi%C3%B3%20su%20Cuenta%20P%C3%BAblica%20Participativa%20Gesti%C3%B3n%202023&#038;url=https:\/\/radiorevelacionfm.cl\/?p=41387' aria-hidden='false' data-av_icon='\ue8f1' data-av_iconfont='entypo-fontello' title='' data-avia-related-tooltip='Compartir en Twitter' rel=\"noopener\"><span class='avia_hidden_link_text'>Compartir en Twitter<\/span><\/a><\/li><li class='av-share-link av-social-link-whatsapp' ><a target=\"_blank\" aria-label=\"Compartir en Whatsapp\" href='https:\/\/api.whatsapp.com\/send?text=https:\/\/radiorevelacionfm.cl\/?p=41387' aria-hidden='false' data-av_icon='\uf232' data-av_iconfont='entypo-fontello' title='' data-avia-related-tooltip='Compartir en Whatsapp' rel=\"noopener\"><span class='avia_hidden_link_text'>Compartir en Whatsapp<\/span><\/a><\/li><li class='av-share-link av-social-link-linkedin' ><a target=\"_blank\" aria-label=\"Compartir en LinkedIn\" href='https:\/\/linkedin.com\/shareArticle?mini=true&#038;title=Hospital%20Regional%20Coyhaique%20rindi%C3%B3%20su%20Cuenta%20P%C3%BAblica%20Participativa%20Gesti%C3%B3n%202023&#038;url=https:\/\/radiorevelacionfm.cl\/?p=41387' aria-hidden='false' data-av_icon='\ue8fc' data-av_iconfont='entypo-fontello' title='' data-avia-related-tooltip='Compartir en LinkedIn' rel=\"noopener\"><span class='avia_hidden_link_text'>Compartir en LinkedIn<\/span><\/a><\/li><li class='av-share-link av-social-link-mail' ><a  aria-label=\"Compartir por correo\" href='mailto:?subject=Hospital%20Regional%20Coyhaique%20rindi%C3%B3%20su%20Cuenta%20P%C3%BAblica%20Participativa%20Gesti%C3%B3n%202023&#038;body=https:\/\/radiorevelacionfm.cl\/?p=41387' aria-hidden='false' data-av_icon='\ue805' data-av_iconfont='entypo-fontello' title='' data-avia-related-tooltip='Compartir por correo'><span class='avia_hidden_link_text'>Compartir por correo<\/span><\/a><\/li><\/ul><\/div><\/div>\n<div  style='height:50px' class='hr hr-invisible   avia-builder-el-8  el_after_av_social_share  el_before_av_comments_list '><span class='hr-inner ' ><span class='hr-inner-style'><\/span><\/span><\/div>\n<div  class='av-buildercomment  av-blog-meta-html-info-disabled av-blog-meta-tag-disabled  '><\/div>\n","protected":false},"excerpt":{"rendered":"","protected":false},"author":1,"featured_media":41388,"comment_status":"open","ping_status":"open","sticky":false,"template":"","format":"standard","meta":{"footnotes":""},"categories":[46],"tags":[],"class_list":["post-41387","post","type-post","status-publish","format-standard","has-post-thumbnail","hentry","category-salud"],"jetpack_featured_media_url":"https:\/\/radiorevelacionfm.cl\/wp-content\/uploads\/2024\/04\/cp-2024-202307-copia-1_optimized-1.jpg","_links":{"self":[{"href":"https:\/\/radiorevelacionfm.cl\/index.php?rest_route=\/wp\/v2\/posts\/41387","targetHints":{"allow":["GET"]}}],"collection":[{"href":"https:\/\/radiorevelacionfm.cl\/index.php?rest_route=\/wp\/v2\/posts"}],"about":[{"href":"https:\/\/radiorevelacionfm.cl\/index.php?rest_route=\/wp\/v2\/types\/post"}],"author":[{"embeddable":true,"href":"https:\/\/radiorevelacionfm.cl\/index.php?rest_route=\/wp\/v2\/users\/1"}],"replies":[{"embeddable":true,"href":"https:\/\/radiorevelacionfm.cl\/index.php?rest_route=%2Fwp%2Fv2%2Fcomments&post=41387"}],"version-history":[{"count":1,"href":"https:\/\/radiorevelacionfm.cl\/index.php?rest_route=\/wp\/v2\/posts\/41387\/revisions"}],"predecessor-version":[{"id":41389,"href":"https:\/\/radiorevelacionfm.cl\/index.php?rest_route=\/wp\/v2\/posts\/41387\/revisions\/41389"}],"wp:featuredmedia":[{"embeddable":true,"href":"https:\/\/radiorevelacionfm.cl\/index.php?rest_route=\/wp\/v2\/media\/41388"}],"wp:attachment":[{"href":"https:\/\/radiorevelacionfm.cl\/index.php?rest_route=%2Fwp%2Fv2%2Fmedia&parent=41387"}],"wp:term":[{"taxonomy":"category","embeddable":true,"href":"https:\/\/radiorevelacionfm.cl\/index.php?rest_route=%2Fwp%2Fv2%2Fcategories&post=41387"},{"taxonomy":"post_tag","embeddable":true,"href":"https:\/\/radiorevelacionfm.cl\/index.php?rest_route=%2Fwp%2Fv2%2Ftags&post=41387"}],"curies":[{"name":"wp","href":"https:\/\/api.w.org\/{rel}","templated":true}]}}