{"id":41378,"date":"2024-04-17T11:00:49","date_gmt":"2024-04-17T14:00:49","guid":{"rendered":"https:\/\/radiorevelacionfm.cl\/?p=41378"},"modified":"2024-04-17T11:00:49","modified_gmt":"2024-04-17T14:00:49","slug":"ochenta-familias-contaran-con-16-km-del-camino-turistico-el-balseo-pavimentado","status":"publish","type":"post","link":"https:\/\/radiorevelacionfm.cl\/?p=41378","title":{"rendered":"Ochenta familias contar\u00e1n con 1,6 km del camino tur\u00edstico El Balseo pavimentado"},"content":{"rendered":"<div class=\"flex_column av_one_full  flex_column_div av-zero-column-padding first  avia-builder-el-0  el_before_av_one_full  avia-builder-el-first  \" style='border-radius:0px; '><div  class='avia-image-container  av-styling-    avia-builder-el-1  avia-builder-el-no-sibling  avia-align-center '  itemprop=\"image\" itemscope=\"itemscope\" itemtype=\"https:\/\/schema.org\/ImageObject\"  ><div class='avia-image-container-inner'><div class='avia-image-overlay-wrap'><img decoding=\"async\" class='wp-image-41379 avia-img-lazy-loading-not-41379 avia_image' src=\"https:\/\/radiorevelacionfm.cl\/wp-content\/uploads\/2024\/04\/elbalseo-1-1_optimized.jpg\" alt='' title='elbalseo-1-(1)_optimized' height=\"600\" width=\"900\"  itemprop=\"thumbnailUrl\" srcset=\"https:\/\/radiorevelacionfm.cl\/wp-content\/uploads\/2024\/04\/elbalseo-1-1_optimized.jpg 900w, https:\/\/radiorevelacionfm.cl\/wp-content\/uploads\/2024\/04\/elbalseo-1-1_optimized-300x200.jpg 300w, https:\/\/radiorevelacionfm.cl\/wp-content\/uploads\/2024\/04\/elbalseo-1-1_optimized-768x512.jpg 768w, https:\/\/radiorevelacionfm.cl\/wp-content\/uploads\/2024\/04\/elbalseo-1-1_optimized-705x470.jpg 705w, https:\/\/radiorevelacionfm.cl\/wp-content\/uploads\/2024\/04\/elbalseo-1-1_optimized-450x300.jpg 450w, https:\/\/radiorevelacionfm.cl\/wp-content\/uploads\/2024\/04\/elbalseo-1-1_optimized-600x400.jpg 600w\" sizes=\"(max-width: 900px) 100vw, 900px\" \/><\/div><\/div><\/div><\/div><div class=\"flex_column av_one_full  flex_column_div av-zero-column-padding first  avia-builder-el-2  el_after_av_one_full  el_before_av_one_full  column-top-margin\" style='border-radius:0px; '><section class=\"av_textblock_section \"  itemscope=\"itemscope\" itemtype=\"https:\/\/schema.org\/BlogPosting\" itemprop=\"blogPost\" ><div class='avia_textblock  '   itemprop=\"text\" ><p style=\"text-align: center;\"><strong><span style=\"font-size: 18pt;\">Ochenta familias contar\u00e1n con 1,6 km del camino tur\u00edstico El Balseo pavimentado<\/span><\/strong><\/p>\n<div id=\"gtx-trans\" style=\"position: absolute; left: -50px; top: 4.31534px;\">\n<div class=\"gtx-trans-icon\"><\/div>\n<\/div>\n<\/div><\/section><\/div><div class=\"flex_column av_one_full  flex_column_div av-zero-column-padding first  avia-builder-el-4  el_after_av_one_full  el_before_av_hr  column-top-margin\" style='border-radius:0px; '><section class=\"av_textblock_section \"  itemscope=\"itemscope\" itemtype=\"https:\/\/schema.org\/BlogPosting\" itemprop=\"blogPost\" ><div class='avia_textblock  '   itemprop=\"text\" ><p style=\"text-align: justify;\"><em>Obras est\u00e1n siendo materializadas por trabajadores de la Oficina Provincial de Vialidad MOP de Puerto Ays\u00e9n con el apoyo t\u00e9cnico del equipo de funcionarios del Laboratorio Regional de Vialidad Ays\u00e9n, cuentan con siete maquinarias y una inversi\u00f3n de $58.531 millones.<\/em><\/p>\n<p style=\"text-align: justify;\">El Secretario Regional Ministerial de Obras P\u00fablicas Patricio Sanhueza Ulloa junto al Director Regional de Vialidad del MOP Renzo Sanders Cort\u00e9s, el Jefe de la Oficina Provincial de Vialidad Ays\u00e9n Jorge Barr\u00eda, el Delegado Presidencial Provincia de Ays\u00e9n Jorge D\u00edaz Guzm\u00e1n y la secretaria de la Junta de Vecinos El Balseo Nancy Molina, realizaron una inspecci\u00f3n a la pavimentaci\u00f3n con aplicaci\u00f3n de suelo cemento y sello asf\u00e1ltico de 1,6 kil\u00f3metros del camino tur\u00edstico El Balseo, ubicado en la comuna de Ays\u00e9n, en el marco de la ejecuci\u00f3n del Plan Regional de Mejoramiento de Carpetas que el gobierno del presidente Gabriel Boric Font impulsa en la regi\u00f3n de Ays\u00e9n a trav\u00e9s del Ministerio de Obras P\u00fablicas.<\/p>\n<p style=\"text-align: justify;\">En la ocasi\u00f3n, el SEREMI del MOP destac\u00f3 la importancia que estas obras tienen en este tramo del camino, expresando al respecto que \u201cQueremos felicitar al equipo provincial de Vialidad Ays\u00e9n, porque este es el primer camino que ellos realizan abordando las obras con sus recursos y est\u00e1n muy comprometidos con estos trabajos, abriendo con ello nuevas oportunidades para que otros sectores de la regi\u00f3n puedan contar con esta soluci\u00f3n, que junto con reducir las necesidades de conservaci\u00f3n futura, tambi\u00e9n disminuye el polvo en suspensi\u00f3n, evita extraer \u00e1ridos de pozos fluviales o terrestres, por lo tanto tambi\u00e9n se reduce el impacto ambiental con las obras, se genera una superficie m\u00e1s segura, que entrega mayor confort a las personas, dejando incluso el camino apto para el uso de bicicletas, y para las empresas de transporte que lo ocupan diariamente, impulsando con ello m\u00e1s oportunidades para el emprendimiento tur\u00edstico. El camino que en su totalidad se extiende por 7,3 kil\u00f3metros, abarca obras en 1,6 kil\u00f3metros como medida de mitigaci\u00f3n producto del cierre de la pasarela El Balseo, considera la aplicaci\u00f3n de suelo cemento en una primera etapa y concluir en lo que resta del a\u00f1o con sello asf\u00e1ltico, y forma parte de un Plan Regional de Mejoramiento de Carpetas, en el que hemos avanzado fuertemente en la provincia de Capit\u00e1n Prat, en donde una gran parte de los caminos hoy ya tienen esta soluci\u00f3n y llevamos un avance de 45 kil\u00f3metros; tambi\u00e9n estamos trabajando v\u00eda Contratos de Conservaci\u00f3n Global en el camino 265 en Chile Chico donde hay un avance de 5 kil\u00f3metros y al terminar el a\u00f1o pretendemos contar con 12 kil\u00f3metros; y en un mes m\u00e1s aproximadamente vamos a llamar a licitaci\u00f3n 34 kil\u00f3metros m\u00e1s en tres comunas de la regi\u00f3n, y tenemos en cartera para lo que resta del a\u00f1o avanzar en el camino R\u00edo Los Palos tambi\u00e9n, as\u00ed que estamos muy contentos y satisfechos por el trabajo realizado as\u00ed como tambi\u00e9n por la recepci\u00f3n que ha tenido por parte de la comunidad de El Balseo. Queremos seguir avanzando con esta soluci\u00f3n en los caminos tur\u00edsticos, en los caminos donde tenemos una mayor concentraci\u00f3n de habitantes, para mejorar las condiciones de vida y la calidad de vida de todos ellos y ellas\u201d.<\/p>\n<p style=\"text-align: justify;\">Por su parte, el Delegado Presidencial Provincia de Ays\u00e9n, Jorge D\u00edaz Guzm\u00e1n \u201cEstamos cumpliendo un compromiso. Hace poco tiempo nos reunimos ac\u00e1, al principio con bastantes diferencias de criterio a prop\u00f3sito del cierre de la pasarela hist\u00f3rica de El Balseo y las demandas de los vecinos fueron varias, entre ellas el mejoramiento del camino, la se\u00f1alizaci\u00f3n, el cierre de la pasarela y todos esos compromisos los hemos cumplido, as\u00ed que estamos muy contentos y espero que tambi\u00e9n los vecinos est\u00e9n satisfechos y satisfechas porque lo que est\u00e1 haciendo nuestro gobierno es cumplir los compromisos que adquirimos, as\u00ed que agradecemos primero a los trabajadores, a la Oficina Provincial de Vialidad, al SEREMI porque estas soluciones que son r\u00e1pidas van mejorando precisamente las condiciones de vida de todos los vecinos y este nuevo barrio -por as\u00ed decirlo- se incorpora tambi\u00e9n a esta soluci\u00f3n, as\u00ed que estamos muy contentos y esperamos que sigamos avanzando y trabajando juntos en otras demandas porque siempre van a surgir nuevos proyectos y nuevas demandas de sus vecinos, as\u00ed que estamos dispuestos a seguir trabajando con ellos y con ellas\u201d.<\/p>\n<p style=\"text-align: justify;\">Junto a la vecina y dirigente Nancy Molina, secretaria de la Junta de Vecinos El Balseo las autoridades efectuaron un recorrido por las obras, oportunidad en la que la dirigenta destac\u00f3: \u201cMaravilloso el trabajo. Era una gran necesidad que ten\u00edamos los vecinos del sector El Balseo de poder mejorar este camino y como lo ven cambio rotundamente. Es muy bueno y eso nos ayuda a todos porque la verdad, insisto era una gran necesidad. Pasamos mucho tiempo con un camino en malas condiciones y Vialidad siempre prest\u00f3 el apoyo para poder pasar m\u00e1quina pero con esto ya cambio todo\u201d.<\/p>\n<p style=\"text-align: justify;\">Cabe se\u00f1alar que el a\u00f1o 2023, con una inversi\u00f3n que bordea los 17 millones de pesos se realizaron obras de saneamiento en el camino Cruce Ruta 240 &#8211; Tur\u00edstico El Balseo &#8211; Cruce Ruta 240, para mejorar su condici\u00f3n a trav\u00e9s de la construcci\u00f3n y reconfecci\u00f3n de fosos y la limpieza de la faja, entre otros. Durante el mes de febrero de este a\u00f1o, se instal\u00f3 una carpeta granular con incorporaci\u00f3n de 50% de material chancado, y fue tratada con la adici\u00f3n de cemento de alta resistencia para mejorar la condici\u00f3n estructural del camino y dar mejor terminaci\u00f3n a la rodadura. Este a\u00f1o 2024 aument\u00f3 la inversi\u00f3n alcanzando los $ 58.531984 millones y se invirti\u00f3 en operaciones de reciclado de capas granulares con adici\u00f3n de cemento.<\/p>\n<\/div><\/section><\/div><div  style='height:50px' class='hr hr-invisible   avia-builder-el-6  el_after_av_one_full  el_before_av_social_share '><span class='hr-inner ' ><span class='hr-inner-style'><\/span><\/span><\/div><\/p>\n<div  class='av-social-sharing-box  avia-builder-el-7  el_after_av_hr  el_before_av_hr  '><div class='av-share-box'><h5 class='av-share-link-description av-no-toc '>Compartir esta noticia<\/h5><ul class='av-share-box-list noLightbox'><li class='av-share-link av-social-link-facebook' ><a target=\"_blank\" aria-label=\"Compartir en Facebook\" href='https:\/\/www.facebook.com\/sharer.php?u=https:\/\/radiorevelacionfm.cl\/?p=41378&#038;t=Ochenta%20familias%20contar%C3%A1n%20con%201%2C6%20km%20del%20camino%20tur%C3%ADstico%20El%20Balseo%20pavimentado' aria-hidden='false' data-av_icon='\ue8f3' data-av_iconfont='entypo-fontello' title='' data-avia-related-tooltip='Compartir en Facebook' rel=\"noopener\"><span class='avia_hidden_link_text'>Compartir en Facebook<\/span><\/a><\/li><li class='av-share-link av-social-link-twitter' ><a target=\"_blank\" aria-label=\"Compartir en Twitter\" href='https:\/\/twitter.com\/share?text=Ochenta%20familias%20contar%C3%A1n%20con%201%2C6%20km%20del%20camino%20tur%C3%ADstico%20El%20Balseo%20pavimentado&#038;url=https:\/\/radiorevelacionfm.cl\/?p=41378' aria-hidden='false' data-av_icon='\ue8f1' data-av_iconfont='entypo-fontello' title='' data-avia-related-tooltip='Compartir en Twitter' rel=\"noopener\"><span class='avia_hidden_link_text'>Compartir en Twitter<\/span><\/a><\/li><li class='av-share-link av-social-link-whatsapp' ><a target=\"_blank\" aria-label=\"Compartir en Whatsapp\" href='https:\/\/api.whatsapp.com\/send?text=https:\/\/radiorevelacionfm.cl\/?p=41378' aria-hidden='false' data-av_icon='\uf232' data-av_iconfont='entypo-fontello' title='' data-avia-related-tooltip='Compartir en Whatsapp' rel=\"noopener\"><span class='avia_hidden_link_text'>Compartir en Whatsapp<\/span><\/a><\/li><li class='av-share-link av-social-link-linkedin' ><a target=\"_blank\" aria-label=\"Compartir en LinkedIn\" href='https:\/\/linkedin.com\/shareArticle?mini=true&#038;title=Ochenta%20familias%20contar%C3%A1n%20con%201%2C6%20km%20del%20camino%20tur%C3%ADstico%20El%20Balseo%20pavimentado&#038;url=https:\/\/radiorevelacionfm.cl\/?p=41378' aria-hidden='false' data-av_icon='\ue8fc' data-av_iconfont='entypo-fontello' title='' data-avia-related-tooltip='Compartir en LinkedIn' rel=\"noopener\"><span class='avia_hidden_link_text'>Compartir en LinkedIn<\/span><\/a><\/li><li class='av-share-link av-social-link-mail' ><a  aria-label=\"Compartir por correo\" href='mailto:?subject=Ochenta%20familias%20contar%C3%A1n%20con%201%2C6%20km%20del%20camino%20tur%C3%ADstico%20El%20Balseo%20pavimentado&#038;body=https:\/\/radiorevelacionfm.cl\/?p=41378' aria-hidden='false' data-av_icon='\ue805' data-av_iconfont='entypo-fontello' title='' data-avia-related-tooltip='Compartir por correo'><span class='avia_hidden_link_text'>Compartir por correo<\/span><\/a><\/li><\/ul><\/div><\/div>\n<div  style='height:50px' class='hr hr-invisible   avia-builder-el-8  el_after_av_social_share  el_before_av_comments_list '><span class='hr-inner ' ><span class='hr-inner-style'><\/span><\/span><\/div>\n<div  class='av-buildercomment  av-blog-meta-html-info-disabled av-blog-meta-tag-disabled  '><\/div>\n","protected":false},"excerpt":{"rendered":"","protected":false},"author":1,"featured_media":41379,"comment_status":"open","ping_status":"open","sticky":false,"template":"","format":"standard","meta":{"footnotes":""},"categories":[38],"tags":[],"class_list":["post-41378","post","type-post","status-publish","format-standard","has-post-thumbnail","hentry","category-regional"],"jetpack_featured_media_url":"https:\/\/radiorevelacionfm.cl\/wp-content\/uploads\/2024\/04\/elbalseo-1-1_optimized.jpg","_links":{"self":[{"href":"https:\/\/radiorevelacionfm.cl\/index.php?rest_route=\/wp\/v2\/posts\/41378","targetHints":{"allow":["GET"]}}],"collection":[{"href":"https:\/\/radiorevelacionfm.cl\/index.php?rest_route=\/wp\/v2\/posts"}],"about":[{"href":"https:\/\/radiorevelacionfm.cl\/index.php?rest_route=\/wp\/v2\/types\/post"}],"author":[{"embeddable":true,"href":"https:\/\/radiorevelacionfm.cl\/index.php?rest_route=\/wp\/v2\/users\/1"}],"replies":[{"embeddable":true,"href":"https:\/\/radiorevelacionfm.cl\/index.php?rest_route=%2Fwp%2Fv2%2Fcomments&post=41378"}],"version-history":[{"count":1,"href":"https:\/\/radiorevelacionfm.cl\/index.php?rest_route=\/wp\/v2\/posts\/41378\/revisions"}],"predecessor-version":[{"id":41380,"href":"https:\/\/radiorevelacionfm.cl\/index.php?rest_route=\/wp\/v2\/posts\/41378\/revisions\/41380"}],"wp:featuredmedia":[{"embeddable":true,"href":"https:\/\/radiorevelacionfm.cl\/index.php?rest_route=\/wp\/v2\/media\/41379"}],"wp:attachment":[{"href":"https:\/\/radiorevelacionfm.cl\/index.php?rest_route=%2Fwp%2Fv2%2Fmedia&parent=41378"}],"wp:term":[{"taxonomy":"category","embeddable":true,"href":"https:\/\/radiorevelacionfm.cl\/index.php?rest_route=%2Fwp%2Fv2%2Fcategories&post=41378"},{"taxonomy":"post_tag","embeddable":true,"href":"https:\/\/radiorevelacionfm.cl\/index.php?rest_route=%2Fwp%2Fv2%2Ftags&post=41378"}],"curies":[{"name":"wp","href":"https:\/\/api.w.org\/{rel}","templated":true}]}}