{"id":41375,"date":"2024-04-16T20:44:53","date_gmt":"2024-04-16T23:44:53","guid":{"rendered":"https:\/\/radiorevelacionfm.cl\/?p=41375"},"modified":"2024-04-16T20:44:53","modified_gmt":"2024-04-16T23:44:53","slug":"carabineros-de-coyhaique-detuvo-a-sujeto-por-lesiones-en-contexto-de-violencia-intrafamiliar","status":"publish","type":"post","link":"https:\/\/radiorevelacionfm.cl\/?p=41375","title":{"rendered":"Carabineros de Coyhaique detuvo a sujeto por lesiones en contexto de violencia intrafamiliar"},"content":{"rendered":"<div class=\"flex_column av_one_full  flex_column_div av-zero-column-padding first  avia-builder-el-0  el_before_av_one_full  avia-builder-el-first  \" style='border-radius:0px; '><div  class='avia-image-container  av-styling-    avia-builder-el-1  avia-builder-el-no-sibling  avia-align-center '  itemprop=\"image\" itemscope=\"itemscope\" itemtype=\"https:\/\/schema.org\/ImageObject\"  ><div class='avia-image-container-inner'><div class='avia-image-overlay-wrap'><img decoding=\"async\" class='wp-image-41376 avia-img-lazy-loading-not-41376 avia_image' src=\"https:\/\/radiorevelacionfm.cl\/wp-content\/uploads\/2024\/04\/855ec26c-5daa-4f6a-afba-51b319a17e1a-1_optimized-1.jpg\" alt='' title='855ec26c-5daa-4f6a-afba-51b319a17e1a-(1)_optimized (1)' height=\"600\" width=\"1029\"  itemprop=\"thumbnailUrl\" srcset=\"https:\/\/radiorevelacionfm.cl\/wp-content\/uploads\/2024\/04\/855ec26c-5daa-4f6a-afba-51b319a17e1a-1_optimized-1.jpg 1029w, https:\/\/radiorevelacionfm.cl\/wp-content\/uploads\/2024\/04\/855ec26c-5daa-4f6a-afba-51b319a17e1a-1_optimized-1-300x175.jpg 300w, https:\/\/radiorevelacionfm.cl\/wp-content\/uploads\/2024\/04\/855ec26c-5daa-4f6a-afba-51b319a17e1a-1_optimized-1-768x448.jpg 768w, https:\/\/radiorevelacionfm.cl\/wp-content\/uploads\/2024\/04\/855ec26c-5daa-4f6a-afba-51b319a17e1a-1_optimized-1-705x411.jpg 705w, https:\/\/radiorevelacionfm.cl\/wp-content\/uploads\/2024\/04\/855ec26c-5daa-4f6a-afba-51b319a17e1a-1_optimized-1-450x262.jpg 450w, https:\/\/radiorevelacionfm.cl\/wp-content\/uploads\/2024\/04\/855ec26c-5daa-4f6a-afba-51b319a17e1a-1_optimized-1-600x350.jpg 600w\" sizes=\"(max-width: 1029px) 100vw, 1029px\" \/><\/div><\/div><\/div><\/div><div class=\"flex_column av_one_full  flex_column_div av-zero-column-padding first  avia-builder-el-2  el_after_av_one_full  el_before_av_one_full  column-top-margin\" style='border-radius:0px; '><section class=\"av_textblock_section \"  itemscope=\"itemscope\" itemtype=\"https:\/\/schema.org\/BlogPosting\" itemprop=\"blogPost\" ><div class='avia_textblock  '   itemprop=\"text\" ><p style=\"text-align: center;\"><span style=\"font-size: 18pt;\"><b>Carabineros de Coyhaique detuvo a sujeto por lesiones en contexto de violencia intrafamiliar<\/b><\/span><\/p>\n<div id=\"gtx-trans\" style=\"position: absolute; left: -50px; top: 4.31534px;\">\n<div class=\"gtx-trans-icon\"><\/div>\n<\/div>\n<\/div><\/section><\/div><div class=\"flex_column av_one_full  flex_column_div av-zero-column-padding first  avia-builder-el-4  el_after_av_one_full  el_before_av_hr  column-top-margin\" style='border-radius:0px; '><section class=\"av_textblock_section \"  itemscope=\"itemscope\" itemtype=\"https:\/\/schema.org\/BlogPosting\" itemprop=\"blogPost\" ><div class='avia_textblock  '   itemprop=\"text\" ><div>\n<p style=\"text-align: justify;\">V\u00edctima logr\u00f3 escapar desde domicilio denunciando el hecho ante Carabineros, en tanto que los antecedentes fueron puestos a disposici\u00f3n de la Fiscal\u00eda.<\/p>\n<p style=\"text-align: justify;\">Una denuncia oportuna sumado a una r\u00e1pida respuesta por parte de Carabineros de Coyhaique, permiti\u00f3 detener a un sujeto por lesiones en el contexto de violencia intrafamiliar.<\/p>\n<p style=\"text-align: justify;\">Seg\u00fan antecedentes aportados por el Comisario de Carabineros de esta ciudad, Mayor Gerardo Gonz\u00e1lez L\u00f3pez, alrededor de las 01:00 horas de hoy, en virtud de un llamado al nivel de emergencias 133 que daba cuenta de un hecho de violencia intrafamiliar, el personal reaccion\u00f3 logrando evitar un hecho mayor brindando auxilio a la v\u00edctima.<\/p>\n<p style=\"text-align: justify;\">\u00abCarabineros que se encontraba desplegado en la poblaci\u00f3n, r\u00e1pidamente concurre al lugar de los hechos entrevist\u00e1ndose con la v\u00edctima que efectivamente presentaba lesiones leves en este caso y ante lo manifestado por la v\u00edctima y ante la presencia del agresor que en este caso era su pareja, se procede a la detenci\u00f3n de esta persona siendo puesto a disposici\u00f3n de la justicia\u00bb, expres\u00f3 el Mayor Gonz\u00e1lez.<\/p>\n<p style=\"text-align: justify;\">Seg\u00fan a\u00f1adi\u00f3 el Oficial, dicha persona registra antecedentes previos y detenciones por parte de carabineros en el contexto de violencia intrafamiliar.<\/p>\n<p style=\"text-align: justify;\">Los antecedentes del procedimiento fueron remitidos a la Fiscal\u00eda que dirige investigaci\u00f3n por este hecho.<\/p>\n<p style=\"text-align: justify;\">Cabe se\u00f1alar que desde enero al 7 de abril del presente a\u00f1o, Carabineros en la regi\u00f3n de Ays\u00e9n ha adoptado 71.590 procedimientos, siendo detenidas 1.394 personas por diversos delitos, de los cuales 99 corresponden a violencia intrafamiliar donde el 48% de estos \u00faltimos registra detenciones previas por parte de Carabineros.<\/p>\n<\/div>\n<div style=\"text-align: justify;\"><\/div>\n<\/div><\/section><\/div><div  style='height:50px' class='hr hr-invisible   avia-builder-el-6  el_after_av_one_full  el_before_av_social_share '><span class='hr-inner ' ><span class='hr-inner-style'><\/span><\/span><\/div><\/p>\n<div  class='av-social-sharing-box  avia-builder-el-7  el_after_av_hr  el_before_av_hr  '><div class='av-share-box'><h5 class='av-share-link-description av-no-toc '>Compartir esta noticia<\/h5><ul class='av-share-box-list noLightbox'><li class='av-share-link av-social-link-facebook' ><a target=\"_blank\" aria-label=\"Compartir en Facebook\" href='https:\/\/www.facebook.com\/sharer.php?u=https:\/\/radiorevelacionfm.cl\/?p=41375&#038;t=Carabineros%20de%20Coyhaique%20detuvo%20a%20sujeto%20por%20lesiones%20en%20contexto%20de%20violencia%20intrafamiliar' aria-hidden='false' data-av_icon='\ue8f3' data-av_iconfont='entypo-fontello' title='' data-avia-related-tooltip='Compartir en Facebook' rel=\"noopener\"><span class='avia_hidden_link_text'>Compartir en Facebook<\/span><\/a><\/li><li class='av-share-link av-social-link-twitter' ><a target=\"_blank\" aria-label=\"Compartir en Twitter\" href='https:\/\/twitter.com\/share?text=Carabineros%20de%20Coyhaique%20detuvo%20a%20sujeto%20por%20lesiones%20en%20contexto%20de%20violencia%20intrafamiliar&#038;url=https:\/\/radiorevelacionfm.cl\/?p=41375' aria-hidden='false' data-av_icon='\ue8f1' data-av_iconfont='entypo-fontello' title='' data-avia-related-tooltip='Compartir en Twitter' rel=\"noopener\"><span class='avia_hidden_link_text'>Compartir en Twitter<\/span><\/a><\/li><li class='av-share-link av-social-link-whatsapp' ><a target=\"_blank\" aria-label=\"Compartir en Whatsapp\" href='https:\/\/api.whatsapp.com\/send?text=https:\/\/radiorevelacionfm.cl\/?p=41375' aria-hidden='false' data-av_icon='\uf232' data-av_iconfont='entypo-fontello' title='' data-avia-related-tooltip='Compartir en Whatsapp' rel=\"noopener\"><span class='avia_hidden_link_text'>Compartir en Whatsapp<\/span><\/a><\/li><li class='av-share-link av-social-link-linkedin' ><a target=\"_blank\" aria-label=\"Compartir en LinkedIn\" href='https:\/\/linkedin.com\/shareArticle?mini=true&#038;title=Carabineros%20de%20Coyhaique%20detuvo%20a%20sujeto%20por%20lesiones%20en%20contexto%20de%20violencia%20intrafamiliar&#038;url=https:\/\/radiorevelacionfm.cl\/?p=41375' aria-hidden='false' data-av_icon='\ue8fc' data-av_iconfont='entypo-fontello' title='' data-avia-related-tooltip='Compartir en LinkedIn' rel=\"noopener\"><span class='avia_hidden_link_text'>Compartir en LinkedIn<\/span><\/a><\/li><li class='av-share-link av-social-link-mail' ><a  aria-label=\"Compartir por correo\" href='mailto:?subject=Carabineros%20de%20Coyhaique%20detuvo%20a%20sujeto%20por%20lesiones%20en%20contexto%20de%20violencia%20intrafamiliar&#038;body=https:\/\/radiorevelacionfm.cl\/?p=41375' aria-hidden='false' data-av_icon='\ue805' data-av_iconfont='entypo-fontello' title='' data-avia-related-tooltip='Compartir por correo'><span class='avia_hidden_link_text'>Compartir por correo<\/span><\/a><\/li><\/ul><\/div><\/div>\n<div  style='height:50px' class='hr hr-invisible   avia-builder-el-8  el_after_av_social_share  el_before_av_comments_list '><span class='hr-inner ' ><span class='hr-inner-style'><\/span><\/span><\/div>\n<div  class='av-buildercomment  av-blog-meta-html-info-disabled av-blog-meta-tag-disabled  '><\/div>\n","protected":false},"excerpt":{"rendered":"","protected":false},"author":1,"featured_media":41376,"comment_status":"open","ping_status":"open","sticky":false,"template":"","format":"standard","meta":{"footnotes":""},"categories":[36],"tags":[],"class_list":["post-41375","post","type-post","status-publish","format-standard","has-post-thumbnail","hentry","category-policial"],"jetpack_featured_media_url":"https:\/\/radiorevelacionfm.cl\/wp-content\/uploads\/2024\/04\/855ec26c-5daa-4f6a-afba-51b319a17e1a-1_optimized-1.jpg","_links":{"self":[{"href":"https:\/\/radiorevelacionfm.cl\/index.php?rest_route=\/wp\/v2\/posts\/41375","targetHints":{"allow":["GET"]}}],"collection":[{"href":"https:\/\/radiorevelacionfm.cl\/index.php?rest_route=\/wp\/v2\/posts"}],"about":[{"href":"https:\/\/radiorevelacionfm.cl\/index.php?rest_route=\/wp\/v2\/types\/post"}],"author":[{"embeddable":true,"href":"https:\/\/radiorevelacionfm.cl\/index.php?rest_route=\/wp\/v2\/users\/1"}],"replies":[{"embeddable":true,"href":"https:\/\/radiorevelacionfm.cl\/index.php?rest_route=%2Fwp%2Fv2%2Fcomments&post=41375"}],"version-history":[{"count":1,"href":"https:\/\/radiorevelacionfm.cl\/index.php?rest_route=\/wp\/v2\/posts\/41375\/revisions"}],"predecessor-version":[{"id":41377,"href":"https:\/\/radiorevelacionfm.cl\/index.php?rest_route=\/wp\/v2\/posts\/41375\/revisions\/41377"}],"wp:featuredmedia":[{"embeddable":true,"href":"https:\/\/radiorevelacionfm.cl\/index.php?rest_route=\/wp\/v2\/media\/41376"}],"wp:attachment":[{"href":"https:\/\/radiorevelacionfm.cl\/index.php?rest_route=%2Fwp%2Fv2%2Fmedia&parent=41375"}],"wp:term":[{"taxonomy":"category","embeddable":true,"href":"https:\/\/radiorevelacionfm.cl\/index.php?rest_route=%2Fwp%2Fv2%2Fcategories&post=41375"},{"taxonomy":"post_tag","embeddable":true,"href":"https:\/\/radiorevelacionfm.cl\/index.php?rest_route=%2Fwp%2Fv2%2Ftags&post=41375"}],"curies":[{"name":"wp","href":"https:\/\/api.w.org\/{rel}","templated":true}]}}