{"id":41372,"date":"2024-04-17T13:52:57","date_gmt":"2024-04-17T16:52:57","guid":{"rendered":"https:\/\/radiorevelacionfm.cl\/?p=41372"},"modified":"2024-04-17T13:52:57","modified_gmt":"2024-04-17T16:52:57","slug":"sera-ley-se-aprueba-con-amplia-mayoria-proyecto-que-consagra-el-internet-como-un-servicio-publico","status":"publish","type":"post","link":"https:\/\/radiorevelacionfm.cl\/?p=41372","title":{"rendered":"Ser\u00e1 Ley: se aprueba con amplia mayor\u00eda proyecto que consagra el Internet como un servicio p\u00fablico"},"content":{"rendered":"<div class=\"flex_column av_one_full  flex_column_div av-zero-column-padding first  avia-builder-el-0  el_before_av_one_full  avia-builder-el-first  \" style='border-radius:0px; '><div  class='avia-image-container  av-styling-    avia-builder-el-1  avia-builder-el-no-sibling  avia-align-center '  itemprop=\"image\" itemscope=\"itemscope\" itemtype=\"https:\/\/schema.org\/ImageObject\"  ><div class='avia-image-container-inner'><div class='avia-image-overlay-wrap'><img decoding=\"async\" class='wp-image-41373 avia-img-lazy-loading-not-41373 avia_image' src=\"https:\/\/radiorevelacionfm.cl\/wp-content\/uploads\/2024\/04\/20240416_161138-1-1.jpg\" alt='' title='20240416_161138 (1) (1)' height=\"785\" width=\"802\"  itemprop=\"thumbnailUrl\" srcset=\"https:\/\/radiorevelacionfm.cl\/wp-content\/uploads\/2024\/04\/20240416_161138-1-1.jpg 802w, https:\/\/radiorevelacionfm.cl\/wp-content\/uploads\/2024\/04\/20240416_161138-1-1-300x294.jpg 300w, https:\/\/radiorevelacionfm.cl\/wp-content\/uploads\/2024\/04\/20240416_161138-1-1-768x752.jpg 768w, https:\/\/radiorevelacionfm.cl\/wp-content\/uploads\/2024\/04\/20240416_161138-1-1-36x36.jpg 36w, https:\/\/radiorevelacionfm.cl\/wp-content\/uploads\/2024\/04\/20240416_161138-1-1-705x690.jpg 705w, https:\/\/radiorevelacionfm.cl\/wp-content\/uploads\/2024\/04\/20240416_161138-1-1-450x440.jpg 450w, https:\/\/radiorevelacionfm.cl\/wp-content\/uploads\/2024\/04\/20240416_161138-1-1-600x587.jpg 600w\" sizes=\"(max-width: 802px) 100vw, 802px\" \/><\/div><\/div><\/div><\/div><div class=\"flex_column av_one_full  flex_column_div av-zero-column-padding first  avia-builder-el-2  el_after_av_one_full  el_before_av_one_full  column-top-margin\" style='border-radius:0px; '><section class=\"av_textblock_section \"  itemscope=\"itemscope\" itemtype=\"https:\/\/schema.org\/BlogPosting\" itemprop=\"blogPost\" ><div class='avia_textblock  '   itemprop=\"text\" ><p style=\"text-align: center;\"><strong><span style=\"font-size: 18pt;\">Ser\u00e1 Ley: se aprueba con amplia mayor\u00eda proyecto que consagra el Internet como un servicio p\u00fablico\u00a0<\/span><\/strong><\/p>\n<div id=\"gtx-trans\" style=\"position: absolute; left: -50px; top: 4.31534px;\">\n<div class=\"gtx-trans-icon\"><\/div>\n<\/div>\n<\/div><\/section><\/div><div class=\"flex_column av_one_full  flex_column_div av-zero-column-padding first  avia-builder-el-4  el_after_av_one_full  el_before_av_hr  column-top-margin\" style='border-radius:0px; '><section class=\"av_textblock_section \"  itemscope=\"itemscope\" itemtype=\"https:\/\/schema.org\/BlogPosting\" itemprop=\"blogPost\" ><div class='avia_textblock  '   itemprop=\"text\" ><p style=\"text-align: justify;\"><em>Con apoyo transversal, la C\u00e1mara de Diputados aprob\u00f3 el proyecto de ley \u201cAcceso a Internet como un servicio p\u00fablico de telecomunicaciones\u201d, quedando listo para ser promulgado por el Presidente Gabriel Boric.\u00a0<\/em><\/p>\n<p style=\"text-align: justify;\"><em>La iniciativa, que se enmarca dentro del Plan Brecha Digital Cero de la Subsecretar\u00eda de Telecomunicaciones, permitir\u00e1 entre otras cosas, profundizar en la obligatoriedad de las empresas en prestar servicios de conectividad digital en todas las zonas donde tengan cobertura y fortalecer las atribuciones de fiscalizaci\u00f3n de Subtel.\u00a0<\/em><\/p>\n<p style=\"text-align: justify;\">Tras una larga tramitaci\u00f3n, la C\u00e1mara de Diputados aprob\u00f3 con amplia mayor\u00eda el proyecto que consagra Internet como servicio p\u00fablico. Esto significa que una vez que la ley -impulsada durante el segundo Gobierno de la ex Presidenta Michelle Bachelet- sea promulgada y los reglamentos asociados sean aprobados, la provisi\u00f3n de internet podr\u00e1 ser fiscalizada de la misma forma que la telefon\u00eda m\u00f3vil, a la vez que se habilitar\u00e1n una serie de herramientas en pos de acortar la brecha digital.<\/p>\n<p style=\"text-align: justify;\">\u00abEstamos muy orgullosos de que hemos finalmente aprobado la ley de Internet como servicio p\u00fablico. Una ley que viene a hacerse cargo de esta necesidad del pa\u00eds de acortar la brecha digital, de que hoy d\u00eda no se nos puede quedar nadie fuera del acceso a Internet. En la pandemia descubrimos con mucha fuerza la importancia, lo duro que es para las personas que no tienen un buena conectividad digital, c\u00f3mo eso significa quedar fuera de accesibilidad a servicios, conectividad que hoy d\u00eda es fundamental en esta vida moderna. Es tan grave no tener servicios de Internet en un determinado d\u00eda como a lo mejor que me corten la electricidad y me corten el agua. O a lo mejor hoy d\u00eda es tan impensable para muchos de nosotros no tener acceso a internet como no tener acceso a las calles. Y por eso es que este proyecto de ley que hoy d\u00eda ha sido aprobado por la C\u00e1mara de Diputados, la semana pasada por el Senado y que va a ser ley de la Rep\u00fablica, nos pone tan contentos\u201d, se\u00f1al\u00f3 el ministro de Transporte y Telecomunicaciones, Juan Carlos Mu\u00f1oz.<\/p>\n<p style=\"text-align: justify;\">A su vez, el subsecretario de Telecomunicaciones, Claudio Araya, dijo que, \u201choy dimos un gran paso en el reconocimiento de derechos en una sociedad que es cada vez m\u00e1s digital. Cuando este proyecto sea promulgado y se aprueben todos los reglamentos respectivos, las familias de nuestro pa\u00eds recibir\u00e1n una respuesta clara y oportuna acerca del tiempo que demorar\u00e1n en acceder a los servicios. No hay cupo o no hay factibilidad t\u00e9cnica no podr\u00e1 ser una respuesta de las empresas a la hora de llegar con Internet fijo a las diferentes zonas de nuestro pa\u00eds. Avanzamos con m\u00e1s conectividad digital en todo el territorio nacional, de manera equitativa y superando las brechas de acceso\u201d.<\/p>\n<p style=\"text-align: justify;\">En la regi\u00f3n de Ays\u00e9n, el seremiTT Hans Zimmermann agreg\u00f3 que \u201ceste importante avance normativo viene a consagrar el acceso universal al Internet para todos los habitantes del territorio nacional. Chile ha sido uno de los estados que m\u00e1s tempranamente ha legislado sobre estos aspectos, siendo pioneros a nivel mundial en estas materias. Esta normativa trae aparejada una serie de prorrogativas que buscan consagrar el acceso universal, permitiendo incluso el subsidio a la demanda para las personas que no puedan costear los servicios de Internet. Ya lo ha dicho el ministro Juan Carlos Mu\u00f1oz, contar con Internet en una vivienda en estos tiempos es tan importante como tener agua o electricidad. Es necesario para la educaci\u00f3n, es necesario para el emprendimiento, en fin, para el desarrollo de la vida cotidiana\u201d.<\/p>\n<p style=\"text-align: justify;\">Algunos de los beneficios que se habilitan con la aprobaci\u00f3n de la ley giran en torno a la profundizaci\u00f3n de la obligatoriedad de las empresas en prestar servicios de conectividad digital en todos los lugares donde tengan cobertura, eliminando el concepto de zonas rojas como un limitante a la hora de llegar con servicios a determinadas zonas del pa\u00eds. Por otro lado, la Subsecretar\u00eda de Telecomunicaciones ver\u00e1 fortalecida su labor fiscalizadora y con ello, podr\u00e1 incrementar las sanciones y multas por incumplimientos legales y regulatorios por parte de las empresas de telecomunicaciones; adem\u00e1s de permitir la creaci\u00f3n de mecanismos para otorgar subsidio a la demanda y de esa manera ayudar a las familias a costear los planes de Internet hogar.<\/p>\n<\/div><\/section><\/div><div  style='height:50px' class='hr hr-invisible   avia-builder-el-6  el_after_av_one_full  el_before_av_social_share '><span class='hr-inner ' ><span class='hr-inner-style'><\/span><\/span><\/div><\/p>\n<div  class='av-social-sharing-box  avia-builder-el-7  el_after_av_hr  el_before_av_hr  '><div class='av-share-box'><h5 class='av-share-link-description av-no-toc '>Compartir esta noticia<\/h5><ul class='av-share-box-list noLightbox'><li class='av-share-link av-social-link-facebook' ><a target=\"_blank\" aria-label=\"Compartir en Facebook\" href='https:\/\/www.facebook.com\/sharer.php?u=https:\/\/radiorevelacionfm.cl\/?p=41372&#038;t=Ser%C3%A1%20Ley%3A%20se%20aprueba%20con%20amplia%20mayor%C3%ADa%20proyecto%20que%20consagra%20el%20Internet%20como%20un%20servicio%20p%C3%BAblico' aria-hidden='false' data-av_icon='\ue8f3' data-av_iconfont='entypo-fontello' title='' data-avia-related-tooltip='Compartir en Facebook' rel=\"noopener\"><span class='avia_hidden_link_text'>Compartir en Facebook<\/span><\/a><\/li><li class='av-share-link av-social-link-twitter' ><a target=\"_blank\" aria-label=\"Compartir en Twitter\" href='https:\/\/twitter.com\/share?text=Ser%C3%A1%20Ley%3A%20se%20aprueba%20con%20amplia%20mayor%C3%ADa%20proyecto%20que%20consagra%20el%20Internet%20como%20un%20servicio%20p%C3%BAblico&#038;url=https:\/\/radiorevelacionfm.cl\/?p=41372' aria-hidden='false' data-av_icon='\ue8f1' data-av_iconfont='entypo-fontello' title='' data-avia-related-tooltip='Compartir en Twitter' rel=\"noopener\"><span class='avia_hidden_link_text'>Compartir en Twitter<\/span><\/a><\/li><li class='av-share-link av-social-link-whatsapp' ><a target=\"_blank\" aria-label=\"Compartir en Whatsapp\" href='https:\/\/api.whatsapp.com\/send?text=https:\/\/radiorevelacionfm.cl\/?p=41372' aria-hidden='false' data-av_icon='\uf232' data-av_iconfont='entypo-fontello' title='' data-avia-related-tooltip='Compartir en Whatsapp' rel=\"noopener\"><span class='avia_hidden_link_text'>Compartir en Whatsapp<\/span><\/a><\/li><li class='av-share-link av-social-link-linkedin' ><a target=\"_blank\" aria-label=\"Compartir en LinkedIn\" href='https:\/\/linkedin.com\/shareArticle?mini=true&#038;title=Ser%C3%A1%20Ley%3A%20se%20aprueba%20con%20amplia%20mayor%C3%ADa%20proyecto%20que%20consagra%20el%20Internet%20como%20un%20servicio%20p%C3%BAblico&#038;url=https:\/\/radiorevelacionfm.cl\/?p=41372' aria-hidden='false' data-av_icon='\ue8fc' data-av_iconfont='entypo-fontello' title='' data-avia-related-tooltip='Compartir en LinkedIn' rel=\"noopener\"><span class='avia_hidden_link_text'>Compartir en LinkedIn<\/span><\/a><\/li><li class='av-share-link av-social-link-mail' ><a  aria-label=\"Compartir por correo\" href='mailto:?subject=Ser%C3%A1%20Ley%3A%20se%20aprueba%20con%20amplia%20mayor%C3%ADa%20proyecto%20que%20consagra%20el%20Internet%20como%20un%20servicio%20p%C3%BAblico&#038;body=https:\/\/radiorevelacionfm.cl\/?p=41372' aria-hidden='false' data-av_icon='\ue805' data-av_iconfont='entypo-fontello' title='' data-avia-related-tooltip='Compartir por correo'><span class='avia_hidden_link_text'>Compartir por correo<\/span><\/a><\/li><\/ul><\/div><\/div>\n<div  style='height:50px' class='hr hr-invisible   avia-builder-el-8  el_after_av_social_share  el_before_av_comments_list '><span class='hr-inner ' ><span class='hr-inner-style'><\/span><\/span><\/div>\n<div  class='av-buildercomment  av-blog-meta-html-info-disabled av-blog-meta-tag-disabled  '><\/div>\n","protected":false},"excerpt":{"rendered":"","protected":false},"author":1,"featured_media":41373,"comment_status":"open","ping_status":"open","sticky":false,"template":"","format":"standard","meta":{"footnotes":""},"categories":[61],"tags":[],"class_list":["post-41372","post","type-post","status-publish","format-standard","has-post-thumbnail","hentry","category-nacional"],"jetpack_featured_media_url":"https:\/\/radiorevelacionfm.cl\/wp-content\/uploads\/2024\/04\/20240416_161138-1-1.jpg","_links":{"self":[{"href":"https:\/\/radiorevelacionfm.cl\/index.php?rest_route=\/wp\/v2\/posts\/41372","targetHints":{"allow":["GET"]}}],"collection":[{"href":"https:\/\/radiorevelacionfm.cl\/index.php?rest_route=\/wp\/v2\/posts"}],"about":[{"href":"https:\/\/radiorevelacionfm.cl\/index.php?rest_route=\/wp\/v2\/types\/post"}],"author":[{"embeddable":true,"href":"https:\/\/radiorevelacionfm.cl\/index.php?rest_route=\/wp\/v2\/users\/1"}],"replies":[{"embeddable":true,"href":"https:\/\/radiorevelacionfm.cl\/index.php?rest_route=%2Fwp%2Fv2%2Fcomments&post=41372"}],"version-history":[{"count":1,"href":"https:\/\/radiorevelacionfm.cl\/index.php?rest_route=\/wp\/v2\/posts\/41372\/revisions"}],"predecessor-version":[{"id":41374,"href":"https:\/\/radiorevelacionfm.cl\/index.php?rest_route=\/wp\/v2\/posts\/41372\/revisions\/41374"}],"wp:featuredmedia":[{"embeddable":true,"href":"https:\/\/radiorevelacionfm.cl\/index.php?rest_route=\/wp\/v2\/media\/41373"}],"wp:attachment":[{"href":"https:\/\/radiorevelacionfm.cl\/index.php?rest_route=%2Fwp%2Fv2%2Fmedia&parent=41372"}],"wp:term":[{"taxonomy":"category","embeddable":true,"href":"https:\/\/radiorevelacionfm.cl\/index.php?rest_route=%2Fwp%2Fv2%2Fcategories&post=41372"},{"taxonomy":"post_tag","embeddable":true,"href":"https:\/\/radiorevelacionfm.cl\/index.php?rest_route=%2Fwp%2Fv2%2Ftags&post=41372"}],"curies":[{"name":"wp","href":"https:\/\/api.w.org\/{rel}","templated":true}]}}