{"id":41366,"date":"2024-04-17T18:10:45","date_gmt":"2024-04-17T21:10:45","guid":{"rendered":"https:\/\/radiorevelacionfm.cl\/?p=41366"},"modified":"2024-04-17T18:10:45","modified_gmt":"2024-04-17T21:10:45","slug":"proyecto-fic-recorre-el-sur-de-la-region-identificando-iniciativas-emblematicas-que-se-desarrollan-en-la-reserva-de-la-biosfera-laguna-san-rafael-y-el-guayaneco","status":"publish","type":"post","link":"https:\/\/radiorevelacionfm.cl\/?p=41366","title":{"rendered":"Proyecto FIC recorre el sur de la regi\u00f3n identificando iniciativas emblem\u00e1ticas que se desarrollan en la reserva de la bi\u00f3sfera Laguna San Rafael y el Guayaneco"},"content":{"rendered":"<div class=\"flex_column av_one_full  flex_column_div av-zero-column-padding first  avia-builder-el-0  el_before_av_one_full  avia-builder-el-first  \" style='border-radius:0px; '><div  class='avia-image-container  av-styling-    avia-builder-el-1  avia-builder-el-no-sibling  avia-align-center '  itemprop=\"image\" itemscope=\"itemscope\" itemtype=\"https:\/\/schema.org\/ImageObject\"  ><div class='avia-image-container-inner'><div class='avia-image-overlay-wrap'><img decoding=\"async\" class='wp-image-41367 avia-img-lazy-loading-not-41367 avia_image' src=\"https:\/\/radiorevelacionfm.cl\/wp-content\/uploads\/2024\/04\/guadal-002-1_optimized.jpg\" alt='' title='guadal-002-(1)_optimized' height=\"600\" width=\"800\"  itemprop=\"thumbnailUrl\" srcset=\"https:\/\/radiorevelacionfm.cl\/wp-content\/uploads\/2024\/04\/guadal-002-1_optimized.jpg 800w, https:\/\/radiorevelacionfm.cl\/wp-content\/uploads\/2024\/04\/guadal-002-1_optimized-300x225.jpg 300w, https:\/\/radiorevelacionfm.cl\/wp-content\/uploads\/2024\/04\/guadal-002-1_optimized-768x576.jpg 768w, https:\/\/radiorevelacionfm.cl\/wp-content\/uploads\/2024\/04\/guadal-002-1_optimized-705x529.jpg 705w, https:\/\/radiorevelacionfm.cl\/wp-content\/uploads\/2024\/04\/guadal-002-1_optimized-450x338.jpg 450w, https:\/\/radiorevelacionfm.cl\/wp-content\/uploads\/2024\/04\/guadal-002-1_optimized-600x450.jpg 600w\" sizes=\"(max-width: 800px) 100vw, 800px\" \/><\/div><\/div><\/div><\/div><div class=\"flex_column av_one_full  flex_column_div av-zero-column-padding first  avia-builder-el-2  el_after_av_one_full  el_before_av_one_full  column-top-margin\" style='border-radius:0px; '><section class=\"av_textblock_section \"  itemscope=\"itemscope\" itemtype=\"https:\/\/schema.org\/BlogPosting\" itemprop=\"blogPost\" ><div class='avia_textblock  '   itemprop=\"text\" ><p style=\"text-align: center;\"><span style=\"font-size: 18pt;\"><strong>Proyecto FIC recorre el sur de la regi\u00f3n identificando iniciativas emblem\u00e1ticas que se desarrollan en la reserva de la bi\u00f3sfera Laguna San Rafael y el Guayaneco<\/strong><\/span><\/p>\n<div id=\"gtx-trans\" style=\"position: absolute; left: -50px; top: 4.31534px;\">\n<div class=\"gtx-trans-icon\"><\/div>\n<\/div>\n<\/div><\/section><\/div><div class=\"flex_column av_one_full  flex_column_div av-zero-column-padding first  avia-builder-el-4  el_after_av_one_full  el_before_av_hr  column-top-margin\" style='border-radius:0px; '><section class=\"av_textblock_section \"  itemscope=\"itemscope\" itemtype=\"https:\/\/schema.org\/BlogPosting\" itemprop=\"blogPost\" ><div class='avia_textblock  '   itemprop=\"text\" ><p style=\"text-align: justify;\"><em>Tortel, Cochrane, Puerto Guadal y Puerto R\u00edo Tranquilo son las localidades que se han visitado, en el marco de las actividades que desarrolla la iniciativa, para difundir en las comunidades la existencia de la reserva de la bi\u00f3sfera en la regi\u00f3n,\u00a0 y al mismo tiempo identificar de manera participativa las iniciativas<\/em>\u00a0<em> emblem\u00e1ticas que se est\u00e1n realizando en el territorio de la reserva. <\/em><\/p>\n<p style=\"text-align: justify;\">Socializar la existencia de la Reserva de la Bi\u00f3sfera Laguna San Rafael y el Guayaneco (LSR-G) con las comunidades, adem\u00e1s de identificar las iniciativas emblem\u00e1ticas que se desarrolla en dicho territorio, son parte de las acciones que ejecuta el equipo del proyecto FIC \u00abEstudio de la resiliencia, sustentabilidad y valorizaci\u00f3n de la Reserva de la Bi\u00f3sfera LSR-G\u201d en el sur de la regi\u00f3n.<\/p>\n<p style=\"text-align: justify;\">La iniciativa,\u00a0 liderada por el investigador del Centro de Investigaci\u00f3n en Ecosistemas de la Patagonia (CIEP), Fabien Bourlon, contempla dentro de sus \u00e1mbitos de acci\u00f3n, la realizaci\u00f3n de talleres y levantamientos participativos, que los han llevado a recorrer las comunas de Tortel y Cochrane, as\u00ed como tambi\u00e9n, las localidades de Puerto Guadal y Puerto R\u00edo Tranquilo.<\/p>\n<p style=\"text-align: justify;\">En las distintas localidades, el proyecto ha realizado encuentros con actores de las comunidades, dando a conocer la existencia de la Reserva de la Bi\u00f3sfera LSR-G (decretada el a\u00f1o 1979 por la UNESCO y ampliada en sus l\u00edmites el a\u00f1o 2018) as\u00ed como tambi\u00e9n, socializando las principales caracter\u00edsticas de esta denominaci\u00f3n, las zonas que contempla y su delimitaci\u00f3n territorial.<em> \u201cLa idea de estar en terreno\u00a0 en el marco de la puesta en valor de la Reserva de Bi\u00f3sfera Laguna San Rafael y el Guayeneco, tiene como objetivo generar conciencia dentro de las comunidades de la existencia de esta reserva, que es un reconocimiento internacional, es uno de los 748 lugares del planeta que han sido reconocidos por la UNESCO como relevantes, entonces si podemos difundir y dar a conocer ese patrimonio, podremos posicionar mejor las actividades sociales, culturales y productivas de la regi\u00f3n de Ays\u00e9n en general\u201d<\/em>, se\u00f1ala Fabien Bourlon.<\/p>\n<p style=\"text-align: justify;\">El proyecto, ejecutado por CIEP, gracias al financiamiento otorgado por el Fondo de Innovaci\u00f3n para la Competitividad (FIC) del Gobierno Regional de Ays\u00e9n,\u00a0 busca adem\u00e1s hacer una revisi\u00f3n de la l\u00ednea base que determin\u00f3 la actual delimitaci\u00f3n territorial de la reserva, labor que est\u00e1 siendo desarrollada en colaboraci\u00f3n con la Estaci\u00f3n Patagonia de la Universidad Cat\u00f3lica\u00a0 (una de las entidades asociadas para la ejecuci\u00f3n de la iniciativa)\u00a0; la instalaci\u00f3n y activaci\u00f3n del Comit\u00e9 de Gesti\u00f3n de la Reserva, que\u00a0 ya ha iniciado su proceso de formalizaci\u00f3n, adem\u00e1s de\u00a0 geolocalizar hitos patrimoniales y la puesta en valor de iniciativas colectivas que se est\u00e1n desarrollando en las distintas localidades que forman parte de la reserva.<\/p>\n<p style=\"text-align: justify;\">En la localidad de Puerto Guadal, Marcela R\u00edos, integrante de la Asociaci\u00f3n de Gu\u00edas de Turismo de la Patagonia destac\u00f3 la posibilidad de conocer las implicancias y las potencialidades de habitar en el territorio de la reserva. <em>\u201cBueno, para nosotros como asociaci\u00f3n es muy importante todas estas iniciativas ya sean de educaci\u00f3n y transmisi\u00f3n de informaci\u00f3n para el territorio, as\u00ed que siempre estamos atentos a esta clase de talleres. Para nosotros, obviamente, la reserva la bi\u00f3sfera en Ays\u00e9n es un plus para nuestra regi\u00f3n, es un plus para los habitantes que\u00a0 estamos trabajando en el territorio<\/em>\u201d.<\/p>\n<p style=\"text-align: justify;\">Por su parte, Andr\u00e9s Mu\u00f1oz gu\u00eda de turismo aventura de Puerto R\u00edo Tranquilo valor\u00f3 la posibilidad de acceder a un espacio de conversaci\u00f3n en torno a la reserva de la bi\u00f3sfera y sobre todo poder conocer mejor el patrimonio geol\u00f3gico de la localidad. <em>\u201cLa verdad es que estos temas son s\u00faper importantes ac\u00e1 para las actividades tur\u00edsticas como Capillas de M\u00e1rmol, Glaciar Exploradores, San Rafael, entonces son temas que uno de por s\u00ed ya les ense\u00f1a a los pasajeros, entonces de que vengan personas especializadas en el tema de ense\u00f1arnos a nosotros es mucho m\u00e1s importante tambi\u00e9n para ir mejorando cosas<\/em>\u201d, se\u00f1al\u00f3 Mu\u00f1oz.<\/p>\n<p style=\"text-align: justify;\">En Cochrane en tanto, Katherine de las Nieves, miembro de Nols Patagonia, destac\u00f3 la posibilidad de construir comunidad a trav\u00e9s de este tipo de iniciativas. <em>\u201cMe encanta que estemos trabajando para construir m\u00e1s comunidad, para involucrar a la comunidad en lo que se viene en el futuro, un turismo m\u00e1s sustentable, que se creen instancias donde todos participemos. Me sent\u00ed muy atra\u00edda de venir a escuchar, la mejor forma de que estas iniciativas avancen es que se involucre a la comunidad, que se genere identidad cultural con el concepto, que estemos asociados con la idea y que la hagamos nuestra<\/em>\u201d destac\u00f3.<\/p>\n<p style=\"text-align: justify;\">Finalmente, Fabien Bourlon se\u00f1al\u00f3 que a trav\u00e9s del recorrido por las localidades han logrado visualizar inter\u00e9s de las distintas comunidades respecto de la reserva de la bi\u00f3sfera.<em> \u201cHemos podido percibir un gran inter\u00e9s por parte de actores de la sociedad civil, empresarios, emprendedores, artesanos, prestadores de servicios tur\u00edsticos, por este concepto que es reconocido internacionalmente, porque al ser habitantes de una reserva de bi\u00f3sfera o tener una actividad productiva o de servicio dentro de la reserva, este cobra m\u00e1s valor y m\u00e1s inter\u00e9s para el visitante, entonces, si bien todav\u00eda se conoce poco el concepto, todos entienden que ser parte de una reserva de bi\u00f3sfera puede traer ventajas, tanto como un lugar para el bienestar, para vivir mejor, donde el ser humano tiene una mejor relaci\u00f3n con su entorno, o para actividades productivas que sean destacadas\u201d<\/em>, puntualiz\u00f3 el investigador.<\/p>\n<p style=\"text-align: justify;\"><strong>Reserva de Bi\u00f3sfera Laguna San Rafael y el Guayaneco<\/strong><\/p>\n<p style=\"text-align: justify;\">La regi\u00f3n de Ays\u00e9n cuenta desde el a\u00f1o 1979 con una Reserva de Bi\u00f3sfera, designaci\u00f3n emitida por la UNESCO a trav\u00e9s del programa intergubernamental MAB, siendo un estatus reconocido internacionalmente. Las reservas de bi\u00f3sfera cuentan con ecosistemas terrestres, marinos y costeros y son lugares de aprendizaje para el desarrollo sostenible, donde se intentan aplicar enfoques interdisciplinarios que permitan entender y gestionar los cambios y las interacciones que se producen entre los sistemas sociales y ecol\u00f3gicos. De esta manera, cada sitio propone distintas soluciones para conciliar la conservaci\u00f3n de la biodiversidad con un uso sostenible.<\/p>\n<p style=\"text-align: justify;\">La Reserva de Bi\u00f3sfera Laguna San Rafael y el Guayaneco, es una de las diez con las que cuenta el pa\u00eds (748 a nivel mundial) con una superficie total de 1.784 hect\u00e1reas en su zona n\u00facleo y un total de 5.130. 462 hect\u00e1reas considerando sus zonas de amortiguaci\u00f3n y transici\u00f3n, las que incluyen franjas del territorio de las comunas de Tortel, Cochrane, Chile Chico, R\u00edo Ib\u00e1\u00f1ez y Ays\u00e9n.<\/p>\n<\/div><\/section><\/div><div  style='height:50px' class='hr hr-invisible   avia-builder-el-6  el_after_av_one_full  el_before_av_social_share '><span class='hr-inner ' ><span class='hr-inner-style'><\/span><\/span><\/div><\/p>\n<div  class='av-social-sharing-box  avia-builder-el-7  el_after_av_hr  el_before_av_hr  '><div class='av-share-box'><h5 class='av-share-link-description av-no-toc '>Compartir esta noticia<\/h5><ul class='av-share-box-list noLightbox'><li class='av-share-link av-social-link-facebook' ><a target=\"_blank\" aria-label=\"Compartir en Facebook\" href='https:\/\/www.facebook.com\/sharer.php?u=https:\/\/radiorevelacionfm.cl\/?p=41366&#038;t=Proyecto%20FIC%20recorre%20el%20sur%20de%20la%20regi%C3%B3n%20identificando%20iniciativas%20emblem%C3%A1ticas%20que%20se%20desarrollan%20en%20la%20reserva%20de%20la%20bi%C3%B3sfera%20Laguna%20San%20Rafael%20y%20el%20Guayaneco' aria-hidden='false' data-av_icon='\ue8f3' data-av_iconfont='entypo-fontello' title='' data-avia-related-tooltip='Compartir en Facebook' rel=\"noopener\"><span class='avia_hidden_link_text'>Compartir en Facebook<\/span><\/a><\/li><li class='av-share-link av-social-link-twitter' ><a target=\"_blank\" aria-label=\"Compartir en Twitter\" href='https:\/\/twitter.com\/share?text=Proyecto%20FIC%20recorre%20el%20sur%20de%20la%20regi%C3%B3n%20identificando%20iniciativas%20emblem%C3%A1ticas%20que%20se%20desarrollan%20en%20la%20reserva%20de%20la%20bi%C3%B3sfera%20Laguna%20San%20Rafael%20y%20el%20Guayaneco&#038;url=https:\/\/radiorevelacionfm.cl\/?p=41366' aria-hidden='false' data-av_icon='\ue8f1' data-av_iconfont='entypo-fontello' title='' data-avia-related-tooltip='Compartir en Twitter' rel=\"noopener\"><span class='avia_hidden_link_text'>Compartir en Twitter<\/span><\/a><\/li><li class='av-share-link av-social-link-whatsapp' ><a target=\"_blank\" aria-label=\"Compartir en Whatsapp\" href='https:\/\/api.whatsapp.com\/send?text=https:\/\/radiorevelacionfm.cl\/?p=41366' aria-hidden='false' data-av_icon='\uf232' data-av_iconfont='entypo-fontello' title='' data-avia-related-tooltip='Compartir en Whatsapp' rel=\"noopener\"><span class='avia_hidden_link_text'>Compartir en Whatsapp<\/span><\/a><\/li><li class='av-share-link av-social-link-linkedin' ><a target=\"_blank\" aria-label=\"Compartir en LinkedIn\" href='https:\/\/linkedin.com\/shareArticle?mini=true&#038;title=Proyecto%20FIC%20recorre%20el%20sur%20de%20la%20regi%C3%B3n%20identificando%20iniciativas%20emblem%C3%A1ticas%20que%20se%20desarrollan%20en%20la%20reserva%20de%20la%20bi%C3%B3sfera%20Laguna%20San%20Rafael%20y%20el%20Guayaneco&#038;url=https:\/\/radiorevelacionfm.cl\/?p=41366' aria-hidden='false' data-av_icon='\ue8fc' data-av_iconfont='entypo-fontello' title='' data-avia-related-tooltip='Compartir en LinkedIn' rel=\"noopener\"><span class='avia_hidden_link_text'>Compartir en LinkedIn<\/span><\/a><\/li><li class='av-share-link av-social-link-mail' ><a  aria-label=\"Compartir por correo\" href='mailto:?subject=Proyecto%20FIC%20recorre%20el%20sur%20de%20la%20regi%C3%B3n%20identificando%20iniciativas%20emblem%C3%A1ticas%20que%20se%20desarrollan%20en%20la%20reserva%20de%20la%20bi%C3%B3sfera%20Laguna%20San%20Rafael%20y%20el%20Guayaneco&#038;body=https:\/\/radiorevelacionfm.cl\/?p=41366' aria-hidden='false' data-av_icon='\ue805' data-av_iconfont='entypo-fontello' title='' data-avia-related-tooltip='Compartir por correo'><span class='avia_hidden_link_text'>Compartir por correo<\/span><\/a><\/li><\/ul><\/div><\/div>\n<div  style='height:50px' class='hr hr-invisible   avia-builder-el-8  el_after_av_social_share  el_before_av_comments_list '><span class='hr-inner ' ><span class='hr-inner-style'><\/span><\/span><\/div>\n<div  class='av-buildercomment  av-blog-meta-html-info-disabled av-blog-meta-tag-disabled  '><\/div>\n","protected":false},"excerpt":{"rendered":"","protected":false},"author":1,"featured_media":41367,"comment_status":"open","ping_status":"open","sticky":false,"template":"","format":"standard","meta":{"footnotes":""},"categories":[38],"tags":[],"class_list":["post-41366","post","type-post","status-publish","format-standard","has-post-thumbnail","hentry","category-regional"],"jetpack_featured_media_url":"https:\/\/radiorevelacionfm.cl\/wp-content\/uploads\/2024\/04\/guadal-002-1_optimized.jpg","_links":{"self":[{"href":"https:\/\/radiorevelacionfm.cl\/index.php?rest_route=\/wp\/v2\/posts\/41366","targetHints":{"allow":["GET"]}}],"collection":[{"href":"https:\/\/radiorevelacionfm.cl\/index.php?rest_route=\/wp\/v2\/posts"}],"about":[{"href":"https:\/\/radiorevelacionfm.cl\/index.php?rest_route=\/wp\/v2\/types\/post"}],"author":[{"embeddable":true,"href":"https:\/\/radiorevelacionfm.cl\/index.php?rest_route=\/wp\/v2\/users\/1"}],"replies":[{"embeddable":true,"href":"https:\/\/radiorevelacionfm.cl\/index.php?rest_route=%2Fwp%2Fv2%2Fcomments&post=41366"}],"version-history":[{"count":1,"href":"https:\/\/radiorevelacionfm.cl\/index.php?rest_route=\/wp\/v2\/posts\/41366\/revisions"}],"predecessor-version":[{"id":41368,"href":"https:\/\/radiorevelacionfm.cl\/index.php?rest_route=\/wp\/v2\/posts\/41366\/revisions\/41368"}],"wp:featuredmedia":[{"embeddable":true,"href":"https:\/\/radiorevelacionfm.cl\/index.php?rest_route=\/wp\/v2\/media\/41367"}],"wp:attachment":[{"href":"https:\/\/radiorevelacionfm.cl\/index.php?rest_route=%2Fwp%2Fv2%2Fmedia&parent=41366"}],"wp:term":[{"taxonomy":"category","embeddable":true,"href":"https:\/\/radiorevelacionfm.cl\/index.php?rest_route=%2Fwp%2Fv2%2Fcategories&post=41366"},{"taxonomy":"post_tag","embeddable":true,"href":"https:\/\/radiorevelacionfm.cl\/index.php?rest_route=%2Fwp%2Fv2%2Ftags&post=41366"}],"curies":[{"name":"wp","href":"https:\/\/api.w.org\/{rel}","templated":true}]}}