{"id":41363,"date":"2024-04-16T19:49:39","date_gmt":"2024-04-16T22:49:39","guid":{"rendered":"https:\/\/radiorevelacionfm.cl\/?p=41363"},"modified":"2024-04-16T19:49:39","modified_gmt":"2024-04-16T22:49:39","slug":"con-exito-en-la-convocatoria-comenzo-su-segundo-ano-la-incubadora-de-negocios-regional","status":"publish","type":"post","link":"https:\/\/radiorevelacionfm.cl\/?p=41363","title":{"rendered":"Con \u00e9xito en la convocatoria comenz\u00f3 su segundo a\u00f1o la Incubadora de Negocios Regional"},"content":{"rendered":"<div class=\"flex_column av_one_full  flex_column_div av-zero-column-padding first  avia-builder-el-0  el_before_av_one_full  avia-builder-el-first  \" style='border-radius:0px; '><div  class='avia-image-container  av-styling-    avia-builder-el-1  avia-builder-el-no-sibling  avia-align-center '  itemprop=\"image\" itemscope=\"itemscope\" itemtype=\"https:\/\/schema.org\/ImageObject\"  ><div class='avia-image-container-inner'><div class='avia-image-overlay-wrap'><img decoding=\"async\" class='wp-image-41364 avia-img-lazy-loading-not-41364 avia_image' src=\"https:\/\/radiorevelacionfm.cl\/wp-content\/uploads\/2024\/04\/segundo-aNo-incubadora-5-1_optimized.jpeg\" alt='' title='segundo-a\u00d1o-incubadora-5-(1)_optimized' height=\"600\" width=\"800\"  itemprop=\"thumbnailUrl\" srcset=\"https:\/\/radiorevelacionfm.cl\/wp-content\/uploads\/2024\/04\/segundo-aNo-incubadora-5-1_optimized.jpeg 800w, https:\/\/radiorevelacionfm.cl\/wp-content\/uploads\/2024\/04\/segundo-aNo-incubadora-5-1_optimized-300x225.jpeg 300w, https:\/\/radiorevelacionfm.cl\/wp-content\/uploads\/2024\/04\/segundo-aNo-incubadora-5-1_optimized-768x576.jpeg 768w, https:\/\/radiorevelacionfm.cl\/wp-content\/uploads\/2024\/04\/segundo-aNo-incubadora-5-1_optimized-705x529.jpeg 705w, https:\/\/radiorevelacionfm.cl\/wp-content\/uploads\/2024\/04\/segundo-aNo-incubadora-5-1_optimized-450x338.jpeg 450w, https:\/\/radiorevelacionfm.cl\/wp-content\/uploads\/2024\/04\/segundo-aNo-incubadora-5-1_optimized-600x450.jpeg 600w\" sizes=\"(max-width: 800px) 100vw, 800px\" \/><\/div><\/div><\/div><\/div><div class=\"flex_column av_one_full  flex_column_div av-zero-column-padding first  avia-builder-el-2  el_after_av_one_full  el_before_av_one_full  column-top-margin\" style='border-radius:0px; '><section class=\"av_textblock_section \"  itemscope=\"itemscope\" itemtype=\"https:\/\/schema.org\/BlogPosting\" itemprop=\"blogPost\" ><div class='avia_textblock  '   itemprop=\"text\" ><p style=\"text-align: center;\"><strong><span style=\"font-size: 18pt;\">Con \u00e9xito en la convocatoria comenz\u00f3 su segundo a\u00f1o la Incubadora de Negocios Regional <\/span><\/strong><\/p>\n<div id=\"gtx-trans\" style=\"position: absolute; left: -50px; top: 4.31534px;\">\n<div class=\"gtx-trans-icon\"><\/div>\n<\/div>\n<\/div><\/section><\/div><div class=\"flex_column av_one_full  flex_column_div av-zero-column-padding first  avia-builder-el-4  el_after_av_one_full  el_before_av_hr  column-top-margin\" style='border-radius:0px; '><section class=\"av_textblock_section \"  itemscope=\"itemscope\" itemtype=\"https:\/\/schema.org\/BlogPosting\" itemprop=\"blogPost\" ><div class='avia_textblock  '   itemprop=\"text\" ><p style=\"text-align: justify;\">Tras los positivos resultados obtenidos durante el 2023, con el importante financiamiento de la Corfo y Geogama, inici\u00f3 su trabajo por segundo a\u00f1o consecutivo la primera \u201cIncubadora de Negocios de la regi\u00f3n de Ays\u00e9n\u201d, iniciativa que es operada por Ecoterr\u00e1neo Patagonia Cowork.<\/p>\n<p style=\"text-align: justify;\">Es as\u00ed que, se ha trabajado con total responsabilidad, seriedad y bajo los est\u00e1ndares que las empresas y emprendedores se merecen a la hora de recibir asesor\u00eda, apoyo en su plan de negocios, fortalecimiento en sus estrategias de venta y la importancia que en estos tiempos significa una buena utilizaci\u00f3n del marketing digital, como herramienta primordial para darse a conocer y tener \u00e9xito en los negocios.<\/p>\n<p style=\"text-align: justify;\">Para este a\u00f1o 2024, adem\u00e1s de Puerto Ays\u00e9n, se realizar\u00e1n clases presenciales en Puerto Cisnes y Coyhaique, lo que fue destacado por el director regional de Corfo, Humberto Mar\u00edn, agregando que, \u201cestamos dando inici\u00f3 a la segunda generaci\u00f3n de Ecoterr\u00e1neo, en el marco de la incubadora de negocios que hemos implementado en la regi\u00f3n de Ays\u00e9n. La verdad es que, es un momento muy importante, es un espacio de inicio donde tenemos toda la confianza que suceda lo mismo que en Puerto Ays\u00e9n respecto de la primera generaci\u00f3n, donde un importante n\u00famero de empresarios, empresarias, emprendedores y emprendedoras, pudieron desarrollar sus proyectos de negocio, en un espacio de colaboraci\u00f3n donde exist\u00eda la compa\u00f1\u00eda de otros emprendedores donde se apoyaban mutuamente. Todo esto por supuesto con el trabajo de los profesionales de Ecoterr\u00e1neo, que son a quienes le hemos encargado el desarrollo de esta iniciativa y que lo han realizado de manera muy perfecta, muy correcta\u201d.<\/p>\n<p style=\"text-align: justify;\">Por su parte, Marcela Vidal, gerenta de Ecoterr\u00e1neo, puso en valor el entusiasmo, las ganas y el inter\u00e9s de los nuevos emprendedores seleccionados para el periodo 2024 de la incubadora de negocios. \u201cEsta es la segunda generaci\u00f3n de la incubadora de negocios, es un segundo a\u00f1o, en el cual nosotros damos la bienvenida a todos los seleccionados, a todas las personas que postularon, que llenaron el formulario, que est\u00e1n entusiasmadas en participar. La verdad es que, estamos felices como equipo por todo el recibimiento de las personas, del entusiasmo, hemos tenido una gran convocatoria, as\u00ed es que, esperar que en las clases que vienen las personas sigan con el mismo carisma e inter\u00e9s en participar\u201d.<\/p>\n<p style=\"text-align: justify;\">En Puerto Cisnes este 2024, comienzan las clases presenciales de la incubadora de negocios regional, algo que fue ampliamente valorado por la Concejala de esa comuna, Almendra Silva. \u201cMe parece que es una tremenda oportunidad para las vecinas y vecinos de Puerto Cisnes, Geogama, Ecoterr\u00e1neo, por primera vez ac\u00e1 en la comuna con el apoyo de Corfo, haciendo este encadenamiento para potenciar a nuestra comunidad en algo tan complicado, a veces, pero lleno de oportunidades como es emprender y la convocatoria ha sido bien buena, as\u00ed es que, agradecer a todo el equipo que est\u00e1 detr\u00e1s de esto\u201d.<\/p>\n<p style=\"text-align: justify;\">Con muchas ganas de aprender, escuchar y avanzar en su emprendimiento se mostr\u00f3, Juan Pablo Ormaz\u00e1bal, nuevo integrante de la incubadora de negocios regional de la Corfo y Geogama. \u201cEstoy ac\u00e1 en esta oportunidad para aprender primero que todo, escuchar, participar harto en la academia de esta incubadora. La verdad es que, es una gran oportunidad que se genera ac\u00e1 en la regi\u00f3n, as\u00ed es que, lo que espero es poder conseguir todos los hitos que se tengan que cumplir en lo personal y segundo, escuchar las distintas visiones de diferentes tipos de emprendedores, emprendimientos y tambi\u00e9n aportar con los personales\u201d.<\/p>\n<p style=\"text-align: justify;\">Carmen Guti\u00e9rrez, tambi\u00e9n se incorpora a este segundo a\u00f1o de la incubadora de negocios regional y tiene amplias expectativas de aprender. \u201cYo tengo un emprendimiento de salm\u00f3n ahumado, me gustar\u00eda darle un poco m\u00e1s de forma, tambi\u00e9n quiero que me ense\u00f1en un poco m\u00e1s sobre estrategias de venta, marketing y redes sociales\u201d.<\/p>\n<p style=\"text-align: justify;\">Desde Geogama, su directora de comunicaciones, Paula Rocamora, dijo que, \u201crelevamos que a trav\u00e9s de Ecoterr\u00e1neo nuevamente se est\u00e9 trabajando en apoyo a las y los emprendedores, que requieren de una empresa seria que los impulse y los apoye a seguir adelante potenciando las habilidades y metodolog\u00edas, que con disciplina y perseverancia permiten crear, desarrollar y lograr un negocio exitoso\u201d, puntualiz\u00f3.<\/p>\n<\/div><\/section><\/div><div  style='height:50px' class='hr hr-invisible   avia-builder-el-6  el_after_av_one_full  el_before_av_social_share '><span class='hr-inner ' ><span class='hr-inner-style'><\/span><\/span><\/div><\/p>\n<div  class='av-social-sharing-box  avia-builder-el-7  el_after_av_hr  el_before_av_hr  '><div class='av-share-box'><h5 class='av-share-link-description av-no-toc '>Compartir esta noticia<\/h5><ul class='av-share-box-list noLightbox'><li class='av-share-link av-social-link-facebook' ><a target=\"_blank\" aria-label=\"Compartir en Facebook\" href='https:\/\/www.facebook.com\/sharer.php?u=https:\/\/radiorevelacionfm.cl\/?p=41363&#038;t=Con%20%C3%A9xito%20en%20la%20convocatoria%20comenz%C3%B3%20su%20segundo%20a%C3%B1o%20la%20Incubadora%20de%20Negocios%20Regional' aria-hidden='false' data-av_icon='\ue8f3' data-av_iconfont='entypo-fontello' title='' data-avia-related-tooltip='Compartir en Facebook' rel=\"noopener\"><span class='avia_hidden_link_text'>Compartir en Facebook<\/span><\/a><\/li><li class='av-share-link av-social-link-twitter' ><a target=\"_blank\" aria-label=\"Compartir en Twitter\" href='https:\/\/twitter.com\/share?text=Con%20%C3%A9xito%20en%20la%20convocatoria%20comenz%C3%B3%20su%20segundo%20a%C3%B1o%20la%20Incubadora%20de%20Negocios%20Regional&#038;url=https:\/\/radiorevelacionfm.cl\/?p=41363' aria-hidden='false' data-av_icon='\ue8f1' data-av_iconfont='entypo-fontello' title='' data-avia-related-tooltip='Compartir en Twitter' rel=\"noopener\"><span class='avia_hidden_link_text'>Compartir en Twitter<\/span><\/a><\/li><li class='av-share-link av-social-link-whatsapp' ><a target=\"_blank\" aria-label=\"Compartir en Whatsapp\" href='https:\/\/api.whatsapp.com\/send?text=https:\/\/radiorevelacionfm.cl\/?p=41363' aria-hidden='false' data-av_icon='\uf232' data-av_iconfont='entypo-fontello' title='' data-avia-related-tooltip='Compartir en Whatsapp' rel=\"noopener\"><span class='avia_hidden_link_text'>Compartir en Whatsapp<\/span><\/a><\/li><li class='av-share-link av-social-link-linkedin' ><a target=\"_blank\" aria-label=\"Compartir en LinkedIn\" href='https:\/\/linkedin.com\/shareArticle?mini=true&#038;title=Con%20%C3%A9xito%20en%20la%20convocatoria%20comenz%C3%B3%20su%20segundo%20a%C3%B1o%20la%20Incubadora%20de%20Negocios%20Regional&#038;url=https:\/\/radiorevelacionfm.cl\/?p=41363' aria-hidden='false' data-av_icon='\ue8fc' data-av_iconfont='entypo-fontello' title='' data-avia-related-tooltip='Compartir en LinkedIn' rel=\"noopener\"><span class='avia_hidden_link_text'>Compartir en LinkedIn<\/span><\/a><\/li><li class='av-share-link av-social-link-mail' ><a  aria-label=\"Compartir por correo\" href='mailto:?subject=Con%20%C3%A9xito%20en%20la%20convocatoria%20comenz%C3%B3%20su%20segundo%20a%C3%B1o%20la%20Incubadora%20de%20Negocios%20Regional&#038;body=https:\/\/radiorevelacionfm.cl\/?p=41363' aria-hidden='false' data-av_icon='\ue805' data-av_iconfont='entypo-fontello' title='' data-avia-related-tooltip='Compartir por correo'><span class='avia_hidden_link_text'>Compartir por correo<\/span><\/a><\/li><\/ul><\/div><\/div>\n<div  style='height:50px' class='hr hr-invisible   avia-builder-el-8  el_after_av_social_share  el_before_av_comments_list '><span class='hr-inner ' ><span class='hr-inner-style'><\/span><\/span><\/div>\n<div  class='av-buildercomment  av-blog-meta-html-info-disabled av-blog-meta-tag-disabled  '><\/div>\n","protected":false},"excerpt":{"rendered":"","protected":false},"author":1,"featured_media":41364,"comment_status":"open","ping_status":"open","sticky":false,"template":"","format":"standard","meta":{"footnotes":""},"categories":[38],"tags":[],"class_list":["post-41363","post","type-post","status-publish","format-standard","has-post-thumbnail","hentry","category-regional"],"jetpack_featured_media_url":"https:\/\/radiorevelacionfm.cl\/wp-content\/uploads\/2024\/04\/segundo-aNo-incubadora-5-1_optimized.jpeg","_links":{"self":[{"href":"https:\/\/radiorevelacionfm.cl\/index.php?rest_route=\/wp\/v2\/posts\/41363","targetHints":{"allow":["GET"]}}],"collection":[{"href":"https:\/\/radiorevelacionfm.cl\/index.php?rest_route=\/wp\/v2\/posts"}],"about":[{"href":"https:\/\/radiorevelacionfm.cl\/index.php?rest_route=\/wp\/v2\/types\/post"}],"author":[{"embeddable":true,"href":"https:\/\/radiorevelacionfm.cl\/index.php?rest_route=\/wp\/v2\/users\/1"}],"replies":[{"embeddable":true,"href":"https:\/\/radiorevelacionfm.cl\/index.php?rest_route=%2Fwp%2Fv2%2Fcomments&post=41363"}],"version-history":[{"count":1,"href":"https:\/\/radiorevelacionfm.cl\/index.php?rest_route=\/wp\/v2\/posts\/41363\/revisions"}],"predecessor-version":[{"id":41365,"href":"https:\/\/radiorevelacionfm.cl\/index.php?rest_route=\/wp\/v2\/posts\/41363\/revisions\/41365"}],"wp:featuredmedia":[{"embeddable":true,"href":"https:\/\/radiorevelacionfm.cl\/index.php?rest_route=\/wp\/v2\/media\/41364"}],"wp:attachment":[{"href":"https:\/\/radiorevelacionfm.cl\/index.php?rest_route=%2Fwp%2Fv2%2Fmedia&parent=41363"}],"wp:term":[{"taxonomy":"category","embeddable":true,"href":"https:\/\/radiorevelacionfm.cl\/index.php?rest_route=%2Fwp%2Fv2%2Fcategories&post=41363"},{"taxonomy":"post_tag","embeddable":true,"href":"https:\/\/radiorevelacionfm.cl\/index.php?rest_route=%2Fwp%2Fv2%2Ftags&post=41363"}],"curies":[{"name":"wp","href":"https:\/\/api.w.org\/{rel}","templated":true}]}}